{"id":3382,"date":"2026-07-15T13:42:43","date_gmt":"2026-07-15T13:42:43","guid":{"rendered":"https:\/\/gundem59.com.tr\/?p=3382"},"modified":"2026-07-15T13:42:43","modified_gmt":"2026-07-15T13:42:43","slug":"selim-imamoglunun-paylastigi-iddia-edilen-yat-fotografi-tartisma-yaratti","status":"publish","type":"post","link":"https:\/\/gundem59.com.tr\/?p=3382","title":{"rendered":"Selim \u0130mamo\u011flu&#8217;nun Payla\u015ft\u0131\u011f\u0131 \u0130ddia Edilen Yat Foto\u011fraf\u0131 Tart\u0131\u015fma Yaratt\u0131"},"content":{"rendered":"\n<p class=\"wp-block-paragraph\">Tutuklu \u0130stanbul B\u00fcy\u00fck\u015fehir Belediye Ba\u015fkan\u0131 Ekrem \u0130mamo\u011flu\u2019nun o\u011flu Selim \u0130mamo\u011flu\u2019na ait oldu\u011fu \u00f6ne s\u00fcr\u00fclen bir yat tatili foto\u011fraf\u0131 sosyal medyada g\u00fcndem oldu. Ki\u015fisel Instagram hesab\u0131ndan payla\u015f\u0131ld\u0131\u011f\u0131 iddia edilen g\u00f6r\u00fcnt\u00fcde yer alan yat\u0131n ta\u015f\u0131d\u0131\u011f\u0131 bayrak, kamuoyunda yeni bir tart\u0131\u015fman\u0131n fitilini ate\u015fledi.<\/p>\n\n\n\n<h2 class=\"wp-block-heading\">Marshall Adalar\u0131 Bayra\u011f\u0131 Dikkat \u00c7ekti<\/h2>\n\n\n\n<p class=\"wp-block-paragraph\">Sosyal medyada h\u0131zla yay\u0131lan foto\u011frafta, l\u00fcks yat\u0131n k\u0131\u00e7 k\u0131sm\u0131nda Marshall Adalar\u0131 bayra\u011f\u0131n\u0131n bulundu\u011fu g\u00f6r\u00fcld\u00fc. Denizcilik sekt\u00f6r\u00fcnde &#8220;kolay bayrak&#8221; olarak bilinen uygulama kapsam\u0131nda kullan\u0131lan bayrak, \u00f6zellikle vergi avantajlar\u0131 ve daha esnek denetim ko\u015fullar\u0131 nedeniyle uluslararas\u0131 yat ve gemi sahipleri taraf\u0131ndan tercih ediliyor.<\/p>\n\n\n\n<p class=\"wp-block-paragraph\">Foto\u011fraf\u0131n yay\u0131lmas\u0131n\u0131n ard\u0131ndan \u00e7ok say\u0131da kullan\u0131c\u0131, ekonomik s\u0131k\u0131nt\u0131lar\u0131n ya\u015fand\u0131\u011f\u0131 bir d\u00f6nemde ortaya \u00e7\u0131kan g\u00f6r\u00fcnt\u00fcler \u00fczerinden \u00e7e\u015fitli de\u011ferlendirmelerde bulundu.<\/p>\n\n\n\n<figure class=\"wp-block-image size-full\"><img  title=\"\" loading=\"lazy\" decoding=\"async\" width=\"640\" height=\"783\" src=\"https:\/\/gundem59.com.tr\/wp-content\/uploads\/2026\/07\/selim-imamogluyla-ilgili-cok-k-20055004-8196_1_m.webp\"  alt=\"selim-imamogluyla-ilgili-cok-k-20055004-8196_1_m Selim \u0130mamo\u011flu&#039;nun Payla\u015ft\u0131\u011f\u0131 \u0130ddia Edilen Yat Foto\u011fraf\u0131 Tart\u0131\u015fma Yaratt\u0131\"  class=\"wp-image-3384\" srcset=\"https:\/\/gundem59.com.tr\/wp-content\/uploads\/2026\/07\/selim-imamogluyla-ilgili-cok-k-20055004-8196_1_m.webp 640w, https:\/\/gundem59.com.tr\/wp-content\/uploads\/2026\/07\/selim-imamogluyla-ilgili-cok-k-20055004-8196_1_m-245x300.webp 245w\" sizes=\"auto, (max-width: 640px) 100vw, 640px\" \/><\/figure>\n\n\n\n<h2 class=\"wp-block-heading\">&#8220;Kolay Bayrak&#8221; Sistemi Nedir?<\/h2>\n\n\n\n<p class=\"wp-block-paragraph\">Denizcilik sekt\u00f6r\u00fcnde &#8220;kolay bayrak&#8221; ya da &#8220;uygun bayrak&#8221; olarak adland\u0131r\u0131lan sistem, gemi ve yat sahiplerinin ara\u00e7lar\u0131n\u0131 kendi \u00fclkeleri yerine farkl\u0131 \u00fclkelerin siciline kaydettirmesi anlam\u0131na geliyor.<\/p>\n\n\n\n<p class=\"wp-block-paragraph\">Bu uygulama kapsam\u0131nda en \u00e7ok tercih edilen \u00fclkeler aras\u0131nda Marshall Adalar\u0131, Panama ve Liberya bulunuyor. S\u00f6z konusu sistem sayesinde yat ve gemi sahipleri;<\/p>\n\n\n\n<ul class=\"wp-block-list\">\n<li>Daha d\u00fc\u015f\u00fck vergi y\u00fck\u00fc,<\/li>\n\n\n\n<li>Daha d\u00fc\u015f\u00fck kay\u0131t maliyetleri,<\/li>\n\n\n\n<li>Esnek \u00e7al\u0131\u015fma ve denetim kurallar\u0131,<\/li>\n\n\n\n<li>Daha h\u0131zl\u0131 tescil i\u015flemleri<\/li>\n<\/ul>\n\n\n\n<p class=\"wp-block-paragraph\">gibi avantajlardan yararlanabiliyor.<\/p>\n\n\n\n<p class=\"wp-block-paragraph\">Uluslararas\u0131 denizcilik sekt\u00f6r\u00fcnde yayg\u0131n olarak kullan\u0131lan bu uygulama yasal \u00e7er\u00e7evede ger\u00e7ekle\u015ftiriliyor.<\/p>\n\n\n\n<figure class=\"wp-block-image size-full\"><img  title=\"\" loading=\"lazy\" decoding=\"async\" width=\"640\" height=\"642\" src=\"https:\/\/gundem59.com.tr\/wp-content\/uploads\/2026\/07\/selim-imamogluyla-ilgili-cok-k-56902218-8064_1_m.webp\"  alt=\"selim-imamogluyla-ilgili-cok-k-56902218-8064_1_m Selim \u0130mamo\u011flu&#039;nun Payla\u015ft\u0131\u011f\u0131 \u0130ddia Edilen Yat Foto\u011fraf\u0131 Tart\u0131\u015fma Yaratt\u0131\"  class=\"wp-image-3385\" srcset=\"https:\/\/gundem59.com.tr\/wp-content\/uploads\/2026\/07\/selim-imamogluyla-ilgili-cok-k-56902218-8064_1_m.webp 640w, https:\/\/gundem59.com.tr\/wp-content\/uploads\/2026\/07\/selim-imamogluyla-ilgili-cok-k-56902218-8064_1_m-300x300.webp 300w, https:\/\/gundem59.com.tr\/wp-content\/uploads\/2026\/07\/selim-imamogluyla-ilgili-cok-k-56902218-8064_1_m-150x150.webp 150w\" sizes=\"auto, (max-width: 640px) 100vw, 640px\" \/><\/figure>\n\n\n\n<h2 class=\"wp-block-heading\">Sosyal Medyada Geni\u015f Yank\u0131 Uyand\u0131rd\u0131<\/h2>\n\n\n\n<p class=\"wp-block-paragraph\">G\u00f6r\u00fcnt\u00fclerin payla\u015f\u0131lmas\u0131n\u0131n ard\u0131ndan sosyal medyada farkl\u0131 g\u00f6r\u00fc\u015fler \u00f6ne \u00e7\u0131kt\u0131. Baz\u0131 kullan\u0131c\u0131lar foto\u011fraf\u0131n ekonomik ko\u015fullar nedeniyle kamuoyunda tepki olu\u015fturdu\u011funu savunurken, baz\u0131 kullan\u0131c\u0131lar ise yat\u0131n sahipli\u011fi ve kullan\u0131m\u0131na ili\u015fkin net bilgilerin ortaya \u00e7\u0131kmadan yorum yap\u0131lmamas\u0131 gerekti\u011fini ifade etti.<\/p>\n\n\n\n<p class=\"wp-block-paragraph\">Foto\u011fraf\u0131n yay\u0131nlanmas\u0131n\u0131n ard\u0131ndan Selim \u0130mamo\u011flu veya \u0130mamo\u011flu ailesi taraf\u0131ndan konuya ili\u015fkin resmi bir a\u00e7\u0131klama yap\u0131lmad\u0131.<\/p>\n\n\n\n<p class=\"wp-block-paragraph\">\u00d6te yandan yat\u0131n m\u00fclkiyeti, kullan\u0131m \u015fekli veya payla\u015f\u0131m\u0131n do\u011frulu\u011funa ili\u015fkin resmi makamlar taraf\u0131ndan do\u011frulanm\u0131\u015f herhangi bir bilgi bulunmuyor.<\/p>\n\n\n\n<p class=\"wp-block-paragraph\">&#x1f449; T\u00fcrkiye g\u00fcndeminden en g\u00fcncel haberler i\u00e7in;<\/p>\n\n\n\n<p class=\"wp-block-paragraph\">&#x1f310; <a href=\"http:\/\/www.gundem59.com.tr\/\">www.gundem59.com.tr<\/a><\/p>\n\n\n\n<p class=\"wp-block-paragraph\">&#x1f310; <a href=\"http:\/\/www.turkiyemhaber.com\/\">www.turkiyemhaber.com<\/a><\/p>\n\n\n\n<p class=\"wp-block-paragraph\">&#x1f310; <a href=\"http:\/\/www.gundem44.com.tr\/\">www.gundem44.com.tr<\/a><\/p>\n\n\n\n<p class=\"wp-block-paragraph\">&#x1f310; <a href=\"http:\/\/www.gundem34haber.com.tr\/\">www.gundem34haber.com.tr<\/a><\/p>\n\n\n\n<p class=\"wp-block-paragraph\">&#x1f310; <a href=\"http:\/\/www.saray59.com.tr\/\">www.saray59.com.tr<\/a><\/p>\n\n\n\n<p class=\"wp-block-paragraph\">&#x1f4fa; <a href=\"http:\/\/www.turkiyemhabertv.com\/\">www.turkiyemhabertv.com<\/a><\/p>\n\n\n\n<p class=\"wp-block-paragraph\">&#x1f4fb; <a href=\"http:\/\/www.turkiyemradyo.com\/\">www.turkiyemradyo.com<\/a><\/p>\n\n\n\n<p class=\"wp-block-paragraph\">&#x1f4f1; @gundem59__<\/p>\n\n\n\n<p class=\"wp-block-paragraph\">&#x1f4f1; @turkiyemhaber_tr<\/p>\n\n\n\n<p class=\"wp-block-paragraph\">#Selim\u0130mamo\u011flu #Ekrem\u0130mamo\u011flu #Yat #MarshallAdalar\u0131 #KolayBayrak #G\u00fcndem #Siyaset #T\u00fcrkiye #\u0130stanbul #SonDakika #G\u00fcncelHaber #Tatil #Denizcilik #SosyalMedya #Politika #Gundem59 #TurkiyemHaber #Gundem44 #Gundem34Haber #Saray59 #TurkiyemHaberTV #TurkiyemRadyo<\/p>\n","protected":false},"excerpt":{"rendered":"<p>Tutuklu \u0130stanbul B\u00fcy\u00fck\u015fehir Belediye Ba\u015fkan\u0131 Ekrem \u0130mamo\u011flu\u2019nun o\u011flu Selim \u0130mamo\u011flu\u2019na ait oldu\u011fu \u00f6ne s\u00fcr\u00fclen bir&#8230;<\/p>\n","protected":false},"author":1,"featured_media":3383,"comment_status":"closed","ping_status":"closed","sticky":false,"template":"","format":"standard","meta":{"footnotes":""},"categories":[52],"tags":[],"ppma_author":[57],"class_list":["post-3382","post","type-post","status-publish","format-standard","has-post-thumbnail","hentry","category-politika"],"authors":[{"term_id":57,"user_id":1,"is_guest":0,"slug":"admin","display_name":"Alp Aslan","avatar_url":"https:\/\/secure.gravatar.com\/avatar\/07c18c5ad3350b025db8f3328450e071acb435c703e565899c880c63362f137a?s=96&d=mm&r=g","author_category":"1","first_name":"Alp Aslan","last_name":"ER\u0130N","user_url":"http:\/\/www.gundem59.com.tr","job_title":"","description":""}],"_links":{"self":[{"href":"https:\/\/gundem59.com.tr\/index.php?rest_route=\/wp\/v2\/posts\/3382","targetHints":{"allow":["GET"]}}],"collection":[{"href":"https:\/\/gundem59.com.tr\/index.php?rest_route=\/wp\/v2\/posts"}],"about":[{"href":"https:\/\/gundem59.com.tr\/index.php?rest_route=\/wp\/v2\/types\/post"}],"author":[{"embeddable":true,"href":"https:\/\/gundem59.com.tr\/index.php?rest_route=\/wp\/v2\/users\/1"}],"replies":[{"embeddable":true,"href":"https:\/\/gundem59.com.tr\/index.php?rest_route=%2Fwp%2Fv2%2Fcomments&post=3382"}],"version-history":[{"count":1,"href":"https:\/\/gundem59.com.tr\/index.php?rest_route=\/wp\/v2\/posts\/3382\/revisions"}],"predecessor-version":[{"id":3386,"href":"https:\/\/gundem59.com.tr\/index.php?rest_route=\/wp\/v2\/posts\/3382\/revisions\/3386"}],"wp:featuredmedia":[{"embeddable":true,"href":"https:\/\/gundem59.com.tr\/index.php?rest_route=\/wp\/v2\/media\/3383"}],"wp:attachment":[{"href":"https:\/\/gundem59.com.tr\/index.php?rest_route=%2Fwp%2Fv2%2Fmedia&parent=3382"}],"wp:term":[{"taxonomy":"category","embeddable":true,"href":"https:\/\/gundem59.com.tr\/index.php?rest_route=%2Fwp%2Fv2%2Fcategories&post=3382"},{"taxonomy":"post_tag","embeddable":true,"href":"https:\/\/gundem59.com.tr\/index.php?rest_route=%2Fwp%2Fv2%2Ftags&post=3382"},{"taxonomy":"author","embeddable":true,"href":"https:\/\/gundem59.com.tr\/index.php?rest_route=%2Fwp%2Fv2%2Fppma_author&post=3382"}],"curies":[{"name":"wp","href":"https:\/\/api.w.org\/{rel}","templated":true}]}}