{"id":3292,"date":"2026-07-14T15:48:38","date_gmt":"2026-07-14T15:48:38","guid":{"rendered":"https:\/\/gundem59.com.tr\/?p=3292"},"modified":"2026-07-14T15:48:39","modified_gmt":"2026-07-14T15:48:39","slug":"%f0%9f%9a%8d-tekirdagda-15-temmuzda-toplu-ulasim-ucretsiz-olacak","status":"publish","type":"post","link":"https:\/\/gundem59.com.tr\/?p=3292","title":{"rendered":"&#x1f68d; Tekirda\u011f&#8217;da 15 Temmuz&#8217;da Toplu Ula\u015f\u0131m \u00dccretsiz Olacak"},"content":{"rendered":"\n<p class=\"wp-block-paragraph\">Tekirda\u011f B\u00fcy\u00fck\u015fehir Belediyesi, 15 Temmuz Demokrasi ve Milli Birlik G\u00fcn\u00fc kapsam\u0131nda vatanda\u015flara \u00fccretsiz ula\u015f\u0131m hizmeti sunaca\u011f\u0131n\u0131 duyurdu.<\/p>\n\n\n\n<p class=\"wp-block-paragraph\">Belediye b\u00fcnyesinde hizmet veren <strong>TEKULA\u015e&#8217;a ba\u011fl\u0131 t\u00fcm toplu ta\u015f\u0131ma ara\u00e7lar\u0131<\/strong>, 15 Temmuz Sal\u0131 g\u00fcn\u00fc il genelinde g\u00fcn boyunca \u00fccretsiz olarak hizmet verecek.<\/p>\n\n\n\n<p class=\"wp-block-paragraph\">Uygulama sayesinde vatanda\u015flar\u0131n d\u00fczenlenecek anma programlar\u0131na daha kolay ula\u015fabilmesi ve \u015fehir i\u00e7i ula\u015f\u0131m ihtiya\u00e7lar\u0131n\u0131 rahat bir \u015fekilde kar\u015f\u0131layabilmesi hedefleniyor.<\/p>\n\n\n\n<p class=\"wp-block-paragraph\">Tekirda\u011f B\u00fcy\u00fck\u015fehir Belediyesi taraf\u0131ndan yap\u0131lan a\u00e7\u0131klamada, \u00fccretsiz ula\u015f\u0131m uygulamas\u0131n\u0131n il genelinde ge\u00e7erli olaca\u011f\u0131 belirtilirken, vatanda\u015flar 15 Temmuz boyunca TEKULA\u015e&#8217;a ba\u011fl\u0131 t\u00fcm otob\u00fcs hatlar\u0131ndan herhangi bir \u00fccret \u00f6demeden yararlanabilecek.<\/p>\n\n\n\n<p class=\"wp-block-paragraph\">Yetkililer, uygulaman\u0131n hem anma etkinliklerine kat\u0131l\u0131m\u0131 art\u0131rmay\u0131 hem de toplu ula\u015f\u0131m\u0131 daha eri\u015filebilir hale getirmeyi ama\u00e7lad\u0131\u011f\u0131n\u0131 ifade etti.<\/p>\n\n\n\n<p class=\"wp-block-paragraph\">&#x1f449; T\u00fcrkiye g\u00fcndeminden en g\u00fcncel haberler i\u00e7in;<\/p>\n\n\n\n<p class=\"wp-block-paragraph\">&#x1f310; <a href=\"http:\/\/www.gundem59.com.tr\/\">www.gundem59.com.tr<\/a><\/p>\n\n\n\n<p class=\"wp-block-paragraph\">&#x1f310; <a href=\"http:\/\/www.turkiyemhaber.com\/\">www.turkiyemhaber.com<\/a><\/p>\n\n\n\n<p class=\"wp-block-paragraph\">&#x1f310; <a href=\"http:\/\/www.gundem44.com.tr\/\">www.gundem44.com.tr<\/a><\/p>\n\n\n\n<p class=\"wp-block-paragraph\">&#x1f310; <a href=\"http:\/\/www.gundem34haber.com.tr\/\">www.gundem34haber.com.tr<\/a><\/p>\n\n\n\n<p class=\"wp-block-paragraph\">&#x1f310; <a href=\"http:\/\/www.saray59.com.tr\/\">www.saray59.com.tr<\/a><\/p>\n\n\n\n<p class=\"wp-block-paragraph\">&#x1f4fa; <a href=\"http:\/\/www.turkiyemhabertv.com\/\">www.turkiyemhabertv.com<\/a><\/p>\n\n\n\n<p class=\"wp-block-paragraph\">&#x1f4fb; <a href=\"http:\/\/www.turkiyemradyo.com\/\">www.turkiyemradyo.com<\/a><\/p>\n\n\n\n<p class=\"wp-block-paragraph\">&#x1f4f1; @gundem59__<\/p>\n\n\n\n<p class=\"wp-block-paragraph\">&#x1f4f1; @turkiyemhaber_tr<\/p>\n\n\n\n<p class=\"wp-block-paragraph\">#SonDakika #Tekirda\u011f #15Temmuz #DemokrasiVeMilliBirlikG\u00fcn\u00fc #TEKULA\u015e #\u00dccretsizUla\u015f\u0131m #TopluTa\u015f\u0131ma #Tekirda\u011fB\u00fcy\u00fck\u015fehirBelediyesi #S\u00fcleymanpa\u015fa #\u00c7orlu #\u00c7erkezk\u00f6y #Kapakl\u0131 #Ergene #Malkara #Muratl\u0131 #\u015eark\u00f6y #Saray #Hayrabolu #MarmaraEre\u011flisi #YerelHaber #Tekirda\u011fHaber #G\u00fcndem #T\u00fcrkiye #Gundem59 #TurkiyemHaber #Gundem44 #Gundem34Haber #Saray59 #TurkiyemHaberTV #TurkiyemRadyo<\/p>\n","protected":false},"excerpt":{"rendered":"<p>Tekirda\u011f B\u00fcy\u00fck\u015fehir Belediyesi, 15 Temmuz Demokrasi ve Milli Birlik G\u00fcn\u00fc kapsam\u0131nda vatanda\u015flara \u00fccretsiz ula\u015f\u0131m hizmeti&#8230;<\/p>\n","protected":false},"author":1,"featured_media":3293,"comment_status":"closed","ping_status":"closed","sticky":false,"template":"","format":"standard","meta":{"footnotes":""},"categories":[59],"tags":[],"ppma_author":[57],"class_list":["post-3292","post","type-post","status-publish","format-standard","has-post-thumbnail","hentry","category-son-dakika"],"authors":[{"term_id":57,"user_id":1,"is_guest":0,"slug":"admin","display_name":"Alp Aslan","avatar_url":"https:\/\/secure.gravatar.com\/avatar\/07c18c5ad3350b025db8f3328450e071acb435c703e565899c880c63362f137a?s=96&d=mm&r=g","author_category":"1","first_name":"Alp Aslan","last_name":"ER\u0130N","user_url":"http:\/\/www.gundem59.com.tr","job_title":"","description":""}],"_links":{"self":[{"href":"https:\/\/gundem59.com.tr\/index.php?rest_route=\/wp\/v2\/posts\/3292","targetHints":{"allow":["GET"]}}],"collection":[{"href":"https:\/\/gundem59.com.tr\/index.php?rest_route=\/wp\/v2\/posts"}],"about":[{"href":"https:\/\/gundem59.com.tr\/index.php?rest_route=\/wp\/v2\/types\/post"}],"author":[{"embeddable":true,"href":"https:\/\/gundem59.com.tr\/index.php?rest_route=\/wp\/v2\/users\/1"}],"replies":[{"embeddable":true,"href":"https:\/\/gundem59.com.tr\/index.php?rest_route=%2Fwp%2Fv2%2Fcomments&post=3292"}],"version-history":[{"count":1,"href":"https:\/\/gundem59.com.tr\/index.php?rest_route=\/wp\/v2\/posts\/3292\/revisions"}],"predecessor-version":[{"id":3294,"href":"https:\/\/gundem59.com.tr\/index.php?rest_route=\/wp\/v2\/posts\/3292\/revisions\/3294"}],"wp:featuredmedia":[{"embeddable":true,"href":"https:\/\/gundem59.com.tr\/index.php?rest_route=\/wp\/v2\/media\/3293"}],"wp:attachment":[{"href":"https:\/\/gundem59.com.tr\/index.php?rest_route=%2Fwp%2Fv2%2Fmedia&parent=3292"}],"wp:term":[{"taxonomy":"category","embeddable":true,"href":"https:\/\/gundem59.com.tr\/index.php?rest_route=%2Fwp%2Fv2%2Fcategories&post=3292"},{"taxonomy":"post_tag","embeddable":true,"href":"https:\/\/gundem59.com.tr\/index.php?rest_route=%2Fwp%2Fv2%2Ftags&post=3292"},{"taxonomy":"author","embeddable":true,"href":"https:\/\/gundem59.com.tr\/index.php?rest_route=%2Fwp%2Fv2%2Fppma_author&post=3292"}],"curies":[{"name":"wp","href":"https:\/\/api.w.org\/{rel}","templated":true}]}}