{"id":3246,"date":"2026-07-14T12:25:44","date_gmt":"2026-07-14T12:25:44","guid":{"rendered":"https:\/\/gundem59.com.tr\/?p=3246"},"modified":"2026-07-14T12:25:45","modified_gmt":"2026-07-14T12:25:45","slug":"corluda-facianin-esiginden-donuldu-tirin-carptigi-direk-cami-avlusuna-devrildi","status":"publish","type":"post","link":"https:\/\/gundem59.com.tr\/?p=3246","title":{"rendered":"\u00c7orlu&#8217;da Facian\u0131n E\u015fi\u011finden D\u00f6n\u00fcld\u00fc! T\u0131r\u0131n \u00c7arpt\u0131\u011f\u0131 Direk Cami Avlusuna Devrildi"},"content":{"rendered":"\n<p class=\"wp-block-paragraph\">Tekirda\u011f&#8217;\u0131n \u00c7orlu il\u00e7esinde meydana gelen kazada, d\u00f6n\u00fc\u015f yapan konteyner y\u00fckl\u00fc bir t\u0131r\u0131n \u00e7arpt\u0131\u011f\u0131 elektrik dire\u011fi cami avlusuna devrildi. \u015eans eseri olayda yaralanan olmazken, maddi hasar meydana geldi.<\/p>\n\n\n\n<h2 class=\"wp-block-heading\">Elektrik Dire\u011fi Yerinden Koptu<\/h2>\n\n\n\n<p class=\"wp-block-paragraph\">Kaza, ak\u015fam saatlerinde \u00c7orlu il\u00e7esine ba\u011fl\u0131 H\u0131d\u0131ra\u011fa Mahallesi Ihlamur Sokak \u00fczerinde meydana geldi. Edinilen bilgilere g\u00f6re, Cevizli Sokak y\u00f6n\u00fcne d\u00f6n\u00fc\u015f yapan konteyner y\u00fckl\u00fc t\u0131r, manevra s\u0131ras\u0131nda yol ayr\u0131m\u0131nda bulunan elektrik dire\u011fine \u00e7arpt\u0131.<\/p>\n\n\n\n<p class=\"wp-block-paragraph\">\u00c7arpman\u0131n etkisiyle yerinden \u00e7\u0131kan elektrik dire\u011fi, yak\u0131ndaki Karaca Ahmet Camii&#8217;nin avlusuna devrildi.<\/p>\n\n\n\n<h2 class=\"wp-block-heading\">Facia K\u0131l Pay\u0131 Atlat\u0131ld\u0131<\/h2>\n\n\n\n<p class=\"wp-block-paragraph\">Olay s\u0131ras\u0131nda cami avlusunda ve \u00e7evrede kimsenin bulunmamas\u0131 olas\u0131 bir faciay\u0131 \u00f6nledi. Kazada herhangi bir yaralanma ya\u015fanmazken, elektrik dire\u011finde ve \u00e7evrede maddi hasar olu\u015ftu.<\/p>\n\n\n\n<p class=\"wp-block-paragraph\">Kazan\u0131n ard\u0131ndan b\u00f6lgeye polis ekipleri sevk edildi.<\/p>\n\n\n\n<h2 class=\"wp-block-heading\">\u0130nceleme Ba\u015flat\u0131ld\u0131<\/h2>\n\n\n\n<p class=\"wp-block-paragraph\">Olay yerine gelen trafik ekipleri taraf\u0131ndan kaza ile ilgili tutanak tutulurken, devrilen dire\u011fin kald\u0131r\u0131lmas\u0131 ve b\u00f6lgede g\u00fcvenlik \u00f6nlemlerinin al\u0131nmas\u0131 i\u00e7in \u00e7al\u0131\u015fma ba\u015flat\u0131ld\u0131.<\/p>\n\n\n\n<p class=\"wp-block-paragraph\">Kaza an\u0131 \u00e7evrede bulunan g\u00fcvenlik kameralar\u0131 taraf\u0131ndan da kaydedildi.<\/p>\n\n\n\n<p class=\"wp-block-paragraph\">&#x1f449; T\u00fcrkiye g\u00fcndeminden en g\u00fcncel haberler i\u00e7in;<\/p>\n\n\n\n<p class=\"wp-block-paragraph\">&#x1f310; <a href=\"http:\/\/www.gundem59.com.tr\/\">www.gundem59.com.tr<\/a><\/p>\n\n\n\n<p class=\"wp-block-paragraph\">&#x1f310; <a href=\"http:\/\/www.turkiyemhaber.com\/\">www.turkiyemhaber.com<\/a><\/p>\n\n\n\n<p class=\"wp-block-paragraph\">&#x1f310; <a href=\"http:\/\/www.gundem44.com.tr\/\">www.gundem44.com.tr<\/a><\/p>\n\n\n\n<p class=\"wp-block-paragraph\">&#x1f310; <a href=\"http:\/\/www.gundem34haber.com.tr\/\">www.gundem34haber.com.tr<\/a><\/p>\n\n\n\n<p class=\"wp-block-paragraph\">&#x1f310; <a href=\"http:\/\/www.saray59.com.tr\/\">www.saray59.com.tr<\/a><\/p>\n\n\n\n<p class=\"wp-block-paragraph\">&#x1f4fa; <a href=\"http:\/\/www.turkiyemhabertv.com\/\">www.turkiyemhabertv.com<\/a><\/p>\n\n\n\n<p class=\"wp-block-paragraph\">&#x1f4fb; <a href=\"http:\/\/www.turkiyemradyo.com\/\">www.turkiyemradyo.com<\/a><\/p>\n\n\n\n<p class=\"wp-block-paragraph\">&#x1f4f1; @gundem59__<\/p>\n\n\n\n<p class=\"wp-block-paragraph\">&#x1f4f1; @turkiyemhaber_tr<\/p>\n\n\n\n<p class=\"wp-block-paragraph\">#SonDakika #Tekirda\u011f #\u00c7orlu #TrafikKazas\u0131 #T\u0131r #ElektrikDire\u011fi #KaracaAhmetCamii #H\u0131d\u0131ra\u011faMahallesi #Asayi\u015f #YerelHaber #Tekirda\u011fHaber #G\u00fcvenlik #Ya\u015fam #G\u00fcndem #T\u00fcrkiye #Gundem59 #TurkiyemHaber #Gundem44 #Gundem34Haber #Saray59 #TurkiyemHaberTV #TurkiyemRadyo<\/p>\n","protected":false},"excerpt":{"rendered":"<p>Tekirda\u011f&#8217;\u0131n \u00c7orlu il\u00e7esinde meydana gelen kazada, d\u00f6n\u00fc\u015f yapan konteyner y\u00fckl\u00fc bir t\u0131r\u0131n \u00e7arpt\u0131\u011f\u0131 elektrik dire\u011fi&#8230;<\/p>\n","protected":false},"author":1,"featured_media":3247,"comment_status":"closed","ping_status":"closed","sticky":false,"template":"","format":"standard","meta":{"footnotes":""},"categories":[5],"tags":[],"ppma_author":[57],"class_list":["post-3246","post","type-post","status-publish","format-standard","has-post-thumbnail","hentry","category-corlu"],"authors":[{"term_id":57,"user_id":1,"is_guest":0,"slug":"admin","display_name":"Alp Aslan","avatar_url":"https:\/\/secure.gravatar.com\/avatar\/07c18c5ad3350b025db8f3328450e071acb435c703e565899c880c63362f137a?s=96&d=mm&r=g","author_category":"1","first_name":"Alp Aslan","last_name":"ER\u0130N","user_url":"http:\/\/www.gundem59.com.tr","job_title":"","description":""}],"_links":{"self":[{"href":"https:\/\/gundem59.com.tr\/index.php?rest_route=\/wp\/v2\/posts\/3246","targetHints":{"allow":["GET"]}}],"collection":[{"href":"https:\/\/gundem59.com.tr\/index.php?rest_route=\/wp\/v2\/posts"}],"about":[{"href":"https:\/\/gundem59.com.tr\/index.php?rest_route=\/wp\/v2\/types\/post"}],"author":[{"embeddable":true,"href":"https:\/\/gundem59.com.tr\/index.php?rest_route=\/wp\/v2\/users\/1"}],"replies":[{"embeddable":true,"href":"https:\/\/gundem59.com.tr\/index.php?rest_route=%2Fwp%2Fv2%2Fcomments&post=3246"}],"version-history":[{"count":1,"href":"https:\/\/gundem59.com.tr\/index.php?rest_route=\/wp\/v2\/posts\/3246\/revisions"}],"predecessor-version":[{"id":3248,"href":"https:\/\/gundem59.com.tr\/index.php?rest_route=\/wp\/v2\/posts\/3246\/revisions\/3248"}],"wp:featuredmedia":[{"embeddable":true,"href":"https:\/\/gundem59.com.tr\/index.php?rest_route=\/wp\/v2\/media\/3247"}],"wp:attachment":[{"href":"https:\/\/gundem59.com.tr\/index.php?rest_route=%2Fwp%2Fv2%2Fmedia&parent=3246"}],"wp:term":[{"taxonomy":"category","embeddable":true,"href":"https:\/\/gundem59.com.tr\/index.php?rest_route=%2Fwp%2Fv2%2Fcategories&post=3246"},{"taxonomy":"post_tag","embeddable":true,"href":"https:\/\/gundem59.com.tr\/index.php?rest_route=%2Fwp%2Fv2%2Ftags&post=3246"},{"taxonomy":"author","embeddable":true,"href":"https:\/\/gundem59.com.tr\/index.php?rest_route=%2Fwp%2Fv2%2Fppma_author&post=3246"}],"curies":[{"name":"wp","href":"https:\/\/api.w.org\/{rel}","templated":true}]}}