{"id":3243,"date":"2026-07-14T12:23:09","date_gmt":"2026-07-14T12:23:09","guid":{"rendered":"https:\/\/gundem59.com.tr\/?p=3243"},"modified":"2026-07-14T12:23:09","modified_gmt":"2026-07-14T12:23:09","slug":"tekirdagda-dolu-felaketi-35-bin-dekarlik-tarim-alaninda-hasar-tespit-calismalari-basladi","status":"publish","type":"post","link":"https:\/\/gundem59.com.tr\/?p=3243","title":{"rendered":"Tekirda\u011f&#8217;da Dolu Felaketi: 35 Bin Dekarl\u0131k Tar\u0131m Alan\u0131nda Hasar Tespit \u00c7al\u0131\u015fmalar\u0131 Ba\u015flad\u0131"},"content":{"rendered":"\n<p class=\"wp-block-paragraph\">Tekirda\u011f&#8217;\u0131n S\u00fcleymanpa\u015fa il\u00e7esinde etkili olan dolu ya\u011f\u0131\u015f\u0131n\u0131n ard\u0131ndan yakla\u015f\u0131k 35 bin dekarl\u0131k tar\u0131m alan\u0131nda hasar tespit \u00e7al\u0131\u015fmalar\u0131na ba\u015fland\u0131. Tar\u0131m ve Orman \u0130l M\u00fcd\u00fcrl\u00fc\u011f\u00fc ekipleri, zarar g\u00f6ren mahallelerde incelemelerini s\u00fcrd\u00fcr\u00fcyor.<\/p>\n\n\n\n<h2 class=\"wp-block-heading\">En Fazla D\u00f6rt Mahalle Etkilendi<\/h2>\n\n\n\n<p class=\"wp-block-paragraph\">Tekirda\u011f Tar\u0131m ve Orman \u0130l M\u00fcd\u00fcr\u00fc Mehmet Aksoy, il ve il\u00e7e m\u00fcd\u00fcrl\u00fc\u011f\u00fc ekipleriyle birlikte Ferhadanl\u0131, Hac\u0131k\u00f6y, Ahmedikli ve G\u00fcve\u00e7li mahallelerinde incelemelerde bulundu.<\/p>\n\n\n\n<p class=\"wp-block-paragraph\">\u00dcreticilerle bir araya gelen Aksoy, dolu ya\u011f\u0131\u015f\u0131ndan en fazla bu d\u00f6rt mahallenin etkilendi\u011fini belirterek, yakla\u015f\u0131k 35 bin dekarl\u0131k alanda zarar olu\u015ftu\u011funu s\u00f6yledi.<\/p>\n\n\n\n<h2 class=\"wp-block-heading\">Ay\u00e7i\u00e7e\u011finde Tespit \u0130\u00e7in Beklenecek<\/h2>\n\n\n\n<p class=\"wp-block-paragraph\">Kanola ve karpuz ekili alanlarda TARS\u0130M ekipleriyle birlikte hasar tespit \u00e7al\u0131\u015fmalar\u0131n\u0131n ba\u015flad\u0131\u011f\u0131n\u0131 ifade eden Aksoy, \u015fiddetli dolu nedeniyle tar\u0131m arazilerinin \u00e7amurla kapland\u0131\u011f\u0131n\u0131 ve \u00fcr\u00fcnlerin \u0131sland\u0131\u011f\u0131n\u0131 belirtti.<\/p>\n\n\n\n<p class=\"wp-block-paragraph\">\u00d6zellikle ay\u00e7i\u00e7e\u011fi tarlalar\u0131nda sa\u011fl\u0131kl\u0131 hasar tespiti yap\u0131labilmesi i\u00e7in iki g\u00fcn beklenece\u011fini kaydeden Aksoy, ard\u0131ndan detayl\u0131 raporlar\u0131n haz\u0131rlanaca\u011f\u0131n\u0131 s\u00f6yledi.<\/p>\n\n\n\n<h2 class=\"wp-block-heading\">Destek S\u00fcreci Ba\u015flat\u0131lacak<\/h2>\n\n\n\n<p class=\"wp-block-paragraph\">Haz\u0131rlanacak hasar tespit raporlar\u0131n\u0131n ilgili kurumlara iletilece\u011fini belirten Aksoy, TARS\u0130M ve devlet destekleri kapsam\u0131nda \u00fcreticilerin zararlar\u0131n\u0131n kar\u015f\u0131lanmas\u0131 i\u00e7in gerekli \u00e7al\u0131\u015fmalar\u0131n y\u00fcr\u00fct\u00fclece\u011fini ifade etti.<\/p>\n\n\n\n<p class=\"wp-block-paragraph\">Doludan etkilenen \u00e7ift\u00e7ilere \u00e7a\u011fr\u0131da bulunan Aksoy, ma\u011fduriyet ya\u015fanmamas\u0131 i\u00e7in \u00fcreticilerin en k\u0131sa s\u00fcrede il\u00e7e tar\u0131m ve orman m\u00fcd\u00fcrl\u00fcklerine ba\u015fvuruda bulunmalar\u0131 gerekti\u011fini s\u00f6yledi.<\/p>\n\n\n\n<h2 class=\"wp-block-heading\">\u00c7ift\u00e7iler Destek Bekliyor<\/h2>\n\n\n\n<p class=\"wp-block-paragraph\">Ferhadanl\u0131 Mahallesi&#8217;nde \u00e7ift\u00e7ilik yapan Kader Filiz, dolu nedeniyle karpuz tarlalar\u0131n\u0131n b\u00fcy\u00fck zarar g\u00f6rd\u00fc\u011f\u00fcn\u00fc belirterek yetkililerden destek beklediklerini ifade etti.<\/p>\n\n\n\n<p class=\"wp-block-paragraph\">B\u00f6lgede hasar tespit \u00e7al\u0131\u015fmalar\u0131n\u0131n \u00f6n\u00fcm\u00fczdeki g\u00fcnlerde de devam edece\u011fi \u00f6\u011frenildi.<\/p>\n\n\n\n<p class=\"wp-block-paragraph\">&#x1f449; T\u00fcrkiye g\u00fcndeminden en g\u00fcncel haberler i\u00e7in;<\/p>\n\n\n\n<p class=\"wp-block-paragraph\">&#x1f310; <a href=\"http:\/\/www.gundem59.com.tr\/\">www.gundem59.com.tr<\/a><\/p>\n\n\n\n<p class=\"wp-block-paragraph\">&#x1f310; <a href=\"http:\/\/www.turkiyemhaber.com\/\">www.turkiyemhaber.com<\/a><\/p>\n\n\n\n<p class=\"wp-block-paragraph\">&#x1f310; <a href=\"http:\/\/www.gundem44.com.tr\/\">www.gundem44.com.tr<\/a><\/p>\n\n\n\n<p class=\"wp-block-paragraph\">&#x1f310; <a href=\"http:\/\/www.gundem34haber.com.tr\/\">www.gundem34haber.com.tr<\/a><\/p>\n\n\n\n<p class=\"wp-block-paragraph\">&#x1f310; <a href=\"http:\/\/www.saray59.com.tr\/\">www.saray59.com.tr<\/a><\/p>\n\n\n\n<p class=\"wp-block-paragraph\">&#x1f4fa; <a href=\"http:\/\/www.turkiyemhabertv.com\/\">www.turkiyemhabertv.com<\/a><\/p>\n\n\n\n<p class=\"wp-block-paragraph\">&#x1f4fb; <a href=\"http:\/\/www.turkiyemradyo.com\/\">www.turkiyemradyo.com<\/a><\/p>\n\n\n\n<p class=\"wp-block-paragraph\">&#x1f4f1; @gundem59__<\/p>\n\n\n\n<p class=\"wp-block-paragraph\">&#x1f4f1; @turkiyemhaber_tr<\/p>\n\n\n\n<p class=\"wp-block-paragraph\">#SonDakika #Tekirda\u011f #S\u00fcleymanpa\u015fa #Dolu #Tar\u0131m #\u00c7ift\u00e7i #Ay\u00e7i\u00e7e\u011fi #Karpuz #Kanola #TARS\u0130M #Tar\u0131mHaberleri #YerelHaber #Tekirda\u011fHaber #Ekonomi #Ya\u015fam #G\u00fcndem #T\u00fcrkiye #Gundem59 #TurkiyemHaber #Gundem44 #Gundem34Haber #Saray59 #TurkiyemHaberTV #TurkiyemRadyo<\/p>\n","protected":false},"excerpt":{"rendered":"<p>Tekirda\u011f&#8217;\u0131n S\u00fcleymanpa\u015fa il\u00e7esinde etkili olan dolu ya\u011f\u0131\u015f\u0131n\u0131n ard\u0131ndan yakla\u015f\u0131k 35 bin dekarl\u0131k tar\u0131m alan\u0131nda hasar&#8230;<\/p>\n","protected":false},"author":1,"featured_media":3244,"comment_status":"closed","ping_status":"closed","sticky":false,"template":"","format":"standard","meta":{"footnotes":""},"categories":[56],"tags":[],"ppma_author":[57],"class_list":["post-3243","post","type-post","status-publish","format-standard","has-post-thumbnail","hentry","category-guncel"],"authors":[{"term_id":57,"user_id":1,"is_guest":0,"slug":"admin","display_name":"Alp Aslan","avatar_url":"https:\/\/secure.gravatar.com\/avatar\/07c18c5ad3350b025db8f3328450e071acb435c703e565899c880c63362f137a?s=96&d=mm&r=g","author_category":"1","first_name":"Alp Aslan","last_name":"ER\u0130N","user_url":"http:\/\/www.gundem59.com.tr","job_title":"","description":""}],"_links":{"self":[{"href":"https:\/\/gundem59.com.tr\/index.php?rest_route=\/wp\/v2\/posts\/3243","targetHints":{"allow":["GET"]}}],"collection":[{"href":"https:\/\/gundem59.com.tr\/index.php?rest_route=\/wp\/v2\/posts"}],"about":[{"href":"https:\/\/gundem59.com.tr\/index.php?rest_route=\/wp\/v2\/types\/post"}],"author":[{"embeddable":true,"href":"https:\/\/gundem59.com.tr\/index.php?rest_route=\/wp\/v2\/users\/1"}],"replies":[{"embeddable":true,"href":"https:\/\/gundem59.com.tr\/index.php?rest_route=%2Fwp%2Fv2%2Fcomments&post=3243"}],"version-history":[{"count":1,"href":"https:\/\/gundem59.com.tr\/index.php?rest_route=\/wp\/v2\/posts\/3243\/revisions"}],"predecessor-version":[{"id":3245,"href":"https:\/\/gundem59.com.tr\/index.php?rest_route=\/wp\/v2\/posts\/3243\/revisions\/3245"}],"wp:featuredmedia":[{"embeddable":true,"href":"https:\/\/gundem59.com.tr\/index.php?rest_route=\/wp\/v2\/media\/3244"}],"wp:attachment":[{"href":"https:\/\/gundem59.com.tr\/index.php?rest_route=%2Fwp%2Fv2%2Fmedia&parent=3243"}],"wp:term":[{"taxonomy":"category","embeddable":true,"href":"https:\/\/gundem59.com.tr\/index.php?rest_route=%2Fwp%2Fv2%2Fcategories&post=3243"},{"taxonomy":"post_tag","embeddable":true,"href":"https:\/\/gundem59.com.tr\/index.php?rest_route=%2Fwp%2Fv2%2Ftags&post=3243"},{"taxonomy":"author","embeddable":true,"href":"https:\/\/gundem59.com.tr\/index.php?rest_route=%2Fwp%2Fv2%2Fppma_author&post=3243"}],"curies":[{"name":"wp","href":"https:\/\/api.w.org\/{rel}","templated":true}]}}