{"id":3240,"date":"2026-07-14T12:21:50","date_gmt":"2026-07-14T12:21:50","guid":{"rendered":"https:\/\/gundem59.com.tr\/?p=3240"},"modified":"2026-07-14T12:21:51","modified_gmt":"2026-07-14T12:21:51","slug":"tekirdagda-palmiye-agacina-yildirim-dustu-alev-alev-yandi","status":"publish","type":"post","link":"https:\/\/gundem59.com.tr\/?p=3240","title":{"rendered":"Tekirda\u011f&#8217;da Palmiye A\u011fac\u0131na Y\u0131ld\u0131r\u0131m D\u00fc\u015ft\u00fc: Alev Alev Yand\u0131"},"content":{"rendered":"\n<p class=\"wp-block-paragraph\">Tekirda\u011f&#8217;\u0131n S\u00fcleymanpa\u015fa il\u00e7esine ba\u011fl\u0131 Kumba\u011f Mahallesi&#8217;nde etkili olan sa\u011fanak ya\u011f\u0131\u015f s\u0131ras\u0131nda bir palmiye a\u011fac\u0131na y\u0131ld\u0131r\u0131m isabet etti. Y\u0131ld\u0131r\u0131m\u0131n \u00e7arpt\u0131\u011f\u0131 a\u011fa\u00e7 k\u0131sa s\u00fcrede alev al\u0131rken, olay \u00e7evrede pani\u011fe neden oldu.<\/p>\n\n\n\n<h2 class=\"wp-block-heading\">Sa\u011fanak S\u0131ras\u0131nda Y\u0131ld\u0131r\u0131m \u0130sabet Etti<\/h2>\n\n\n\n<p class=\"wp-block-paragraph\">Olay, d\u00fcn ak\u015fam saatlerinde Kumba\u011f Mahallesi&#8217;nde meydana geldi. B\u00f6lgede etkisini g\u00f6steren sa\u011fanak ya\u011f\u0131\u015f s\u0131ras\u0131nda d\u00fc\u015fen y\u0131ld\u0131r\u0131m, yol kenar\u0131nda bulunan palmiye a\u011fac\u0131na isabet etti.<\/p>\n\n\n\n<p class=\"wp-block-paragraph\">Y\u0131ld\u0131r\u0131m\u0131n \u00e7arpmas\u0131yla birlikte palmiye a\u011fac\u0131 bir anda yanmaya ba\u015flad\u0131. \u00c7evrede bulunan vatanda\u015flar ya\u015fanan olay\u0131 \u015fa\u015fk\u0131nl\u0131kla izlerken, b\u00f6lgede k\u0131sa s\u00fcreli panik ya\u015fand\u0131.<\/p>\n\n\n\n<h2 class=\"wp-block-heading\">O Anlar Kameraya Yans\u0131d\u0131<\/h2>\n\n\n\n<p class=\"wp-block-paragraph\">Y\u0131ld\u0131r\u0131m\u0131n palmiye a\u011fac\u0131na isabet etti\u011fi ve a\u011fac\u0131n alev ald\u0131\u011f\u0131 anlar, \u00e7evrede bulunan bir vatanda\u015f taraf\u0131ndan cep telefonu kameras\u0131yla saniye saniye kaydedildi.<\/p>\n\n\n\n<p class=\"wp-block-paragraph\">G\u00f6r\u00fcnt\u00fclerde y\u0131ld\u0131r\u0131m\u0131n d\u00fc\u015fmesinin ard\u0131ndan a\u011fac\u0131n k\u0131sa s\u00fcrede alev ald\u0131\u011f\u0131 g\u00f6r\u00fcl\u00fcyor.<\/p>\n\n\n\n<h2 class=\"wp-block-heading\">Can Kayb\u0131 Ya\u015fanmad\u0131<\/h2>\n\n\n\n<p class=\"wp-block-paragraph\">Olayda herhangi bir can kayb\u0131 ya da yaralanma ya\u015fanmad\u0131\u011f\u0131 \u00f6\u011frenildi. Yetkililer, olumsuz hava ko\u015fullar\u0131nda vatanda\u015flar\u0131n a\u00e7\u0131k alanlarda bulunmamalar\u0131 konusunda uyar\u0131larda bulundu.<\/p>\n\n\n\n<p class=\"wp-block-paragraph\">&#x1f449; T\u00fcrkiye g\u00fcndeminden en g\u00fcncel haberler i\u00e7in;<\/p>\n\n\n\n<p class=\"wp-block-paragraph\">&#x1f310; <a href=\"http:\/\/www.gundem59.com.tr\/\">www.gundem59.com.tr<\/a><\/p>\n\n\n\n<p class=\"wp-block-paragraph\">&#x1f310; <a href=\"http:\/\/www.turkiyemhaber.com\/\">www.turkiyemhaber.com<\/a><\/p>\n\n\n\n<p class=\"wp-block-paragraph\">&#x1f310; <a href=\"http:\/\/www.gundem44.com.tr\/\">www.gundem44.com.tr<\/a><\/p>\n\n\n\n<p class=\"wp-block-paragraph\">&#x1f310; <a href=\"http:\/\/www.gundem34haber.com.tr\/\">www.gundem34haber.com.tr<\/a><\/p>\n\n\n\n<p class=\"wp-block-paragraph\">&#x1f310; <a href=\"http:\/\/www.saray59.com.tr\/\">www.saray59.com.tr<\/a><\/p>\n\n\n\n<p class=\"wp-block-paragraph\">&#x1f4fa; <a href=\"http:\/\/www.turkiyemhabertv.com\/\">www.turkiyemhabertv.com<\/a><\/p>\n\n\n\n<p class=\"wp-block-paragraph\">&#x1f4fb; <a href=\"http:\/\/www.turkiyemradyo.com\/\">www.turkiyemradyo.com<\/a><\/p>\n\n\n\n<p class=\"wp-block-paragraph\">&#x1f4f1; @gundem59__<\/p>\n\n\n\n<p class=\"wp-block-paragraph\">&#x1f4f1; @turkiyemhaber_tr<\/p>\n\n\n\n<p class=\"wp-block-paragraph\">#SonDakika #Tekirda\u011f #S\u00fcleymanpa\u015fa #Kumba\u011f #Y\u0131ld\u0131r\u0131m #Sa\u011fanak #HavaDurumu #Do\u011faOlay\u0131 #\u00c7evre #G\u00fcvenlik #Tekirda\u011fHaber #YerelHaber #G\u00fcndem #T\u00fcrkiye #Gundem59 #TurkiyemHaber #Gundem44 #Gundem34Haber #Saray59 #TurkiyemHaberTV #TurkiyemRadyo<\/p>\n","protected":false},"excerpt":{"rendered":"<p>Tekirda\u011f&#8217;\u0131n S\u00fcleymanpa\u015fa il\u00e7esine ba\u011fl\u0131 Kumba\u011f Mahallesi&#8217;nde etkili olan sa\u011fanak ya\u011f\u0131\u015f s\u0131ras\u0131nda bir palmiye a\u011fac\u0131na y\u0131ld\u0131r\u0131m&#8230;<\/p>\n","protected":false},"author":1,"featured_media":3241,"comment_status":"closed","ping_status":"closed","sticky":false,"template":"","format":"standard","meta":{"footnotes":""},"categories":[14],"tags":[],"ppma_author":[57],"class_list":["post-3240","post","type-post","status-publish","format-standard","has-post-thumbnail","hentry","category-suleymanpasa"],"authors":[{"term_id":57,"user_id":1,"is_guest":0,"slug":"admin","display_name":"Alp Aslan","avatar_url":"https:\/\/secure.gravatar.com\/avatar\/07c18c5ad3350b025db8f3328450e071acb435c703e565899c880c63362f137a?s=96&d=mm&r=g","author_category":"1","first_name":"Alp Aslan","last_name":"ER\u0130N","user_url":"http:\/\/www.gundem59.com.tr","job_title":"","description":""}],"_links":{"self":[{"href":"https:\/\/gundem59.com.tr\/index.php?rest_route=\/wp\/v2\/posts\/3240","targetHints":{"allow":["GET"]}}],"collection":[{"href":"https:\/\/gundem59.com.tr\/index.php?rest_route=\/wp\/v2\/posts"}],"about":[{"href":"https:\/\/gundem59.com.tr\/index.php?rest_route=\/wp\/v2\/types\/post"}],"author":[{"embeddable":true,"href":"https:\/\/gundem59.com.tr\/index.php?rest_route=\/wp\/v2\/users\/1"}],"replies":[{"embeddable":true,"href":"https:\/\/gundem59.com.tr\/index.php?rest_route=%2Fwp%2Fv2%2Fcomments&post=3240"}],"version-history":[{"count":1,"href":"https:\/\/gundem59.com.tr\/index.php?rest_route=\/wp\/v2\/posts\/3240\/revisions"}],"predecessor-version":[{"id":3242,"href":"https:\/\/gundem59.com.tr\/index.php?rest_route=\/wp\/v2\/posts\/3240\/revisions\/3242"}],"wp:featuredmedia":[{"embeddable":true,"href":"https:\/\/gundem59.com.tr\/index.php?rest_route=\/wp\/v2\/media\/3241"}],"wp:attachment":[{"href":"https:\/\/gundem59.com.tr\/index.php?rest_route=%2Fwp%2Fv2%2Fmedia&parent=3240"}],"wp:term":[{"taxonomy":"category","embeddable":true,"href":"https:\/\/gundem59.com.tr\/index.php?rest_route=%2Fwp%2Fv2%2Fcategories&post=3240"},{"taxonomy":"post_tag","embeddable":true,"href":"https:\/\/gundem59.com.tr\/index.php?rest_route=%2Fwp%2Fv2%2Ftags&post=3240"},{"taxonomy":"author","embeddable":true,"href":"https:\/\/gundem59.com.tr\/index.php?rest_route=%2Fwp%2Fv2%2Fppma_author&post=3240"}],"curies":[{"name":"wp","href":"https:\/\/api.w.org\/{rel}","templated":true}]}}