{"id":3237,"date":"2026-07-14T12:19:25","date_gmt":"2026-07-14T12:19:25","guid":{"rendered":"https:\/\/gundem59.com.tr\/?p=3237"},"modified":"2026-07-14T12:19:25","modified_gmt":"2026-07-14T12:19:25","slug":"super-hucre-tekirdagi-vurdu-35-bin-dekarlik-tarim-alaninda-buyuk-hasar","status":"publish","type":"post","link":"https:\/\/gundem59.com.tr\/?p=3237","title":{"rendered":"S\u00fcper H\u00fccre Tekirda\u011f&#8217;\u0131 Vurdu: 35 Bin Dekarl\u0131k Tar\u0131m Alan\u0131nda B\u00fcy\u00fck Hasar"},"content":{"rendered":"\n<p class=\"wp-block-paragraph\">Tekirda\u011f&#8217;\u0131n S\u00fcleymanpa\u015fa il\u00e7esinde etkili olan \u015fiddetli sa\u011fanak ve dolu ya\u011f\u0131\u015f\u0131, tar\u0131m alanlar\u0131nda b\u00fcy\u00fck zarara yol a\u00e7t\u0131. Ferhadanl\u0131, Hac\u0131k\u00f6y, Ahmedikli ve G\u00fcve\u00e7li mahallelerinde yakla\u015f\u0131k 35 bin dekarl\u0131k alanda ekili ay\u00e7i\u00e7e\u011fi, karpuz ve kanola tarlalar\u0131 zarar g\u00f6rd\u00fc.<\/p>\n\n\n\n<h2 class=\"wp-block-heading\">Dolu ve Sa\u011fanak Tar\u0131m\u0131 Vurdu<\/h2>\n\n\n\n<p class=\"wp-block-paragraph\">D\u00fcn ak\u015fam saatlerinde etkili olan s\u00fcper h\u00fccre kaynakl\u0131 \u015fiddetli ya\u011f\u0131\u015f ve dolu, k\u0131rsal mahallelerde hayat\u0131 olumsuz etkiledi. Baz\u0131 evlerin \u00e7at\u0131lar\u0131 u\u00e7arken, \u00e7ok say\u0131da a\u011fac\u0131n dallar\u0131 k\u0131r\u0131ld\u0131. \u00d6zellikle tar\u0131m arazilerinde b\u00fcy\u00fck \u00e7apl\u0131 hasar meydana geldi.<\/p>\n\n\n\n<h2 class=\"wp-block-heading\">Hasar Tespit \u00c7al\u0131\u015fmalar\u0131 Ba\u015flat\u0131ld\u0131<\/h2>\n\n\n\n<p class=\"wp-block-paragraph\">Tekirda\u011f Tar\u0131m ve Orman \u0130l M\u00fcd\u00fcr\u00fc Mehmet Aksoy, il ve il\u00e7e m\u00fcd\u00fcrl\u00fc\u011f\u00fc ekipleriyle birlikte b\u00f6lgede incelemelerde bulundu. Aksoy, yakla\u015f\u0131k 35 bin dekarl\u0131k alanda hasar tespit \u00e7al\u0131\u015fmalar\u0131n\u0131n ba\u015flad\u0131\u011f\u0131n\u0131 belirterek, ay\u00e7i\u00e7e\u011fi tarlalar\u0131nda sa\u011fl\u0131kl\u0131 de\u011ferlendirme yap\u0131labilmesi i\u00e7in birka\u00e7 g\u00fcn beklenmesi gerekti\u011fini ifade etti.<\/p>\n\n\n\n<p class=\"wp-block-paragraph\">Karpuz ve kanola ekili alanlarda ise TARS\u0130M ekipleriyle birlikte incelemelerin s\u00fcrd\u00fc\u011f\u00fcn\u00fc kaydeden Aksoy, zarar g\u00f6ren \u00fcreticilerin vakit kaybetmeden TARS\u0130M ve il\u00e7e tar\u0131m m\u00fcd\u00fcrl\u00fcklerine ba\u015fvurmas\u0131 \u00e7a\u011fr\u0131s\u0131nda bulundu.<\/p>\n\n\n\n<h2 class=\"wp-block-heading\">\u00c7ift\u00e7iler Destek Bekliyor<\/h2>\n\n\n\n<p class=\"wp-block-paragraph\">Ferhadanl\u0131 Mahallesi&#8217;nde \u00fcretim yapan \u00e7ift\u00e7ilerden Kader Filiz, dolunun emeklerini k\u0131sa s\u00fcrede yok etti\u011fini belirterek destek talebinde bulundu. Filiz, aylar s\u00fcren emeklerinin b\u00fcy\u00fck \u00f6l\u00e7\u00fcde zarar g\u00f6rd\u00fc\u011f\u00fcn\u00fc s\u00f6yledi.<\/p>\n\n\n\n<h2 class=\"wp-block-heading\">Candan Y\u00fcceer B\u00f6lgeyi Ziyaret Etti<\/h2>\n\n\n\n<p class=\"wp-block-paragraph\">Tekirda\u011f B\u00fcy\u00fck\u015fehir Belediye Ba\u015fkan\u0131 Candan Y\u00fcceer de doludan etkilenen mahalleleri ziyaret ederek vatanda\u015flarla bir araya geldi. Hasar g\u00f6ren tar\u0131m arazilerinde incelemelerde bulunan Y\u00fcceer, ekiplerden \u00e7al\u0131\u015fmalar hakk\u0131nda bilgi ald\u0131.<\/p>\n\n\n\n<p class=\"wp-block-paragraph\">Yetkililer, hasar tespit \u00e7al\u0131\u015fmalar\u0131n\u0131n tamamlanmas\u0131n\u0131n ard\u0131ndan zarar g\u00f6ren \u00fcreticilere y\u00f6nelik destek s\u00fcrecinin ba\u015flat\u0131laca\u011f\u0131n\u0131 bildirdi.<\/p>\n\n\n\n<p class=\"wp-block-paragraph\">&#x1f449; T\u00fcrkiye g\u00fcndeminden en g\u00fcncel haberler i\u00e7in;<\/p>\n\n\n\n<p class=\"wp-block-paragraph\">&#x1f310; <a href=\"http:\/\/www.gundem59.com.tr\/\">www.gundem59.com.tr<\/a><\/p>\n\n\n\n<p class=\"wp-block-paragraph\">&#x1f310; <a href=\"http:\/\/www.turkiyemhaber.com\/\">www.turkiyemhaber.com<\/a><\/p>\n\n\n\n<p class=\"wp-block-paragraph\">&#x1f310; <a href=\"http:\/\/www.gundem44.com.tr\/\">www.gundem44.com.tr<\/a><\/p>\n\n\n\n<p class=\"wp-block-paragraph\">&#x1f310; <a href=\"http:\/\/www.gundem34haber.com.tr\/\">www.gundem34haber.com.tr<\/a><\/p>\n\n\n\n<p class=\"wp-block-paragraph\">&#x1f310; <a href=\"http:\/\/www.saray59.com.tr\/\">www.saray59.com.tr<\/a><\/p>\n\n\n\n<p class=\"wp-block-paragraph\">&#x1f4fa; <a href=\"http:\/\/www.turkiyemhabertv.com\/\">www.turkiyemhabertv.com<\/a><\/p>\n\n\n\n<p class=\"wp-block-paragraph\">&#x1f4fb; <a href=\"http:\/\/www.turkiyemradyo.com\/\">www.turkiyemradyo.com<\/a><\/p>\n\n\n\n<p class=\"wp-block-paragraph\">&#x1f4f1; @gundem59__<\/p>\n\n\n\n<p class=\"wp-block-paragraph\">&#x1f4f1; @turkiyemhaber_tr<\/p>\n\n\n\n<p class=\"wp-block-paragraph\">#SonDakika #Tekirda\u011f #S\u00fcleymanpa\u015fa #Dolu #Sa\u011fanak #Tar\u0131m #Ay\u00e7i\u00e7e\u011fi #Karpuz #Kanola #\u00c7ift\u00e7i #TARS\u0130M #CandanY\u00fcceer #Tekirda\u011fHaber #YerelHaber #Ekonomi #\u00c7evre #Ya\u015fam #Gundem59 #TurkiyemHaber #Gundem44 #Gundem34Haber #Saray59 #TurkiyemHaberTV #TurkiyemRadyo<\/p>\n","protected":false},"excerpt":{"rendered":"<p>Tekirda\u011f&#8217;\u0131n S\u00fcleymanpa\u015fa il\u00e7esinde etkili olan \u015fiddetli sa\u011fanak ve dolu ya\u011f\u0131\u015f\u0131, tar\u0131m alanlar\u0131nda b\u00fcy\u00fck zarara yol&#8230;<\/p>\n","protected":false},"author":1,"featured_media":3238,"comment_status":"closed","ping_status":"closed","sticky":false,"template":"","format":"standard","meta":{"footnotes":""},"categories":[56],"tags":[],"ppma_author":[57],"class_list":["post-3237","post","type-post","status-publish","format-standard","has-post-thumbnail","hentry","category-guncel"],"authors":[{"term_id":57,"user_id":1,"is_guest":0,"slug":"admin","display_name":"Alp Aslan","avatar_url":"https:\/\/secure.gravatar.com\/avatar\/07c18c5ad3350b025db8f3328450e071acb435c703e565899c880c63362f137a?s=96&d=mm&r=g","author_category":"1","first_name":"Alp Aslan","last_name":"ER\u0130N","user_url":"http:\/\/www.gundem59.com.tr","job_title":"","description":""}],"_links":{"self":[{"href":"https:\/\/gundem59.com.tr\/index.php?rest_route=\/wp\/v2\/posts\/3237","targetHints":{"allow":["GET"]}}],"collection":[{"href":"https:\/\/gundem59.com.tr\/index.php?rest_route=\/wp\/v2\/posts"}],"about":[{"href":"https:\/\/gundem59.com.tr\/index.php?rest_route=\/wp\/v2\/types\/post"}],"author":[{"embeddable":true,"href":"https:\/\/gundem59.com.tr\/index.php?rest_route=\/wp\/v2\/users\/1"}],"replies":[{"embeddable":true,"href":"https:\/\/gundem59.com.tr\/index.php?rest_route=%2Fwp%2Fv2%2Fcomments&post=3237"}],"version-history":[{"count":1,"href":"https:\/\/gundem59.com.tr\/index.php?rest_route=\/wp\/v2\/posts\/3237\/revisions"}],"predecessor-version":[{"id":3239,"href":"https:\/\/gundem59.com.tr\/index.php?rest_route=\/wp\/v2\/posts\/3237\/revisions\/3239"}],"wp:featuredmedia":[{"embeddable":true,"href":"https:\/\/gundem59.com.tr\/index.php?rest_route=\/wp\/v2\/media\/3238"}],"wp:attachment":[{"href":"https:\/\/gundem59.com.tr\/index.php?rest_route=%2Fwp%2Fv2%2Fmedia&parent=3237"}],"wp:term":[{"taxonomy":"category","embeddable":true,"href":"https:\/\/gundem59.com.tr\/index.php?rest_route=%2Fwp%2Fv2%2Fcategories&post=3237"},{"taxonomy":"post_tag","embeddable":true,"href":"https:\/\/gundem59.com.tr\/index.php?rest_route=%2Fwp%2Fv2%2Ftags&post=3237"},{"taxonomy":"author","embeddable":true,"href":"https:\/\/gundem59.com.tr\/index.php?rest_route=%2Fwp%2Fv2%2Fppma_author&post=3237"}],"curies":[{"name":"wp","href":"https:\/\/api.w.org\/{rel}","templated":true}]}}