{"id":3234,"date":"2026-07-14T12:16:49","date_gmt":"2026-07-14T12:16:49","guid":{"rendered":"https:\/\/gundem59.com.tr\/?p=3234"},"modified":"2026-07-14T12:16:50","modified_gmt":"2026-07-14T12:16:50","slug":"tekirdagda-uyusturucu-operasyonu-9-supheli-tutuklandi","status":"publish","type":"post","link":"https:\/\/gundem59.com.tr\/?p=3234","title":{"rendered":"Tekirda\u011f&#8217;da Uyu\u015fturucu Operasyonu: 9 \u015e\u00fcpheli Tutukland\u0131"},"content":{"rendered":"\n<p class=\"wp-block-paragraph\">Tekirda\u011f&#8217;da son bir hafta i\u00e7erisinde d\u00fczenlenen uyu\u015fturucu operasyonlar\u0131nda g\u00f6zalt\u0131na al\u0131nan 9 \u015f\u00fcpheli, \u00e7\u0131kar\u0131ld\u0131klar\u0131 mahkemece tutuklanarak cezaevine g\u00f6nderildi.<\/p>\n\n\n\n<p class=\"wp-block-paragraph\">Tekirda\u011f \u0130l Emniyet M\u00fcd\u00fcrl\u00fc\u011f\u00fc Narkotik Su\u00e7larla M\u00fccadele \u015eube M\u00fcd\u00fcrl\u00fc\u011f\u00fc ekipleri taraf\u0131ndan uyu\u015fturucu ticareti yapt\u0131\u011f\u0131 belirlenen \u015fah\u0131slara y\u00f6nelik y\u00fcr\u00fct\u00fclen \u00e7al\u0131\u015fmalar kapsam\u0131nda kent genelinde \u00e7e\u015fitli adreslere operasyon d\u00fczenlendi.<\/p>\n\n\n\n<h2 class=\"wp-block-heading\">\u00c7ok Miktarda Uyu\u015fturucu Ele Ge\u00e7irildi<\/h2>\n\n\n\n<p class=\"wp-block-paragraph\">Operasyonlarda yakalanan \u015f\u00fcphelilerin adreslerinde yap\u0131lan aramalarda;<\/p>\n\n\n\n<ul class=\"wp-block-list\">\n<li>2 kilogram 456 gram uyu\u015fturucu madde,<\/li>\n\n\n\n<li>872 gram sentetik uyu\u015fturucu,<\/li>\n\n\n\n<li>701 adet uyu\u015fturucu hap,<\/li>\n\n\n\n<li>124 adet uyu\u015fturucu emdirilmi\u015f materyal,<\/li>\n\n\n\n<li>Su\u00e7tan elde edildi\u011fi de\u011ferlendirilen 319 bin 750 lira<\/li>\n<\/ul>\n\n\n\n<p class=\"wp-block-paragraph\">ele ge\u00e7irildi.<\/p>\n\n\n\n<h2 class=\"wp-block-heading\">9 \u015e\u00fcpheli Tutukland\u0131<\/h2>\n\n\n\n<p class=\"wp-block-paragraph\">Operasyon kapsam\u0131nda g\u00f6zalt\u0131na al\u0131nan 9 \u015f\u00fcpheli, emniyetteki i\u015flemlerinin tamamlanmas\u0131n\u0131n ard\u0131ndan adliyeye sevk edildi. \u015e\u00fcpheliler, \u00e7\u0131kar\u0131ld\u0131klar\u0131 hakimlik\u00e7e tutuklanarak cezaevine g\u00f6nderildi.<\/p>\n\n\n\n<p class=\"wp-block-paragraph\">Tekirda\u011f Emniyet M\u00fcd\u00fcrl\u00fc\u011f\u00fc ekiplerinin uyu\u015fturucu ticareti ve kullan\u0131m\u0131na y\u00f6nelik \u00e7al\u0131\u015fmalar\u0131n\u0131 kararl\u0131l\u0131kla s\u00fcrd\u00fcrd\u00fc\u011f\u00fc bildirildi.<\/p>\n\n\n\n<p class=\"wp-block-paragraph\">&#x1f449; T\u00fcrkiye g\u00fcndeminden en g\u00fcncel haberler i\u00e7in;<\/p>\n\n\n\n<p class=\"wp-block-paragraph\">&#x1f310; <a href=\"http:\/\/www.gundem59.com.tr\/\">www.gundem59.com.tr<\/a><\/p>\n\n\n\n<p class=\"wp-block-paragraph\">&#x1f310; <a href=\"http:\/\/www.turkiyemhaber.com\/\">www.turkiyemhaber.com<\/a><\/p>\n\n\n\n<p class=\"wp-block-paragraph\">&#x1f310; <a href=\"http:\/\/www.gundem44.com.tr\/\">www.gundem44.com.tr<\/a><\/p>\n\n\n\n<p class=\"wp-block-paragraph\">&#x1f310; <a href=\"http:\/\/www.gundem34haber.com.tr\/\">www.gundem34haber.com.tr<\/a><\/p>\n\n\n\n<p class=\"wp-block-paragraph\">&#x1f310; <a href=\"http:\/\/www.saray59.com.tr\/\">www.saray59.com.tr<\/a><\/p>\n\n\n\n<p class=\"wp-block-paragraph\">&#x1f4fa; <a href=\"http:\/\/www.turkiyemhabertv.com\/\">www.turkiyemhabertv.com<\/a><\/p>\n\n\n\n<p class=\"wp-block-paragraph\">&#x1f4fb; <a href=\"http:\/\/www.turkiyemradyo.com\/\">www.turkiyemradyo.com<\/a><\/p>\n\n\n\n<p class=\"wp-block-paragraph\">&#x1f4f1; @gundem59__<\/p>\n\n\n\n<p class=\"wp-block-paragraph\">&#x1f4f1; @turkiyemhaber_tr<\/p>\n\n\n\n<p class=\"wp-block-paragraph\">#SonDakika #Tekirda\u011f #Uyu\u015fturucu #Narkotik #Operasyon #Asayi\u015f #Emniyet #Tutuklama #G\u00fcvenlik #3Sayfa #Tekirda\u011fHaber #G\u00fcndem #T\u00fcrkiye #Gundem59 #TurkiyemHaber #Gundem44 #Gundem34Haber #Saray59 #TurkiyemHaberTV #TurkiyemRadyo<\/p>\n","protected":false},"excerpt":{"rendered":"<p>Tekirda\u011f&#8217;da son bir hafta i\u00e7erisinde d\u00fczenlenen uyu\u015fturucu operasyonlar\u0131nda g\u00f6zalt\u0131na al\u0131nan 9 \u015f\u00fcpheli, \u00e7\u0131kar\u0131ld\u0131klar\u0131 mahkemece tutuklanarak&#8230;<\/p>\n","protected":false},"author":1,"featured_media":3235,"comment_status":"closed","ping_status":"closed","sticky":false,"template":"","format":"standard","meta":{"footnotes":""},"categories":[56],"tags":[],"ppma_author":[57],"class_list":["post-3234","post","type-post","status-publish","format-standard","has-post-thumbnail","hentry","category-guncel"],"authors":[{"term_id":57,"user_id":1,"is_guest":0,"slug":"admin","display_name":"Alp Aslan","avatar_url":"https:\/\/secure.gravatar.com\/avatar\/07c18c5ad3350b025db8f3328450e071acb435c703e565899c880c63362f137a?s=96&d=mm&r=g","author_category":"1","first_name":"Alp Aslan","last_name":"ER\u0130N","user_url":"http:\/\/www.gundem59.com.tr","job_title":"","description":""}],"_links":{"self":[{"href":"https:\/\/gundem59.com.tr\/index.php?rest_route=\/wp\/v2\/posts\/3234","targetHints":{"allow":["GET"]}}],"collection":[{"href":"https:\/\/gundem59.com.tr\/index.php?rest_route=\/wp\/v2\/posts"}],"about":[{"href":"https:\/\/gundem59.com.tr\/index.php?rest_route=\/wp\/v2\/types\/post"}],"author":[{"embeddable":true,"href":"https:\/\/gundem59.com.tr\/index.php?rest_route=\/wp\/v2\/users\/1"}],"replies":[{"embeddable":true,"href":"https:\/\/gundem59.com.tr\/index.php?rest_route=%2Fwp%2Fv2%2Fcomments&post=3234"}],"version-history":[{"count":1,"href":"https:\/\/gundem59.com.tr\/index.php?rest_route=\/wp\/v2\/posts\/3234\/revisions"}],"predecessor-version":[{"id":3236,"href":"https:\/\/gundem59.com.tr\/index.php?rest_route=\/wp\/v2\/posts\/3234\/revisions\/3236"}],"wp:featuredmedia":[{"embeddable":true,"href":"https:\/\/gundem59.com.tr\/index.php?rest_route=\/wp\/v2\/media\/3235"}],"wp:attachment":[{"href":"https:\/\/gundem59.com.tr\/index.php?rest_route=%2Fwp%2Fv2%2Fmedia&parent=3234"}],"wp:term":[{"taxonomy":"category","embeddable":true,"href":"https:\/\/gundem59.com.tr\/index.php?rest_route=%2Fwp%2Fv2%2Fcategories&post=3234"},{"taxonomy":"post_tag","embeddable":true,"href":"https:\/\/gundem59.com.tr\/index.php?rest_route=%2Fwp%2Fv2%2Ftags&post=3234"},{"taxonomy":"author","embeddable":true,"href":"https:\/\/gundem59.com.tr\/index.php?rest_route=%2Fwp%2Fv2%2Fppma_author&post=3234"}],"curies":[{"name":"wp","href":"https:\/\/api.w.org\/{rel}","templated":true}]}}