{"id":3226,"date":"2026-07-14T12:10:45","date_gmt":"2026-07-14T12:10:45","guid":{"rendered":"https:\/\/gundem59.com.tr\/?p=3226"},"modified":"2026-07-14T12:10:46","modified_gmt":"2026-07-14T12:10:46","slug":"sinifta-cekilen-video-sosyal-medyada-gundem-oldu","status":"publish","type":"post","link":"https:\/\/gundem59.com.tr\/?p=3226","title":{"rendered":"S\u0131n\u0131fta \u00c7ekilen Video Sosyal Medyada G\u00fcndem Oldu"},"content":{"rendered":"\n<p class=\"wp-block-paragraph\">Bir \u00f6\u011fretmenin s\u0131n\u0131f ortam\u0131nda \u00e7ekti\u011fi ve sosyal medya hesab\u0131nda payla\u015ft\u0131\u011f\u0131 video, k\u0131sa s\u00fcrede geni\u015f yank\u0131 uyand\u0131rd\u0131. Payla\u015f\u0131mda kullan\u0131lan ifadeler ve videonun s\u0131n\u0131f i\u00e7erisinde kaydedilmi\u015f olmas\u0131, sosyal medya kullan\u0131c\u0131lar\u0131 aras\u0131nda tart\u0131\u015fmalara neden oldu.<\/p>\n\n\n\n<h2 class=\"wp-block-heading\">Dikkat \u00c7eken Payla\u015f\u0131m<\/h2>\n\n\n\n<p class=\"wp-block-paragraph\">Sosyal medyada yay\u0131lan g\u00f6r\u00fcnt\u00fclerde \u00f6\u011fretmenin videoya;<\/p>\n\n\n\n<blockquote class=\"wp-block-quote is-layout-flow wp-block-quote-is-layout-flow\">\n<p class=\"wp-block-paragraph\">&#8220;H\u00e2l\u00e2 beni k\u0131skand\u0131rmaya \u00e7al\u0131\u015f\u0131yor. K\u0131z\u0131n\u0131 \u00e7al\u0131\u015ft\u0131\u011f\u0131m koleje yazd\u0131rm\u0131\u015f. Anlamad\u0131k sanki.&#8221;<\/p>\n<\/blockquote>\n\n\n\n<p class=\"wp-block-paragraph\">notunu ekledi\u011fi g\u00f6r\u00fcld\u00fc.<\/p>\n\n\n\n<p class=\"wp-block-paragraph\">Videonun hangi okulda \u00e7ekildi\u011fi ve ne zaman kaydedildi\u011fine ili\u015fkin ise herhangi bir bilgi payla\u015f\u0131lmad\u0131.<\/p>\n\n\n\n<h2 class=\"wp-block-heading\">Sosyal Medyada Tart\u0131\u015fma Yaratt\u0131<\/h2>\n\n\n\n<p class=\"wp-block-paragraph\">K\u0131sa s\u00fcrede binlerce kullan\u0131c\u0131ya ula\u015fan g\u00f6r\u00fcnt\u00fcler, sosyal medyada farkl\u0131 g\u00f6r\u00fc\u015flerin ortaya \u00e7\u0131kmas\u0131na neden oldu.<\/p>\n\n\n\n<p class=\"wp-block-paragraph\">Baz\u0131 kullan\u0131c\u0131lar, \u00f6\u011fretmenin s\u0131n\u0131f ortam\u0131nda bu t\u00fcr i\u00e7erikler \u00fcretmesini ve kulland\u0131\u011f\u0131 ifadeleri ele\u015ftirirken, baz\u0131 kullan\u0131c\u0131lar ise payla\u015f\u0131m\u0131n mizahi ama\u00e7la haz\u0131rlanm\u0131\u015f olabilece\u011fini savundu.<\/p>\n\n\n\n<p class=\"wp-block-paragraph\">\u00d6zellikle e\u011fitim ortamlar\u0131nda sosyal medya kullan\u0131m\u0131 ve \u00f6\u011fretmenlerin dijital platformlardaki payla\u015f\u0131mlar\u0131na ili\u015fkin tart\u0131\u015fmalar yeniden g\u00fcndeme geldi.<\/p>\n\n\n\n<h2 class=\"wp-block-heading\">G\u00f6r\u00fcnt\u00fcler Geni\u015f Yank\u0131 Uyand\u0131rd\u0131<\/h2>\n\n\n\n<p class=\"wp-block-paragraph\">Sosyal medyada h\u0131zla yay\u0131lan video hakk\u0131nda resmi bir a\u00e7\u0131klama yap\u0131lmazken, g\u00f6r\u00fcnt\u00fcler e\u011fitim camias\u0131nda da farkl\u0131 de\u011ferlendirmelere neden oldu.<\/p>\n\n\n\n<p class=\"wp-block-paragraph\">Olayla ilgili herhangi bir idari inceleme ba\u015flat\u0131l\u0131p ba\u015flat\u0131lmad\u0131\u011f\u0131na ili\u015fkin ise \u015fu ana kadar resmi makamlardan a\u00e7\u0131klama gelmedi.<\/p>\n\n\n\n<p class=\"wp-block-paragraph\">&#x1f449; T\u00fcrkiye g\u00fcndeminden en g\u00fcncel haberler i\u00e7in;<\/p>\n\n\n\n<p class=\"wp-block-paragraph\">&#x1f310; <a href=\"http:\/\/www.gundem59.com.tr\/\">www.gundem59.com.tr<\/a><\/p>\n\n\n\n<p class=\"wp-block-paragraph\">&#x1f310; <a href=\"http:\/\/www.turkiyemhaber.com\/\">www.turkiyemhaber.com<\/a><\/p>\n\n\n\n<p class=\"wp-block-paragraph\">&#x1f310; <a href=\"http:\/\/www.gundem44.com.tr\/\">www.gundem44.com.tr<\/a><\/p>\n\n\n\n<p class=\"wp-block-paragraph\">&#x1f310; <a href=\"http:\/\/www.gundem34haber.com.tr\/\">www.gundem34haber.com.tr<\/a><\/p>\n\n\n\n<p class=\"wp-block-paragraph\">&#x1f310; <a href=\"http:\/\/www.saray59.com.tr\/\">www.saray59.com.tr<\/a><\/p>\n\n\n\n<p class=\"wp-block-paragraph\">&#x1f4fa; <a href=\"http:\/\/www.turkiyemhabertv.com\/\">www.turkiyemhabertv.com<\/a><\/p>\n\n\n\n<p class=\"wp-block-paragraph\">&#x1f4fb; <a href=\"http:\/\/www.turkiyemradyo.com\/\">www.turkiyemradyo.com<\/a><\/p>\n\n\n\n<p class=\"wp-block-paragraph\">&#x1f4f1; @gundem59__<\/p>\n\n\n\n<p class=\"wp-block-paragraph\">&#x1f4f1; @turkiyemhaber_tr<\/p>\n\n\n\n<p class=\"wp-block-paragraph\">#SonDakika #\u00d6\u011fretmen #E\u011fitim #SosyalMedya #G\u00fcndem #T\u00fcrkiye #Okul #Kolej #Gundem59 #TurkiyemHaber #Gundem44 #Gundem34Haber #Saray59 #TurkiyemHaberTV #TurkiyemRadyo<\/p>\n","protected":false},"excerpt":{"rendered":"<p>Bir \u00f6\u011fretmenin s\u0131n\u0131f ortam\u0131nda \u00e7ekti\u011fi ve sosyal medya hesab\u0131nda payla\u015ft\u0131\u011f\u0131 video, k\u0131sa s\u00fcrede geni\u015f yank\u0131&#8230;<\/p>\n","protected":false},"author":1,"featured_media":3227,"comment_status":"closed","ping_status":"closed","sticky":false,"template":"","format":"standard","meta":{"footnotes":""},"categories":[30],"tags":[],"ppma_author":[57],"class_list":["post-3226","post","type-post","status-publish","format-standard","has-post-thumbnail","hentry","category-ulusal-gundem"],"authors":[{"term_id":57,"user_id":1,"is_guest":0,"slug":"admin","display_name":"Alp Aslan","avatar_url":"https:\/\/secure.gravatar.com\/avatar\/07c18c5ad3350b025db8f3328450e071acb435c703e565899c880c63362f137a?s=96&d=mm&r=g","author_category":"1","first_name":"Alp Aslan","last_name":"ER\u0130N","user_url":"http:\/\/www.gundem59.com.tr","job_title":"","description":""}],"_links":{"self":[{"href":"https:\/\/gundem59.com.tr\/index.php?rest_route=\/wp\/v2\/posts\/3226","targetHints":{"allow":["GET"]}}],"collection":[{"href":"https:\/\/gundem59.com.tr\/index.php?rest_route=\/wp\/v2\/posts"}],"about":[{"href":"https:\/\/gundem59.com.tr\/index.php?rest_route=\/wp\/v2\/types\/post"}],"author":[{"embeddable":true,"href":"https:\/\/gundem59.com.tr\/index.php?rest_route=\/wp\/v2\/users\/1"}],"replies":[{"embeddable":true,"href":"https:\/\/gundem59.com.tr\/index.php?rest_route=%2Fwp%2Fv2%2Fcomments&post=3226"}],"version-history":[{"count":1,"href":"https:\/\/gundem59.com.tr\/index.php?rest_route=\/wp\/v2\/posts\/3226\/revisions"}],"predecessor-version":[{"id":3228,"href":"https:\/\/gundem59.com.tr\/index.php?rest_route=\/wp\/v2\/posts\/3226\/revisions\/3228"}],"wp:featuredmedia":[{"embeddable":true,"href":"https:\/\/gundem59.com.tr\/index.php?rest_route=\/wp\/v2\/media\/3227"}],"wp:attachment":[{"href":"https:\/\/gundem59.com.tr\/index.php?rest_route=%2Fwp%2Fv2%2Fmedia&parent=3226"}],"wp:term":[{"taxonomy":"category","embeddable":true,"href":"https:\/\/gundem59.com.tr\/index.php?rest_route=%2Fwp%2Fv2%2Fcategories&post=3226"},{"taxonomy":"post_tag","embeddable":true,"href":"https:\/\/gundem59.com.tr\/index.php?rest_route=%2Fwp%2Fv2%2Ftags&post=3226"},{"taxonomy":"author","embeddable":true,"href":"https:\/\/gundem59.com.tr\/index.php?rest_route=%2Fwp%2Fv2%2Fppma_author&post=3226"}],"curies":[{"name":"wp","href":"https:\/\/api.w.org\/{rel}","templated":true}]}}