{"id":3223,"date":"2026-07-14T12:02:03","date_gmt":"2026-07-14T12:02:03","guid":{"rendered":"https:\/\/gundem59.com.tr\/?p=3223"},"modified":"2026-07-14T12:02:03","modified_gmt":"2026-07-14T12:02:03","slug":"kilicdaroglundan-dikkat-ceken-aciklama-bir-is-insani-destek-verdi","status":"publish","type":"post","link":"https:\/\/gundem59.com.tr\/?p=3223","title":{"rendered":"K\u0131l\u0131\u00e7daro\u011flu&#8217;ndan Dikkat \u00c7eken A\u00e7\u0131klama: \u201cBir \u0130\u015f \u0130nsan\u0131 Destek Verdi\u201d"},"content":{"rendered":"\n<p class=\"wp-block-paragraph\">Cumhuriyet Halk Partisi Genel Ba\u015fkan\u0131 Kemal K\u0131l\u0131\u00e7daro\u011flu, TV100 canl\u0131 yay\u0131n\u0131nda yapt\u0131\u011f\u0131 a\u00e7\u0131klamalarda genel ba\u015fkan olmad\u0131\u011f\u0131 d\u00f6nemde ya\u015fad\u0131\u011f\u0131 s\u00fcre\u00e7lere ili\u015fkin dikkat \u00e7eken ifadeler kulland\u0131. K\u0131l\u0131\u00e7daro\u011flu, kendisine tahsis edilen ara\u00e7lar\u0131n ve korumalar\u0131n\u0131n yemek giderlerinin bir d\u00f6nem CHP Genel Merkezi taraf\u0131ndan kar\u015f\u0131land\u0131\u011f\u0131n\u0131, daha sonra bu deste\u011fin sona erdi\u011fini s\u00f6yledi.<\/p>\n\n\n\n<h2 class=\"wp-block-heading\">\u201cAra\u00e7lar ve Yemek Giderleri Kesildi\u201d<\/h2>\n\n\n\n<p class=\"wp-block-paragraph\">Canl\u0131 yay\u0131nda konu\u015fan K\u0131l\u0131\u00e7daro\u011flu, genel ba\u015fkanl\u0131k g\u00f6revinde bulunmad\u0131\u011f\u0131 s\u00fcre\u00e7te CHP Genel Merkezi&#8217;nin kendisine sa\u011flanan baz\u0131 destekleri geri \u00e7ekti\u011fini belirterek, \u015fu ifadeleri kulland\u0131:<\/p>\n\n\n\n<blockquote class=\"wp-block-quote is-layout-flow wp-block-quote-is-layout-flow\">\n<p class=\"wp-block-paragraph\">\u201cGenel Merkez, korumalar\u0131n yeme\u011fini, bana tahsis edilen arabalar\u0131 geri \u00e7ekti. Bunu da ilk kez burada a\u00e7\u0131kl\u0131yorum. Bu ay\u0131p bir \u015feydir.\u201d<\/p>\n<\/blockquote>\n\n\n\n<h2 class=\"wp-block-heading\">\u201cBir \u0130\u015f \u0130nsan\u0131 Masraflar\u0131 Kar\u015f\u0131lad\u0131\u201d<\/h2>\n\n\n\n<p class=\"wp-block-paragraph\">K\u0131l\u0131\u00e7daro\u011flu, daha sonra bir i\u015f insan\u0131n\u0131n devreye girerek ara\u00e7 ve yemek giderlerini \u00fcstlendi\u011fini s\u00f6yledi.<\/p>\n\n\n\n<blockquote class=\"wp-block-quote is-layout-flow wp-block-quote-is-layout-flow\">\n<p class=\"wp-block-paragraph\">\u201cBir i\u015f insan\u0131 geldi, \u2018Bu polislerin yemek paras\u0131n\u0131 ben \u00f6deyeyim\u2019 dedi. Ara\u00e7lar\u0131m\u0131 \u00f6dedi, korumalar\u0131m\u0131n yemeklerini kar\u015f\u0131lad\u0131. Kim oldu\u011funu a\u00e7\u0131klamam do\u011fru olmaz.\u201d<\/p>\n<\/blockquote>\n\n\n\n<h2 class=\"wp-block-heading\">Parti \u0130\u00e7i Tart\u0131\u015fmalara De\u011findi<\/h2>\n\n\n\n<p class=\"wp-block-paragraph\">CHP i\u00e7indeki tart\u0131\u015fmalar hakk\u0131nda da de\u011ferlendirmelerde bulunan K\u0131l\u0131\u00e7daro\u011flu, partiden ayr\u0131lman\u0131n do\u011fru olmad\u0131\u011f\u0131n\u0131 belirterek \u015fu g\u00f6r\u00fc\u015fleri dile getirdi:<\/p>\n\n\n\n<blockquote class=\"wp-block-quote is-layout-flow wp-block-quote-is-layout-flow\">\n<p class=\"wp-block-paragraph\">\u201cGer\u00e7ek anlamda CHP\u2019li kendi partisini korur. Hi\u00e7 kimsenin partiden ayr\u0131lma l\u00fcks\u00fc yoktur. Kim partiden ayr\u0131l\u0131yorsa Erdo\u011fan\u2019a hizmet eder.\u201d<\/p>\n<\/blockquote>\n\n\n\n<p class=\"wp-block-paragraph\">Parti i\u00e7inde \u201cparalel yap\u0131\u201d olu\u015fmas\u0131na kar\u015f\u0131 oldu\u011funu ifade eden K\u0131l\u0131\u00e7daro\u011flu, \u00d6zg\u00fcr \u00d6zel&#8217;in partiden ayr\u0131lmas\u0131na gerek olmad\u0131\u011f\u0131n\u0131 ancak parti i\u00e7inde farkl\u0131 yap\u0131lanmalar\u0131n kabul edilemeyece\u011fini s\u00f6yledi.<\/p>\n\n\n\n<h2 class=\"wp-block-heading\">\u0130mamo\u011flu ve Cumhurba\u015fkanl\u0131\u011f\u0131 Adayl\u0131\u011f\u0131 A\u00e7\u0131klamas\u0131<\/h2>\n\n\n\n<p class=\"wp-block-paragraph\">Ekrem \u0130mamo\u011flu&#8217;nun olas\u0131 Cumhurba\u015fkanl\u0131\u011f\u0131 adayl\u0131\u011f\u0131 tart\u0131\u015fmalar\u0131na ili\u015fkin de konu\u015fan K\u0131l\u0131\u00e7daro\u011flu, adayl\u0131k konusunun erken oldu\u011funu ifade etti.<\/p>\n\n\n\n<blockquote class=\"wp-block-quote is-layout-flow wp-block-quote-is-layout-flow\">\n<p class=\"wp-block-paragraph\">\u201cCumhurba\u015fkanl\u0131\u011f\u0131 adayl\u0131\u011f\u0131n\u0131 konu\u015fmak kadar yanl\u0131\u015f bir \u015fey yok. Yeri ve zaman\u0131 gelince aday belli olur.\u201d<\/p>\n<\/blockquote>\n\n\n\n<p class=\"wp-block-paragraph\">\u0130BB soru\u015fturmas\u0131na ili\u015fkin ise belediye ba\u015fkanlar\u0131n\u0131n tutuksuz yarg\u0131lanmas\u0131 gerekti\u011fini d\u00fc\u015f\u00fcnd\u00fc\u011f\u00fcn\u00fc belirtti.<\/p>\n\n\n\n<h2 class=\"wp-block-heading\">Kurultay Mesaj\u0131<\/h2>\n\n\n\n<p class=\"wp-block-paragraph\">Kurultay s\u00fcrecine de de\u011finen K\u0131l\u0131\u00e7daro\u011flu, yarg\u0131 s\u00fcrecinin tamamlanmas\u0131n\u0131n ard\u0131ndan kurultay\u0131n yap\u0131labilece\u011fini ifade ederek:<\/p>\n\n\n\n<blockquote class=\"wp-block-quote is-layout-flow wp-block-quote-is-layout-flow\">\n<p class=\"wp-block-paragraph\">\u201c\u00d6zg\u00fcr Bey&#8217;ler Yarg\u0131tay&#8217;daki ba\u015fvurular\u0131n\u0131 geri \u00e7ekerse karar kesinle\u015fir, kurultay yap\u0131l\u0131r. O g\u00fcn geldi\u011finde adayl\u0131k konusunu de\u011ferlendiririz.\u201d dedi.<\/p>\n<\/blockquote>\n\n\n\n<p class=\"wp-block-paragraph\">&#x1f449; T\u00fcrkiye g\u00fcndeminden en g\u00fcncel haberler i\u00e7in;<\/p>\n\n\n\n<p class=\"wp-block-paragraph\">&#x1f310; <a href=\"http:\/\/www.gundem59.com.tr\/\">www.gundem59.com.tr<\/a><\/p>\n\n\n\n<p class=\"wp-block-paragraph\">&#x1f310; <a href=\"http:\/\/www.turkiyemhaber.com\/\">www.turkiyemhaber.com<\/a><\/p>\n\n\n\n<p class=\"wp-block-paragraph\">&#x1f310; <a href=\"http:\/\/www.gundem44.com.tr\/\">www.gundem44.com.tr<\/a><\/p>\n\n\n\n<p class=\"wp-block-paragraph\">&#x1f310; <a href=\"http:\/\/www.gundem34haber.com.tr\/\">www.gundem34haber.com.tr<\/a><\/p>\n\n\n\n<p class=\"wp-block-paragraph\">&#x1f310; <a href=\"http:\/\/www.saray59.com.tr\/\">www.saray59.com.tr<\/a><\/p>\n\n\n\n<p class=\"wp-block-paragraph\">&#x1f4fa; <a href=\"http:\/\/www.turkiyemhabertv.com\/\">www.turkiyemhabertv.com<\/a><\/p>\n\n\n\n<p class=\"wp-block-paragraph\">&#x1f4fb; <a href=\"http:\/\/www.turkiyemradyo.com\/\">www.turkiyemradyo.com<\/a><\/p>\n\n\n\n<p class=\"wp-block-paragraph\">&#x1f4f1; @gundem59__<\/p>\n\n\n\n<p class=\"wp-block-paragraph\">&#x1f4f1; @turkiyemhaber_tr<\/p>\n\n\n\n<p class=\"wp-block-paragraph\">#SonDakika #KemalK\u0131l\u0131\u00e7daro\u011flu #CHP #\u00d6zg\u00fcr\u00d6zel #Ekrem\u0130mamo\u011flu #Siyaset #Ankara #T\u00fcrkiye #G\u00fcndem #Gundem59 #TurkiyemHaber #Gundem44 #Gundem34Haber #Saray59 #TurkiyemHaberTV #TurkiyemRadyo<\/p>\n","protected":false},"excerpt":{"rendered":"<p>Cumhuriyet Halk Partisi Genel Ba\u015fkan\u0131 Kemal K\u0131l\u0131\u00e7daro\u011flu, TV100 canl\u0131 yay\u0131n\u0131nda yapt\u0131\u011f\u0131 a\u00e7\u0131klamalarda genel ba\u015fkan olmad\u0131\u011f\u0131&#8230;<\/p>\n","protected":false},"author":1,"featured_media":3224,"comment_status":"closed","ping_status":"closed","sticky":false,"template":"","format":"standard","meta":{"footnotes":""},"categories":[52],"tags":[],"ppma_author":[57],"class_list":["post-3223","post","type-post","status-publish","format-standard","has-post-thumbnail","hentry","category-politika"],"authors":[{"term_id":57,"user_id":1,"is_guest":0,"slug":"admin","display_name":"Alp Aslan","avatar_url":"https:\/\/secure.gravatar.com\/avatar\/07c18c5ad3350b025db8f3328450e071acb435c703e565899c880c63362f137a?s=96&d=mm&r=g","author_category":"1","first_name":"Alp Aslan","last_name":"ER\u0130N","user_url":"http:\/\/www.gundem59.com.tr","job_title":"","description":""}],"_links":{"self":[{"href":"https:\/\/gundem59.com.tr\/index.php?rest_route=\/wp\/v2\/posts\/3223","targetHints":{"allow":["GET"]}}],"collection":[{"href":"https:\/\/gundem59.com.tr\/index.php?rest_route=\/wp\/v2\/posts"}],"about":[{"href":"https:\/\/gundem59.com.tr\/index.php?rest_route=\/wp\/v2\/types\/post"}],"author":[{"embeddable":true,"href":"https:\/\/gundem59.com.tr\/index.php?rest_route=\/wp\/v2\/users\/1"}],"replies":[{"embeddable":true,"href":"https:\/\/gundem59.com.tr\/index.php?rest_route=%2Fwp%2Fv2%2Fcomments&post=3223"}],"version-history":[{"count":1,"href":"https:\/\/gundem59.com.tr\/index.php?rest_route=\/wp\/v2\/posts\/3223\/revisions"}],"predecessor-version":[{"id":3225,"href":"https:\/\/gundem59.com.tr\/index.php?rest_route=\/wp\/v2\/posts\/3223\/revisions\/3225"}],"wp:featuredmedia":[{"embeddable":true,"href":"https:\/\/gundem59.com.tr\/index.php?rest_route=\/wp\/v2\/media\/3224"}],"wp:attachment":[{"href":"https:\/\/gundem59.com.tr\/index.php?rest_route=%2Fwp%2Fv2%2Fmedia&parent=3223"}],"wp:term":[{"taxonomy":"category","embeddable":true,"href":"https:\/\/gundem59.com.tr\/index.php?rest_route=%2Fwp%2Fv2%2Fcategories&post=3223"},{"taxonomy":"post_tag","embeddable":true,"href":"https:\/\/gundem59.com.tr\/index.php?rest_route=%2Fwp%2Fv2%2Ftags&post=3223"},{"taxonomy":"author","embeddable":true,"href":"https:\/\/gundem59.com.tr\/index.php?rest_route=%2Fwp%2Fv2%2Fppma_author&post=3223"}],"curies":[{"name":"wp","href":"https:\/\/api.w.org\/{rel}","templated":true}]}}