{"id":3217,"date":"2026-07-14T11:56:39","date_gmt":"2026-07-14T11:56:39","guid":{"rendered":"https:\/\/gundem59.com.tr\/?p=3217"},"modified":"2026-07-14T11:56:40","modified_gmt":"2026-07-14T11:56:40","slug":"feto-ve-dhkp-c-baglantili-kisi-ve-kuruluslarin-mal-varliklari-donduruldu","status":"publish","type":"post","link":"https:\/\/gundem59.com.tr\/?p=3217","title":{"rendered":"FET\u00d6 ve DHKP\/C Ba\u011flant\u0131l\u0131 Ki\u015fi ve Kurulu\u015flar\u0131n Mal Varl\u0131klar\u0131 Donduruldu"},"content":{"rendered":"\n<p class=\"wp-block-paragraph\"><strong>Hazine ve Maliye Bakanl\u0131\u011f\u0131, FET\u00d6\/PDY ve DHKP\/C ter\u00f6r \u00f6rg\u00fctleriyle ba\u011flant\u0131l\u0131 oldu\u011fu de\u011ferlendirilen baz\u0131 ki\u015fi ve kurulu\u015flar\u0131n T\u00fcrkiye&#8217;deki mal varl\u0131klar\u0131n\u0131n dondurulmas\u0131na karar verdi. Karar, Resmi Gazete&#8217;de yay\u0131mlanarak y\u00fcr\u00fcrl\u00fc\u011fe girdi.<\/strong><\/p>\n\n\n\n<p class=\"wp-block-paragraph\">Ter\u00f6rizmin Finansman\u0131n\u0131n \u00d6nlenmesi Hakk\u0131nda Kanun kapsam\u0131nda al\u0131nan karara g\u00f6re, ter\u00f6r\u00fcn finansman\u0131 su\u00e7unu i\u015flediklerine dair makul sebepler bulundu\u011fu de\u011ferlendirilen ger\u00e7ek ve t\u00fczel ki\u015filere y\u00f6nelik mal varl\u0131\u011f\u0131 dondurma tedbiri uyguland\u0131.<\/p>\n\n\n\n<h2 class=\"wp-block-heading\">FET\u00d6 Ba\u011flant\u0131l\u0131 Ki\u015fi ve Kurulu\u015flar Listede<\/h2>\n\n\n\n<p class=\"wp-block-paragraph\">Karar kapsam\u0131nda FET\u00d6\/PDY ile ba\u011flant\u0131l\u0131 olduklar\u0131 belirtilen <strong>Hilal Kalyoncu, Celil Kalyoncu ve Do\u011fan Ertu\u011frul&#8217;un<\/strong> T\u00fcrkiye&#8217;deki mal varl\u0131klar\u0131 donduruldu.<\/p>\n\n\n\n<p class=\"wp-block-paragraph\">Ayr\u0131ca FET\u00d6\/PDY ile ba\u011flant\u0131l\u0131 oldu\u011fu de\u011ferlendirilen;<\/p>\n\n\n\n<ul class=\"wp-block-list\">\n<li>Kalyon Inc.<\/li>\n\n\n\n<li>International Journalists Association eV.<\/li>\n\n\n\n<li>Free Journalists Association<\/li>\n<\/ul>\n\n\n\n<p class=\"wp-block-paragraph\">isimli kurulu\u015flar hakk\u0131nda da mal varl\u0131\u011f\u0131 dondurma karar\u0131 verildi.<\/p>\n\n\n\n<h2 class=\"wp-block-heading\">DHKP\/C Ba\u011flant\u0131l\u0131 \u0130simlere de Tedbir<\/h2>\n\n\n\n<p class=\"wp-block-paragraph\">Resmi Gazete&#8217;de yay\u0131mlanan kararda, DHKP\/C ile ba\u011flant\u0131l\u0131 olduklar\u0131 belirtilen;<\/p>\n\n\n\n<ul class=\"wp-block-list\">\n<li>Ali Ercan G\u00f6ko\u011flu<\/li>\n\n\n\n<li>Zeliha Koyup\u0131nar<\/li>\n\n\n\n<li>Erdal G\u00f6ko\u011flu<\/li>\n<\/ul>\n\n\n\n<p class=\"wp-block-paragraph\">hakk\u0131nda da mal varl\u0131klar\u0131n\u0131n dondurulmas\u0131 karar\u0131 al\u0131nd\u0131\u011f\u0131 bildirildi.<\/p>\n\n\n\n<h2 class=\"wp-block-heading\">Bir Ki\u015fi Hakk\u0131ndaki Karar Kald\u0131r\u0131ld\u0131<\/h2>\n\n\n\n<p class=\"wp-block-paragraph\">\u00d6te yandan Hazine ve Maliye Bakanl\u0131\u011f\u0131 taraf\u0131ndan yay\u0131mlanan ayr\u0131 bir kararla, daha \u00f6nce mal varl\u0131\u011f\u0131 dondurulan Suriye uyruklu <strong>Omar Alwaki<\/strong> hakk\u0131ndaki tedbir kald\u0131r\u0131ld\u0131.<\/p>\n\n\n\n<p class=\"wp-block-paragraph\">Bakanl\u0131k, s\u00f6z konusu karar\u0131n kald\u0131r\u0131lmas\u0131na gerek\u00e7e olarak 6415 say\u0131l\u0131 Ter\u00f6rizmin Finansman\u0131n\u0131n \u00d6nlenmesi Hakk\u0131nda Kanun kapsam\u0131nda mal varl\u0131\u011f\u0131n\u0131n dondurulmas\u0131n\u0131 gerektiren \u015fartlar\u0131n ortadan kalkmas\u0131n\u0131 g\u00f6sterdi.<\/p>\n\n\n\n<p class=\"wp-block-paragraph\">Kararlar Resmi Gazete&#8217;de yay\u0131mlanmas\u0131yla birlikte y\u00fcr\u00fcrl\u00fc\u011fe girdi.<\/p>\n\n\n\n<p class=\"wp-block-paragraph\"><strong>Kaynak: AA<\/strong><\/p>\n\n\n\n<p class=\"wp-block-paragraph\">&#x1f449; T\u00fcrkiye g\u00fcndeminden en g\u00fcncel haberler i\u00e7in;<\/p>\n\n\n\n<p class=\"wp-block-paragraph\">&#x1f310; <a href=\"http:\/\/www.gundem59.com.tr\/\">www.gundem59.com.tr<\/a><\/p>\n\n\n\n<p class=\"wp-block-paragraph\">&#x1f310; <a href=\"http:\/\/www.turkiyemhaber.com\/\">www.turkiyemhaber.com<\/a><\/p>\n\n\n\n<p class=\"wp-block-paragraph\">&#x1f310; <a href=\"http:\/\/www.gundem44.com.tr\/\">www.gundem44.com.tr<\/a><\/p>\n\n\n\n<p class=\"wp-block-paragraph\">&#x1f310; <a href=\"http:\/\/www.gundem34haber.com.tr\/\">www.gundem34haber.com.tr<\/a><\/p>\n\n\n\n<p class=\"wp-block-paragraph\">&#x1f310; <a href=\"http:\/\/www.saray59.com.tr\/\">www.saray59.com.tr<\/a><\/p>\n\n\n\n<p class=\"wp-block-paragraph\">&#x1f4fa; <a href=\"http:\/\/www.turkiyemhabertv.com\/\">www.turkiyemhabertv.com<\/a><\/p>\n\n\n\n<p class=\"wp-block-paragraph\">&#x1f4fb; <a href=\"http:\/\/www.turkiyemradyo.com\/\">www.turkiyemradyo.com<\/a><\/p>\n\n\n\n<p class=\"wp-block-paragraph\">&#x1f4f1; @gundem59__<\/p>\n\n\n\n<p class=\"wp-block-paragraph\">&#x1f4f1; @turkiyemhaber_tr<\/p>\n\n\n\n<p class=\"wp-block-paragraph\">#SonDakika #T\u00fcrkiye #G\u00fcndem #Ekonomi #Politika #HazineVeMaliyeBakanl\u0131\u011f\u0131 #ResmiGazete #FET\u00d6 #DHKPC #Ter\u00f6r #MalVarl\u0131\u011f\u0131 #AA #Gundem59 #TurkiyemHaber #Gundem44 #Gundem34Haber #Saray59 #TurkiyemHaberTV #TurkiyemRadyo<\/p>\n","protected":false},"excerpt":{"rendered":"<p>Hazine ve Maliye Bakanl\u0131\u011f\u0131, FET\u00d6\/PDY ve DHKP\/C ter\u00f6r \u00f6rg\u00fctleriyle ba\u011flant\u0131l\u0131 oldu\u011fu de\u011ferlendirilen baz\u0131 ki\u015fi ve&#8230;<\/p>\n","protected":false},"author":1,"featured_media":3218,"comment_status":"closed","ping_status":"closed","sticky":false,"template":"","format":"standard","meta":{"footnotes":""},"categories":[30],"tags":[],"ppma_author":[57],"class_list":["post-3217","post","type-post","status-publish","format-standard","has-post-thumbnail","hentry","category-ulusal-gundem"],"authors":[{"term_id":57,"user_id":1,"is_guest":0,"slug":"admin","display_name":"Alp Aslan","avatar_url":"https:\/\/secure.gravatar.com\/avatar\/07c18c5ad3350b025db8f3328450e071acb435c703e565899c880c63362f137a?s=96&d=mm&r=g","author_category":"1","first_name":"Alp Aslan","last_name":"ER\u0130N","user_url":"http:\/\/www.gundem59.com.tr","job_title":"","description":""}],"_links":{"self":[{"href":"https:\/\/gundem59.com.tr\/index.php?rest_route=\/wp\/v2\/posts\/3217","targetHints":{"allow":["GET"]}}],"collection":[{"href":"https:\/\/gundem59.com.tr\/index.php?rest_route=\/wp\/v2\/posts"}],"about":[{"href":"https:\/\/gundem59.com.tr\/index.php?rest_route=\/wp\/v2\/types\/post"}],"author":[{"embeddable":true,"href":"https:\/\/gundem59.com.tr\/index.php?rest_route=\/wp\/v2\/users\/1"}],"replies":[{"embeddable":true,"href":"https:\/\/gundem59.com.tr\/index.php?rest_route=%2Fwp%2Fv2%2Fcomments&post=3217"}],"version-history":[{"count":1,"href":"https:\/\/gundem59.com.tr\/index.php?rest_route=\/wp\/v2\/posts\/3217\/revisions"}],"predecessor-version":[{"id":3219,"href":"https:\/\/gundem59.com.tr\/index.php?rest_route=\/wp\/v2\/posts\/3217\/revisions\/3219"}],"wp:featuredmedia":[{"embeddable":true,"href":"https:\/\/gundem59.com.tr\/index.php?rest_route=\/wp\/v2\/media\/3218"}],"wp:attachment":[{"href":"https:\/\/gundem59.com.tr\/index.php?rest_route=%2Fwp%2Fv2%2Fmedia&parent=3217"}],"wp:term":[{"taxonomy":"category","embeddable":true,"href":"https:\/\/gundem59.com.tr\/index.php?rest_route=%2Fwp%2Fv2%2Fcategories&post=3217"},{"taxonomy":"post_tag","embeddable":true,"href":"https:\/\/gundem59.com.tr\/index.php?rest_route=%2Fwp%2Fv2%2Ftags&post=3217"},{"taxonomy":"author","embeddable":true,"href":"https:\/\/gundem59.com.tr\/index.php?rest_route=%2Fwp%2Fv2%2Fppma_author&post=3217"}],"curies":[{"name":"wp","href":"https:\/\/api.w.org\/{rel}","templated":true}]}}