{"id":3211,"date":"2026-07-14T11:51:07","date_gmt":"2026-07-14T11:51:07","guid":{"rendered":"https:\/\/gundem59.com.tr\/?p=3211"},"modified":"2026-07-14T11:51:08","modified_gmt":"2026-07-14T11:51:08","slug":"bircan-baliden-haluk-levent-hakkinda-dikkat-ceken-iddialar","status":"publish","type":"post","link":"https:\/\/gundem59.com.tr\/?p=3211","title":{"rendered":"Bircan Bali&#8217;den Haluk Levent Hakk\u0131nda Dikkat \u00c7eken \u0130ddialar"},"content":{"rendered":"\n<p class=\"wp-block-paragraph\"><strong>AHBAP Derne\u011fi&#8217;ne y\u00f6nelik y\u00fcr\u00fct\u00fclen soru\u015fturma kapsam\u0131nda Haluk Levent&#8217;in de aralar\u0131nda bulundu\u011fu \u015f\u00fcphelilerin g\u00f6zalt\u0131na al\u0131nmas\u0131n\u0131n ard\u0131ndan, sunucu Bircan Bali&#8217;den dikkat \u00e7eken a\u00e7\u0131klamalar geldi. Bali, ge\u00e7mi\u015fte derne\u011fin faaliyetlerine ili\u015fkin baz\u0131 sorular y\u00f6neltti\u011fini ancak yan\u0131t alamad\u0131\u011f\u0131n\u0131 \u00f6ne s\u00fcrd\u00fc.<\/strong><\/p>\n\n\n\n<p class=\"wp-block-paragraph\">\u0130stanbul Cumhuriyet Ba\u015fsavc\u0131l\u0131\u011f\u0131 taraf\u0131ndan y\u00fcr\u00fct\u00fclen soru\u015fturma kapsam\u0131nda, AHBAP Derne\u011fi Ba\u015fkan\u0131 Haluk Levent ile birlikte \u00e7ok say\u0131da \u015f\u00fcpheli hakk\u0131nda g\u00f6zalt\u0131 karar\u0131 verilmi\u015fti. Soru\u015fturma kamuoyunda geni\u015f yank\u0131 uyand\u0131r\u0131rken, konuya ili\u015fkin de\u011ferlendirmeler de s\u00fcr\u00fcyor.<\/p>\n\n\n\n<h2 class=\"wp-block-heading\">&#8220;Ahbap&#8217;a Girmek \u0130stedim&#8221;<\/h2>\n\n\n\n<p class=\"wp-block-paragraph\">Bircan Bali, yapt\u0131\u011f\u0131 a\u00e7\u0131klamada ge\u00e7mi\u015fte derne\u011fin i\u015fleyi\u015fini yerinde g\u00f6rmek istedi\u011fini belirterek, &#8220;Beni de Ahbap&#8217;a al\u0131n, gelip program\u0131mda nas\u0131l \u00e7al\u0131\u015ft\u0131\u011f\u0131n\u0131z\u0131 anlatay\u0131m dedim. Bana, &#8216;Bizim her \u015feyimiz \u015feffaf&#8217; denildi&#8221; ifadelerini kulland\u0131.<\/p>\n\n\n\n<h2 class=\"wp-block-heading\">Konteyner Maliyetleri \u00dczerinden Ele\u015ftiri<\/h2>\n\n\n\n<p class=\"wp-block-paragraph\">Bali, deprem sonras\u0131 kurulan konteyner kentlere ili\u015fkin maliyetleri ara\u015ft\u0131rd\u0131\u011f\u0131n\u0131 \u00f6ne s\u00fcrerek, baz\u0131 fiyatlar aras\u0131nda b\u00fcy\u00fck farklar g\u00f6rd\u00fc\u011f\u00fcn\u00fc iddia etti.<\/p>\n\n\n\n<p class=\"wp-block-paragraph\">A\u00e7\u0131klamas\u0131nda, bir konteyner i\u00e7in talep edilen rakamlarla kendi ula\u015ft\u0131\u011f\u0131 fiyatlar aras\u0131nda ciddi fark bulundu\u011funu savunan Bali, bu konuda y\u00f6neltti\u011fi sorulara yan\u0131t alamad\u0131\u011f\u0131n\u0131 ileri s\u00fcrd\u00fc.<\/p>\n\n\n\n<h2 class=\"wp-block-heading\">&#8220;Cevap Alamam\u0131\u015ft\u0131m&#8221; \u0130ddias\u0131<\/h2>\n\n\n\n<p class=\"wp-block-paragraph\">Bircan Bali, yapt\u0131\u011f\u0131 a\u00e7\u0131klamada yard\u0131m projelerine ili\u015fkin harcamalar konusunda soru i\u015faretleri ya\u015fad\u0131\u011f\u0131n\u0131 belirterek, o d\u00f6nemde kamuoyuna a\u00e7\u0131klad\u0131\u011f\u0131 ele\u015ftirilerini hat\u0131rlatt\u0131.<\/p>\n\n\n\n<p class=\"wp-block-paragraph\">\u00d6te yandan soru\u015fturma kapsam\u0131nda ortaya at\u0131lan iddialar ve mali incelemelere ili\u015fkin s\u00fcre\u00e7 devam ederken, konuya ili\u015fkin nihai de\u011ferlendirmeyi adli makamlar yapacak.<\/p>\n\n\n\n<p class=\"wp-block-paragraph\">Soru\u015fturma kapsam\u0131nda g\u00f6zalt\u0131na al\u0131nan \u015f\u00fcphelilerin emniyetteki i\u015flemleri s\u00fcr\u00fcyor.<\/p>\n\n\n\n<p class=\"wp-block-paragraph\">&#x1f449; T\u00fcrkiye g\u00fcndeminden en g\u00fcncel haberler i\u00e7in;<\/p>\n\n\n\n<p class=\"wp-block-paragraph\">&#x1f310; <a href=\"http:\/\/www.gundem59.com.tr\/\">www.gundem59.com.tr<\/a><\/p>\n\n\n\n<p class=\"wp-block-paragraph\">&#x1f310; <a href=\"http:\/\/www.turkiyemhaber.com\/\">www.turkiyemhaber.com<\/a><\/p>\n\n\n\n<p class=\"wp-block-paragraph\">&#x1f310; <a href=\"http:\/\/www.gundem44.com.tr\/\">www.gundem44.com.tr<\/a><\/p>\n\n\n\n<p class=\"wp-block-paragraph\">&#x1f310; <a href=\"http:\/\/www.gundem34haber.com.tr\/\">www.gundem34haber.com.tr<\/a><\/p>\n\n\n\n<p class=\"wp-block-paragraph\">&#x1f310; <a href=\"http:\/\/www.saray59.com.tr\/\">www.saray59.com.tr<\/a><\/p>\n\n\n\n<p class=\"wp-block-paragraph\">&#x1f4fa; <a href=\"http:\/\/www.turkiyemhabertv.com\/\">www.turkiyemhabertv.com<\/a><\/p>\n\n\n\n<p class=\"wp-block-paragraph\">&#x1f4fb; <a href=\"http:\/\/www.turkiyemradyo.com\/\">www.turkiyemradyo.com<\/a><\/p>\n\n\n\n<p class=\"wp-block-paragraph\">&#x1f4f1; @gundem59__<\/p>\n\n\n\n<p class=\"wp-block-paragraph\">&#x1f4f1; @turkiyemhaber_tr<\/p>\n\n\n\n<p class=\"wp-block-paragraph\">#SonDakika #T\u00fcrkiye #G\u00fcndem #Magazin #BircanBali #HalukLevent #Ahbap #G\u00fcncel #Haber #Gundem59 #TurkiyemHaber #Gundem44 #Gundem34Haber #Saray59 #TurkiyemHaberTV #TurkiyemRadyo<\/p>\n","protected":false},"excerpt":{"rendered":"<p>AHBAP Derne\u011fi&#8217;ne y\u00f6nelik y\u00fcr\u00fct\u00fclen soru\u015fturma kapsam\u0131nda Haluk Levent&#8217;in de aralar\u0131nda bulundu\u011fu \u015f\u00fcphelilerin g\u00f6zalt\u0131na al\u0131nmas\u0131n\u0131n ard\u0131ndan,&#8230;<\/p>\n","protected":false},"author":1,"featured_media":3212,"comment_status":"closed","ping_status":"closed","sticky":false,"template":"","format":"standard","meta":{"footnotes":""},"categories":[51],"tags":[],"ppma_author":[57],"class_list":["post-3211","post","type-post","status-publish","format-standard","has-post-thumbnail","hentry","category-magazin"],"authors":[{"term_id":57,"user_id":1,"is_guest":0,"slug":"admin","display_name":"Alp Aslan","avatar_url":"https:\/\/secure.gravatar.com\/avatar\/07c18c5ad3350b025db8f3328450e071acb435c703e565899c880c63362f137a?s=96&d=mm&r=g","author_category":"1","first_name":"Alp Aslan","last_name":"ER\u0130N","user_url":"http:\/\/www.gundem59.com.tr","job_title":"","description":""}],"_links":{"self":[{"href":"https:\/\/gundem59.com.tr\/index.php?rest_route=\/wp\/v2\/posts\/3211","targetHints":{"allow":["GET"]}}],"collection":[{"href":"https:\/\/gundem59.com.tr\/index.php?rest_route=\/wp\/v2\/posts"}],"about":[{"href":"https:\/\/gundem59.com.tr\/index.php?rest_route=\/wp\/v2\/types\/post"}],"author":[{"embeddable":true,"href":"https:\/\/gundem59.com.tr\/index.php?rest_route=\/wp\/v2\/users\/1"}],"replies":[{"embeddable":true,"href":"https:\/\/gundem59.com.tr\/index.php?rest_route=%2Fwp%2Fv2%2Fcomments&post=3211"}],"version-history":[{"count":1,"href":"https:\/\/gundem59.com.tr\/index.php?rest_route=\/wp\/v2\/posts\/3211\/revisions"}],"predecessor-version":[{"id":3213,"href":"https:\/\/gundem59.com.tr\/index.php?rest_route=\/wp\/v2\/posts\/3211\/revisions\/3213"}],"wp:featuredmedia":[{"embeddable":true,"href":"https:\/\/gundem59.com.tr\/index.php?rest_route=\/wp\/v2\/media\/3212"}],"wp:attachment":[{"href":"https:\/\/gundem59.com.tr\/index.php?rest_route=%2Fwp%2Fv2%2Fmedia&parent=3211"}],"wp:term":[{"taxonomy":"category","embeddable":true,"href":"https:\/\/gundem59.com.tr\/index.php?rest_route=%2Fwp%2Fv2%2Fcategories&post=3211"},{"taxonomy":"post_tag","embeddable":true,"href":"https:\/\/gundem59.com.tr\/index.php?rest_route=%2Fwp%2Fv2%2Ftags&post=3211"},{"taxonomy":"author","embeddable":true,"href":"https:\/\/gundem59.com.tr\/index.php?rest_route=%2Fwp%2Fv2%2Fppma_author&post=3211"}],"curies":[{"name":"wp","href":"https:\/\/api.w.org\/{rel}","templated":true}]}}