{"id":3206,"date":"2026-07-14T11:42:40","date_gmt":"2026-07-14T11:42:40","guid":{"rendered":"https:\/\/gundem59.com.tr\/?p=3206"},"modified":"2026-07-14T11:42:41","modified_gmt":"2026-07-14T11:42:41","slug":"aymden-emsal-karar-bosandigi-esiyle-birlikte-yasayanlarin-maasi-kesilebilecek","status":"publish","type":"post","link":"https:\/\/gundem59.com.tr\/?p=3206","title":{"rendered":"AYM&#8217;den Emsal Karar: Bo\u015fand\u0131\u011f\u0131 E\u015fiyle Birlikte Ya\u015fayanlar\u0131n Maa\u015f\u0131 Kesilebilecek"},"content":{"rendered":"\n<p class=\"wp-block-paragraph\">Anayasa Mahkemesi (AYM), bo\u015fand\u0131\u011f\u0131 e\u015fiyle fiilen birlikte ya\u015famaya devam etti\u011fi tespit edilen ki\u015filere ba\u011flanan gelir ve ayl\u0131klar\u0131n kesilmesini \u00f6ng\u00f6ren d\u00fczenlemeyi Anayasa&#8217;ya uygun buldu.<\/p>\n\n\n\n<p class=\"wp-block-paragraph\">Y\u00fcksek Mahkeme, s\u00f6z konusu d\u00fczenlemenin iptali istemini reddederek uygulaman\u0131n devam\u0131na karar verdi.<\/p>\n\n\n\n<h2 class=\"wp-block-heading\">Ba\u015fvuru \u0130stanbul&#8217;dan Geldi<\/h2>\n\n\n\n<p class=\"wp-block-paragraph\">\u0130stanbul Anadolu 21. \u0130\u015f Mahkemesi, bakt\u0131\u011f\u0131 bir dava kapsam\u0131nda 5510 say\u0131l\u0131 Sosyal Sigortalar ve Genel Sa\u011fl\u0131k Sigortas\u0131 Kanunu&#8217;nun ilgili h\u00fckm\u00fcn\u00fcn Anayasa&#8217;ya ayk\u0131r\u0131 oldu\u011fu iddias\u0131yla Anayasa Mahkemesi&#8217;ne ba\u015fvurmu\u015ftu.<\/p>\n\n\n\n<p class=\"wp-block-paragraph\">D\u00fczenlemede, bo\u015fand\u0131\u011f\u0131 e\u015fiyle fiilen birlikte ya\u015fad\u0131\u011f\u0131 belirlenen e\u015f ve \u00e7ocuklar\u0131n gelir ve ayl\u0131klar\u0131n\u0131n kesilmesi, daha \u00f6nce yap\u0131lan \u00f6demelerin ise geri al\u0131nmas\u0131 \u00f6ng\u00f6r\u00fcl\u00fcyor.<\/p>\n\n\n\n<h2 class=\"wp-block-heading\">AYM \u0130ptal Talebini Reddetti<\/h2>\n\n\n\n<p class=\"wp-block-paragraph\">Ba\u015fvuruyu de\u011ferlendiren Anayasa Mahkemesi, d\u00fczenlemenin a\u00e7\u0131k, net ve uygulanabilir oldu\u011funu belirterek iptal istemini oy \u00e7oklu\u011fuyla reddetti.<\/p>\n\n\n\n<p class=\"wp-block-paragraph\">Kararda, gelir ve ayl\u0131klar\u0131n hangi durumlarda kesilece\u011finin kanunda a\u00e7\u0131k \u015fekilde d\u00fczenlendi\u011fi, ayr\u0131ca geri al\u0131nacak \u00f6demelere ili\u015fkin usul ve esaslarda da herhangi bir belirsizlik bulunmad\u0131\u011f\u0131 ifade edildi.<\/p>\n\n\n\n<h2 class=\"wp-block-heading\">&#8220;Kamu Kaynaklar\u0131n\u0131n Korunmas\u0131 Ama\u00e7lan\u0131yor&#8221;<\/h2>\n\n\n\n<p class=\"wp-block-paragraph\">AYM karar\u0131nda, bo\u015fanan e\u015f ve \u00e7ocuklara gelir veya ayl\u0131k ba\u011flanmas\u0131n\u0131n temel amac\u0131n\u0131n sosyal g\u00fcvenlik deste\u011fi sa\u011flamak oldu\u011fu vurguland\u0131.<\/p>\n\n\n\n<p class=\"wp-block-paragraph\">Kararda \u015fu de\u011ferlendirmeye yer verildi:<\/p>\n\n\n\n<p class=\"wp-block-paragraph\">&#8220;E\u015finden bo\u015fanan ancak bo\u015fand\u0131\u011f\u0131 e\u015fiyle birlikte ya\u015famaya devam eden ve fiilen e\u015f deste\u011finden yoksun kalmayan ki\u015filere ba\u011flanan gelir ve ayl\u0131klar\u0131n kesilmesiyle hakk\u0131n k\u00f6t\u00fcye kullan\u0131lmas\u0131n\u0131n \u00f6nlenmesi ve sosyal g\u00fcvenlik sistemindeki kamu kaynaklar\u0131n\u0131n verimli kullan\u0131lmas\u0131n\u0131n ama\u00e7land\u0131\u011f\u0131 a\u00e7\u0131kt\u0131r.&#8221;<\/p>\n\n\n\n<h2 class=\"wp-block-heading\">\u00d6demeler Geri \u0130stenebilecek<\/h2>\n\n\n\n<p class=\"wp-block-paragraph\">Karara g\u00f6re, SGK taraf\u0131ndan yap\u0131lan incelemelerde bo\u015fan\u0131lan e\u015fle fiilen birlikte ya\u015fand\u0131\u011f\u0131n\u0131n tespit edilmesi halinde ba\u011flanan gelir ve ayl\u0131klar kesilebilecek. Ayr\u0131ca daha \u00f6nce yap\u0131lan \u00f6demeler de ilgili mevzuat kapsam\u0131nda geri tahsil edilebilecek.<\/p>\n\n\n\n<p class=\"wp-block-paragraph\">AYM&#8217;nin karar\u0131yla birlikte mevcut uygulaman\u0131n Anayasa&#8217;ya uygun oldu\u011fu y\u00f6n\u00fcndeki hukuki de\u011ferlendirme kesinle\u015fmi\u015f oldu.<\/p>\n\n\n\n<hr class=\"wp-block-separator has-alpha-channel-opacity\"\/>\n\n\n\n<p class=\"wp-block-paragraph\">&#x1f449; T\u00fcrkiye g\u00fcndeminden en g\u00fcncel haberler i\u00e7in;<\/p>\n\n\n\n<p class=\"wp-block-paragraph\">&#x1f310; <a href=\"http:\/\/www.gundem59.com.tr\/\">www.gundem59.com.tr<\/a><\/p>\n\n\n\n<p class=\"wp-block-paragraph\">&#x1f310; <a href=\"http:\/\/www.turkiyemhaber.com\/\">www.turkiyemhaber.com<\/a><\/p>\n\n\n\n<p class=\"wp-block-paragraph\">&#x1f310; <a href=\"http:\/\/www.gundem44.com.tr\/\">www.gundem44.com.tr<\/a><\/p>\n\n\n\n<p class=\"wp-block-paragraph\">&#x1f310; <a href=\"http:\/\/www.gundem34haber.com.tr\/\">www.gundem34haber.com.tr<\/a><\/p>\n\n\n\n<p class=\"wp-block-paragraph\">&#x1f310; <a href=\"http:\/\/www.saray59.com.tr\/\">www.saray59.com.tr<\/a><\/p>\n\n\n\n<p class=\"wp-block-paragraph\">&#x1f4fa; <a href=\"http:\/\/www.turkiyemhabertv.com\/\">www.turkiyemhabertv.com<\/a><\/p>\n\n\n\n<p class=\"wp-block-paragraph\">&#x1f4fb; <a href=\"http:\/\/www.turkiyemradyo.com\/\">www.turkiyemradyo.com<\/a><\/p>\n\n\n\n<p class=\"wp-block-paragraph\">&#x1f4f1; @gundem59__<\/p>\n\n\n\n<p class=\"wp-block-paragraph\">&#x1f4f1; @turkiyemhaber_tr<\/p>\n\n\n\n<p class=\"wp-block-paragraph\">#SonDakika #AYM #AnayasaMahkemesi #SGK #EmekliMaa\u015f\u0131 #SosyalG\u00fcvenlik #ResmiGazete #T\u00fcrkiye #G\u00fcndem #Ekonomi #Haber #Gundem59 #TurkiyemHaber #Gundem44 #Gundem34Haber #Saray59 #TurkiyemHaberTV #TurkiyemRadyo<\/p>\n","protected":false},"excerpt":{"rendered":"<p>Anayasa Mahkemesi (AYM), bo\u015fand\u0131\u011f\u0131 e\u015fiyle fiilen birlikte ya\u015famaya devam etti\u011fi tespit edilen ki\u015filere ba\u011flanan gelir&#8230;<\/p>\n","protected":false},"author":1,"featured_media":3207,"comment_status":"closed","ping_status":"closed","sticky":false,"template":"","format":"standard","meta":{"footnotes":""},"categories":[30],"tags":[],"ppma_author":[57],"class_list":["post-3206","post","type-post","status-publish","format-standard","has-post-thumbnail","hentry","category-ulusal-gundem"],"authors":[{"term_id":57,"user_id":1,"is_guest":0,"slug":"admin","display_name":"Alp Aslan","avatar_url":"https:\/\/secure.gravatar.com\/avatar\/07c18c5ad3350b025db8f3328450e071acb435c703e565899c880c63362f137a?s=96&d=mm&r=g","author_category":"1","first_name":"Alp Aslan","last_name":"ER\u0130N","user_url":"http:\/\/www.gundem59.com.tr","job_title":"","description":""}],"_links":{"self":[{"href":"https:\/\/gundem59.com.tr\/index.php?rest_route=\/wp\/v2\/posts\/3206","targetHints":{"allow":["GET"]}}],"collection":[{"href":"https:\/\/gundem59.com.tr\/index.php?rest_route=\/wp\/v2\/posts"}],"about":[{"href":"https:\/\/gundem59.com.tr\/index.php?rest_route=\/wp\/v2\/types\/post"}],"author":[{"embeddable":true,"href":"https:\/\/gundem59.com.tr\/index.php?rest_route=\/wp\/v2\/users\/1"}],"replies":[{"embeddable":true,"href":"https:\/\/gundem59.com.tr\/index.php?rest_route=%2Fwp%2Fv2%2Fcomments&post=3206"}],"version-history":[{"count":1,"href":"https:\/\/gundem59.com.tr\/index.php?rest_route=\/wp\/v2\/posts\/3206\/revisions"}],"predecessor-version":[{"id":3208,"href":"https:\/\/gundem59.com.tr\/index.php?rest_route=\/wp\/v2\/posts\/3206\/revisions\/3208"}],"wp:featuredmedia":[{"embeddable":true,"href":"https:\/\/gundem59.com.tr\/index.php?rest_route=\/wp\/v2\/media\/3207"}],"wp:attachment":[{"href":"https:\/\/gundem59.com.tr\/index.php?rest_route=%2Fwp%2Fv2%2Fmedia&parent=3206"}],"wp:term":[{"taxonomy":"category","embeddable":true,"href":"https:\/\/gundem59.com.tr\/index.php?rest_route=%2Fwp%2Fv2%2Fcategories&post=3206"},{"taxonomy":"post_tag","embeddable":true,"href":"https:\/\/gundem59.com.tr\/index.php?rest_route=%2Fwp%2Fv2%2Ftags&post=3206"},{"taxonomy":"author","embeddable":true,"href":"https:\/\/gundem59.com.tr\/index.php?rest_route=%2Fwp%2Fv2%2Fppma_author&post=3206"}],"curies":[{"name":"wp","href":"https:\/\/api.w.org\/{rel}","templated":true}]}}