{"id":3203,"date":"2026-07-14T11:38:45","date_gmt":"2026-07-14T11:38:45","guid":{"rendered":"https:\/\/gundem59.com.tr\/?p=3203"},"modified":"2026-07-14T11:38:46","modified_gmt":"2026-07-14T11:38:46","slug":"fatih-altaylidan-haluk-levent-degerlendirmesi-yanilmis-olmayi-tercih-ederdim","status":"publish","type":"post","link":"https:\/\/gundem59.com.tr\/?p=3203","title":{"rendered":"Fatih Altayl\u0131&#8217;dan Haluk Levent De\u011ferlendirmesi: &#8220;Yan\u0131lm\u0131\u015f Olmay\u0131 Tercih Ederdim&#8221;"},"content":{"rendered":"\n<p class=\"wp-block-paragraph\">AHBAP Derne\u011fi&#8217;ne y\u00f6nelik y\u00fcr\u00fct\u00fclen soru\u015fturma kapsam\u0131nda dernek ba\u015fkan\u0131 Haluk Levent&#8217;in de aralar\u0131nda bulundu\u011fu \u00e7ok say\u0131da ki\u015finin g\u00f6zalt\u0131na al\u0131nmas\u0131n\u0131n ard\u0131ndan gazeteci Fatih Altayl\u0131&#8217;dan dikkat \u00e7eken bir de\u011ferlendirme geldi.<\/p>\n\n\n\n<p class=\"wp-block-paragraph\">K\u00f6\u015fesinde kaleme ald\u0131\u011f\u0131 yaz\u0131da ge\u00e7mi\u015fte Haluk Levent ve AHBAP Derne\u011fi hakk\u0131nda yapt\u0131\u011f\u0131 a\u00e7\u0131klamalar\u0131 hat\u0131rlatan Altayl\u0131, uzun s\u00fcredir derne\u011fin mali yap\u0131s\u0131n\u0131n daha \u015feffaf olmas\u0131 gerekti\u011fini savundu\u011funu belirtti.<\/p>\n\n\n\n<h3 class=\"wp-block-heading\">Ge\u00e7mi\u015fteki Uyar\u0131lar\u0131n\u0131 Hat\u0131rlatt\u0131<\/h3>\n\n\n\n<p class=\"wp-block-paragraph\">Fatih Altayl\u0131, daha \u00f6nce Haluk Levent&#8217;e y\u00f6nelik baz\u0131 duyumlar\u0131n\u0131 kendisiyle payla\u015ft\u0131\u011f\u0131n\u0131 ve bu nedenle derne\u011fin mali faaliyetlerinin kamuoyuna a\u00e7\u0131k \u015fekilde denetlenmesi gerekti\u011fini ifade etti.<\/p>\n\n\n\n<p class=\"wp-block-paragraph\">Altayl\u0131, AHBAP Derne\u011fi&#8217;ne yap\u0131lan y\u00fcksek tutarl\u0131 ba\u011f\u0131\u015flar\u0131n ve mali hareketlerin ba\u011f\u0131ms\u0131z denetim raporlar\u0131yla d\u00fczenli olarak kamuoyuna a\u00e7\u0131klanmas\u0131n\u0131n \u00f6nemine dikkat \u00e7ekti.<\/p>\n\n\n\n<h3 class=\"wp-block-heading\">&#8220;\u015eeffafl\u0131k \u00c7a\u011fr\u0131s\u0131 Yapm\u0131\u015ft\u0131m&#8221;<\/h3>\n\n\n\n<p class=\"wp-block-paragraph\">Yaz\u0131s\u0131nda derne\u011fin internet sitesinde ba\u011f\u0131ms\u0131z denetim raporlar\u0131n\u0131n bulunmad\u0131\u011f\u0131n\u0131 \u00f6ne s\u00fcren Altayl\u0131, ge\u00e7mi\u015fte yapt\u0131\u011f\u0131 \u015feffafl\u0131k \u00e7a\u011fr\u0131lar\u0131n\u0131 yeniden g\u00fcndeme ta\u015f\u0131d\u0131.<\/p>\n\n\n\n<p class=\"wp-block-paragraph\">Soru\u015fturma s\u00fcrecinin devam etti\u011fini belirten Altayl\u0131, ortaya \u00e7\u0131kan geli\u015fmeler nedeniyle memnuniyet duymad\u0131\u011f\u0131n\u0131 ifade etti.<\/p>\n\n\n\n<h3 class=\"wp-block-heading\">&#8220;Hakl\u0131 \u00c7\u0131kmak De\u011fil, Yan\u0131lm\u0131\u015f Olmak \u0130sterdim&#8221;<\/h3>\n\n\n\n<p class=\"wp-block-paragraph\">Fatih Altayl\u0131 yaz\u0131s\u0131nda \u015fu ifadeleri kulland\u0131:<\/p>\n\n\n\n<blockquote class=\"wp-block-quote is-layout-flow wp-block-quote-is-layout-flow\">\n<p class=\"wp-block-paragraph\">&#8220;Bazen hakl\u0131 \u00e7\u0131kmak de\u011fil, hakl\u0131 \u00e7\u0131kmamak, bilmek de\u011fil, yan\u0131lm\u0131\u015f olmak istersiniz.&#8221;<\/p>\n<\/blockquote>\n\n\n\n<p class=\"wp-block-paragraph\">Altayl\u0131&#8217;n\u0131n a\u00e7\u0131klamalar\u0131 kamuoyunda geni\u015f yank\u0131 uyand\u0131r\u0131rken, AHBAP Derne\u011fi&#8217;ne ili\u015fkin soru\u015fturma \u0130stanbul Cumhuriyet Ba\u015fsavc\u0131l\u0131\u011f\u0131 taraf\u0131ndan s\u00fcrd\u00fcr\u00fcl\u00fcyor.<\/p>\n\n\n\n<p class=\"wp-block-paragraph\">Soru\u015fturma kapsam\u0131nda ortaya at\u0131lan iddialar hakk\u0131nda yarg\u0131 s\u00fcreci devam ederken, konuya ili\u015fkin nihai de\u011ferlendirme adli makamlar taraf\u0131ndan yap\u0131lacak.<\/p>\n\n\n\n<hr class=\"wp-block-separator has-alpha-channel-opacity\"\/>\n\n\n\n<p class=\"wp-block-paragraph\">&#x1f449; T\u00fcrkiye g\u00fcndeminden en g\u00fcncel haberler i\u00e7in;<\/p>\n\n\n\n<p class=\"wp-block-paragraph\">&#x1f310; <a href=\"http:\/\/www.gundem59.com.tr\/\">www.gundem59.com.tr<\/a><\/p>\n\n\n\n<p class=\"wp-block-paragraph\">&#x1f310; <a href=\"http:\/\/www.turkiyemhaber.com\/\">www.turkiyemhaber.com<\/a><\/p>\n\n\n\n<p class=\"wp-block-paragraph\">&#x1f310; <a href=\"http:\/\/www.gundem44.com.tr\/\">www.gundem44.com.tr<\/a><\/p>\n\n\n\n<p class=\"wp-block-paragraph\">&#x1f310; <a href=\"http:\/\/www.gundem34haber.com.tr\/\">www.gundem34haber.com.tr<\/a><\/p>\n\n\n\n<p class=\"wp-block-paragraph\">&#x1f310; <a href=\"http:\/\/www.saray59.com.tr\/\">www.saray59.com.tr<\/a><\/p>\n\n\n\n<p class=\"wp-block-paragraph\">&#x1f4fa; <a href=\"http:\/\/www.turkiyemhabertv.com\/\">www.turkiyemhabertv.com<\/a><\/p>\n\n\n\n<p class=\"wp-block-paragraph\">&#x1f4fb; <a href=\"http:\/\/www.turkiyemradyo.com\/\">www.turkiyemradyo.com<\/a><\/p>\n\n\n\n<p class=\"wp-block-paragraph\">&#x1f4f1; @gundem59__<\/p>\n\n\n\n<p class=\"wp-block-paragraph\">&#x1f4f1; @turkiyemhaber_tr<\/p>\n\n\n\n<p class=\"wp-block-paragraph\">#SonDakika #FatihAltayl\u0131 #HalukLevent #Ahbap #AHBAP #G\u00fcndem #T\u00fcrkiye #Haber #Gazeteci #Gundem59 #TurkiyemHaber #Gundem44 #Gundem34Haber #Saray59 #TurkiyemHaberTV #TurkiyemRadyo<\/p>\n","protected":false},"excerpt":{"rendered":"<p>AHBAP Derne\u011fi&#8217;ne y\u00f6nelik y\u00fcr\u00fct\u00fclen soru\u015fturma kapsam\u0131nda dernek ba\u015fkan\u0131 Haluk Levent&#8217;in de aralar\u0131nda bulundu\u011fu \u00e7ok say\u0131da&#8230;<\/p>\n","protected":false},"author":1,"featured_media":3204,"comment_status":"closed","ping_status":"closed","sticky":false,"template":"","format":"standard","meta":{"footnotes":""},"categories":[30],"tags":[],"ppma_author":[57],"class_list":["post-3203","post","type-post","status-publish","format-standard","has-post-thumbnail","hentry","category-ulusal-gundem"],"authors":[{"term_id":57,"user_id":1,"is_guest":0,"slug":"admin","display_name":"Alp Aslan","avatar_url":"https:\/\/secure.gravatar.com\/avatar\/07c18c5ad3350b025db8f3328450e071acb435c703e565899c880c63362f137a?s=96&d=mm&r=g","author_category":"1","first_name":"Alp Aslan","last_name":"ER\u0130N","user_url":"http:\/\/www.gundem59.com.tr","job_title":"","description":""}],"_links":{"self":[{"href":"https:\/\/gundem59.com.tr\/index.php?rest_route=\/wp\/v2\/posts\/3203","targetHints":{"allow":["GET"]}}],"collection":[{"href":"https:\/\/gundem59.com.tr\/index.php?rest_route=\/wp\/v2\/posts"}],"about":[{"href":"https:\/\/gundem59.com.tr\/index.php?rest_route=\/wp\/v2\/types\/post"}],"author":[{"embeddable":true,"href":"https:\/\/gundem59.com.tr\/index.php?rest_route=\/wp\/v2\/users\/1"}],"replies":[{"embeddable":true,"href":"https:\/\/gundem59.com.tr\/index.php?rest_route=%2Fwp%2Fv2%2Fcomments&post=3203"}],"version-history":[{"count":1,"href":"https:\/\/gundem59.com.tr\/index.php?rest_route=\/wp\/v2\/posts\/3203\/revisions"}],"predecessor-version":[{"id":3205,"href":"https:\/\/gundem59.com.tr\/index.php?rest_route=\/wp\/v2\/posts\/3203\/revisions\/3205"}],"wp:featuredmedia":[{"embeddable":true,"href":"https:\/\/gundem59.com.tr\/index.php?rest_route=\/wp\/v2\/media\/3204"}],"wp:attachment":[{"href":"https:\/\/gundem59.com.tr\/index.php?rest_route=%2Fwp%2Fv2%2Fmedia&parent=3203"}],"wp:term":[{"taxonomy":"category","embeddable":true,"href":"https:\/\/gundem59.com.tr\/index.php?rest_route=%2Fwp%2Fv2%2Fcategories&post=3203"},{"taxonomy":"post_tag","embeddable":true,"href":"https:\/\/gundem59.com.tr\/index.php?rest_route=%2Fwp%2Fv2%2Ftags&post=3203"},{"taxonomy":"author","embeddable":true,"href":"https:\/\/gundem59.com.tr\/index.php?rest_route=%2Fwp%2Fv2%2Fppma_author&post=3203"}],"curies":[{"name":"wp","href":"https:\/\/api.w.org\/{rel}","templated":true}]}}