{"id":3200,"date":"2026-07-14T11:36:17","date_gmt":"2026-07-14T11:36:17","guid":{"rendered":"https:\/\/gundem59.com.tr\/?p=3200"},"modified":"2026-07-14T11:36:18","modified_gmt":"2026-07-14T11:36:18","slug":"telefon-ithalatinda-yeni-donem-gozetim-kiymeti-250-dolara-yukseltildi","status":"publish","type":"post","link":"https:\/\/gundem59.com.tr\/?p=3200","title":{"rendered":"Telefon \u0130thalat\u0131nda Yeni D\u00f6nem: G\u00f6zetim K\u0131ymeti 250 Dolara Y\u00fckseltildi"},"content":{"rendered":"\n<p class=\"wp-block-paragraph\">Ak\u0131ll\u0131 telefon piyasas\u0131n\u0131 yak\u0131ndan ilgilendiren yeni d\u00fczenleme Resmi Gazete&#8217;de yay\u0131mland\u0131. Yap\u0131lan de\u011fi\u015fiklikle cep telefonu ithalat\u0131nda uygulanan g\u00f6zetim k\u0131ymeti 200 dolardan 250 dolara \u00e7\u0131kar\u0131ld\u0131.<\/p>\n\n\n\n<h3 class=\"wp-block-heading\">Yeni Uygulama 10 A\u011fustos&#8217;ta Ba\u015flayacak<\/h3>\n\n\n\n<p class=\"wp-block-paragraph\">Yay\u0131mlanan tebli\u011fe g\u00f6re ithal edilen cep telefonlar\u0131nda g\u00f6zetim uygulamas\u0131nda esas al\u0131nan birim de\u011fer y\u00fczde 25 art\u0131r\u0131larak 250 dolar olarak belirlendi. D\u00fczenleme, yay\u0131mland\u0131\u011f\u0131 tarihten 30 g\u00fcn sonra y\u00fcr\u00fcrl\u00fc\u011fe girecek ve 10 A\u011fustos itibar\u0131yla uygulanmaya ba\u015flanacak.<\/p>\n\n\n\n<h3 class=\"wp-block-heading\">Giri\u015f ve Orta Segment Telefonlar Etkilenebilir<\/h3>\n\n\n\n<p class=\"wp-block-paragraph\">Sekt\u00f6r kaynaklar\u0131na g\u00f6re yeni uygulama \u00f6zellikle giri\u015f ve orta segmentte yer alan uygun fiyatl\u0131 ak\u0131ll\u0131 telefonlar\u0131 etkileyebilir.<\/p>\n\n\n\n<p class=\"wp-block-paragraph\">\u0130thalat\u00e7\u0131lar daha d\u00fc\u015f\u00fck bedelli fatura sunsalar dahi vergilendirme i\u015flemlerinde 250 dolarl\u0131k g\u00f6zetim k\u0131ymetinin esas al\u0131nabilece\u011fi belirtiliyor. Bu durumun ithalat maliyetlerini art\u0131rabilece\u011fi, artan maliyetlerin de sat\u0131\u015f fiyatlar\u0131na yans\u0131mas\u0131n\u0131n beklendi\u011fi ifade ediliyor.<\/p>\n\n\n\n<h3 class=\"wp-block-heading\">Vergi Kay\u0131plar\u0131n\u0131n \u00d6n\u00fcne Ge\u00e7ilmesi Hedefleniyor<\/h3>\n\n\n\n<p class=\"wp-block-paragraph\">D\u00fczenlemenin; eksik faturaland\u0131rma uygulamalar\u0131n\u0131 engellemek, vergi kay\u0131plar\u0131n\u0131 azaltmak ve T\u00fcrkiye&#8217;de \u00fcretim yapan firmalar\u0131n rekabet g\u00fcc\u00fcn\u00fc art\u0131rmak amac\u0131yla hayata ge\u00e7irildi\u011fi belirtiliyor.<\/p>\n\n\n\n<p class=\"wp-block-paragraph\">Sekt\u00f6r temsilcileri, d\u00f6viz kurundaki dalgalanmalarla birlikte g\u00f6zetim k\u0131ymetindeki art\u0131\u015f\u0131n \u00f6zellikle uygun fiyatl\u0131 telefonlara eri\u015fimi zorla\u015ft\u0131rabilece\u011fini, buna kar\u015f\u0131l\u0131k T\u00fcrkiye&#8217;de \u00fcretim yapan markalara avantaj sa\u011flayabilece\u011fini de\u011ferlendiriyor.<\/p>\n\n\n\n<p class=\"wp-block-paragraph\">Yeni d\u00fczenlemenin y\u00fcr\u00fcrl\u00fc\u011fe girmesiyle birlikte ak\u0131ll\u0131 telefon pazar\u0131nda fiyatlar\u0131n nas\u0131l \u015fekillenece\u011fi merakla takip ediliyor.<\/p>\n\n\n\n<hr class=\"wp-block-separator has-alpha-channel-opacity\"\/>\n\n\n\n<p class=\"wp-block-paragraph\">&#x1f449; T\u00fcrkiye g\u00fcndeminden en g\u00fcncel haberler i\u00e7in;<\/p>\n\n\n\n<p class=\"wp-block-paragraph\">&#x1f310; <a href=\"http:\/\/www.gundem59.com.tr\/\">www.gundem59.com.tr<\/a><\/p>\n\n\n\n<p class=\"wp-block-paragraph\">&#x1f310; <a href=\"http:\/\/www.turkiyemhaber.com\/\">www.turkiyemhaber.com<\/a><\/p>\n\n\n\n<p class=\"wp-block-paragraph\">&#x1f310; <a href=\"http:\/\/www.gundem44.com.tr\/\">www.gundem44.com.tr<\/a><\/p>\n\n\n\n<p class=\"wp-block-paragraph\">&#x1f310; <a href=\"http:\/\/www.gundem34haber.com.tr\/\">www.gundem34haber.com.tr<\/a><\/p>\n\n\n\n<p class=\"wp-block-paragraph\">&#x1f310; <a href=\"http:\/\/www.saray59.com.tr\/\">www.saray59.com.tr<\/a><\/p>\n\n\n\n<p class=\"wp-block-paragraph\">&#x1f4fa; <a href=\"http:\/\/www.turkiyemhabertv.com\/\">www.turkiyemhabertv.com<\/a><\/p>\n\n\n\n<p class=\"wp-block-paragraph\">&#x1f4fb; <a href=\"http:\/\/www.turkiyemradyo.com\/\">www.turkiyemradyo.com<\/a><\/p>\n\n\n\n<p class=\"wp-block-paragraph\">&#x1f4f1; @gundem59__<\/p>\n\n\n\n<p class=\"wp-block-paragraph\">&#x1f4f1; @turkiyemhaber_tr<\/p>\n\n\n\n<p class=\"wp-block-paragraph\">#SonDakika #Telefon #CepTelefonu #Ak\u0131ll\u0131Telefon #Teknoloji #Ekonomi #\u0130thalat #ResmiGazete #T\u00fcrkiye #G\u00fcndem #Haber #Gundem59 #TurkiyemHaber #Gundem44 #Gundem34Haber #Saray59 #TurkiyemHaberTV #TurkiyemRadyo<\/p>\n","protected":false},"excerpt":{"rendered":"<p>Ak\u0131ll\u0131 telefon piyasas\u0131n\u0131 yak\u0131ndan ilgilendiren yeni d\u00fczenleme Resmi Gazete&#8217;de yay\u0131mland\u0131. Yap\u0131lan de\u011fi\u015fiklikle cep telefonu ithalat\u0131nda&#8230;<\/p>\n","protected":false},"author":1,"featured_media":3201,"comment_status":"closed","ping_status":"closed","sticky":false,"template":"","format":"standard","meta":{"footnotes":""},"categories":[53],"tags":[],"ppma_author":[57],"class_list":["post-3200","post","type-post","status-publish","format-standard","has-post-thumbnail","hentry","category-ekonomi"],"authors":[{"term_id":57,"user_id":1,"is_guest":0,"slug":"admin","display_name":"Alp Aslan","avatar_url":"https:\/\/secure.gravatar.com\/avatar\/07c18c5ad3350b025db8f3328450e071acb435c703e565899c880c63362f137a?s=96&d=mm&r=g","author_category":"1","first_name":"Alp Aslan","last_name":"ER\u0130N","user_url":"http:\/\/www.gundem59.com.tr","job_title":"","description":""}],"_links":{"self":[{"href":"https:\/\/gundem59.com.tr\/index.php?rest_route=\/wp\/v2\/posts\/3200","targetHints":{"allow":["GET"]}}],"collection":[{"href":"https:\/\/gundem59.com.tr\/index.php?rest_route=\/wp\/v2\/posts"}],"about":[{"href":"https:\/\/gundem59.com.tr\/index.php?rest_route=\/wp\/v2\/types\/post"}],"author":[{"embeddable":true,"href":"https:\/\/gundem59.com.tr\/index.php?rest_route=\/wp\/v2\/users\/1"}],"replies":[{"embeddable":true,"href":"https:\/\/gundem59.com.tr\/index.php?rest_route=%2Fwp%2Fv2%2Fcomments&post=3200"}],"version-history":[{"count":1,"href":"https:\/\/gundem59.com.tr\/index.php?rest_route=\/wp\/v2\/posts\/3200\/revisions"}],"predecessor-version":[{"id":3202,"href":"https:\/\/gundem59.com.tr\/index.php?rest_route=\/wp\/v2\/posts\/3200\/revisions\/3202"}],"wp:featuredmedia":[{"embeddable":true,"href":"https:\/\/gundem59.com.tr\/index.php?rest_route=\/wp\/v2\/media\/3201"}],"wp:attachment":[{"href":"https:\/\/gundem59.com.tr\/index.php?rest_route=%2Fwp%2Fv2%2Fmedia&parent=3200"}],"wp:term":[{"taxonomy":"category","embeddable":true,"href":"https:\/\/gundem59.com.tr\/index.php?rest_route=%2Fwp%2Fv2%2Fcategories&post=3200"},{"taxonomy":"post_tag","embeddable":true,"href":"https:\/\/gundem59.com.tr\/index.php?rest_route=%2Fwp%2Fv2%2Ftags&post=3200"},{"taxonomy":"author","embeddable":true,"href":"https:\/\/gundem59.com.tr\/index.php?rest_route=%2Fwp%2Fv2%2Fppma_author&post=3200"}],"curies":[{"name":"wp","href":"https:\/\/api.w.org\/{rel}","templated":true}]}}