{"id":3197,"date":"2026-07-14T11:34:27","date_gmt":"2026-07-14T11:34:27","guid":{"rendered":"https:\/\/gundem59.com.tr\/?p=3197"},"modified":"2026-07-14T11:34:27","modified_gmt":"2026-07-14T11:34:27","slug":"ahbap-dernegi-sorusturmasinda-ikinci-dalga-operasyon-17-kisi-daha-gozaltina-alindi","status":"publish","type":"post","link":"https:\/\/gundem59.com.tr\/?p=3197","title":{"rendered":"Ahbap Derne\u011fi Soru\u015fturmas\u0131nda \u0130kinci Dalga Operasyon: 17 Ki\u015fi Daha G\u00f6zalt\u0131na Al\u0131nd\u0131"},"content":{"rendered":"\n<p class=\"wp-block-paragraph\">\u0130stanbul Cumhuriyet Ba\u015fsavc\u0131l\u0131\u011f\u0131 taraf\u0131ndan Ahbap Derne\u011fi&#8217;ne y\u00f6nelik y\u00fcr\u00fct\u00fclen soru\u015fturma kapsam\u0131nda ikinci dalga operasyon d\u00fczenlendi. Operasyonda 17 ki\u015fi daha g\u00f6zalt\u0131na al\u0131n\u0131rken, soru\u015fturma kapsam\u0131nda g\u00f6zalt\u0131na al\u0131nanlar\u0131n say\u0131s\u0131 39&#8217;a y\u00fckseldi.<\/p>\n\n\n\n<p class=\"wp-block-paragraph\">Soru\u015fturma kapsam\u0131nda daha \u00f6nce Ahbap Derne\u011fi Ba\u015fkan\u0131 Haluk Levent&#8217;in de aralar\u0131nda bulundu\u011fu 26 ki\u015fi hakk\u0131nda g\u00f6zalt\u0131 karar\u0131 verilmi\u015fti. \u0130stanbul Mali Su\u00e7larla M\u00fccadele \u015eube M\u00fcd\u00fcrl\u00fc\u011f\u00fc ekipleri taraf\u0131ndan y\u00fcr\u00fct\u00fclen \u00e7al\u0131\u015fmalarda, hakk\u0131nda yakalama karar\u0131 bulunan Haluk Levent Bursa&#8217;da g\u00f6zalt\u0131na al\u0131nm\u0131\u015ft\u0131.<\/p>\n\n\n\n<p class=\"wp-block-paragraph\">Ba\u015fsavc\u0131l\u0131k taraf\u0131ndan y\u00fcr\u00fct\u00fclen soru\u015fturmada &#8220;Dernekler Kanunu&#8217;na muhalefet&#8221; ve &#8220;su\u00e7tan kaynaklanan mal varl\u0131\u011f\u0131 de\u011ferlerini aklama&#8221; iddialar\u0131 ara\u015ft\u0131r\u0131l\u0131yor.<\/p>\n\n\n\n<h3 class=\"wp-block-heading\">Dernek Ofisinde ve Adreslerde Arama<\/h3>\n\n\n\n<p class=\"wp-block-paragraph\">Soru\u015fturma kapsam\u0131nda Ahbap Derne\u011fi&#8217;nin \u0130stanbul&#8217;daki ofisinde ve \u015f\u00fcphelilere ait adreslerde arama yap\u0131ld\u0131. Yap\u0131lan aramalarda \u00e7ok say\u0131da dijital materyal, nakit para, alt\u0131n, \u00e7ek, senet ve \u00e7e\u015fitli dok\u00fcmanlara el konuldu\u011fu bildirildi.<\/p>\n\n\n\n<p class=\"wp-block-paragraph\">Emniyet birimleri taraf\u0131ndan yap\u0131lan a\u00e7\u0131klamalara g\u00f6re, firari oldu\u011fu belirtilen 4 \u015f\u00fcphelinin yakalanmas\u0131na y\u00f6nelik \u00e7al\u0131\u015fmalar s\u00fcr\u00fcyor.<\/p>\n\n\n\n<h3 class=\"wp-block-heading\">Haluk Levent&#8217;ten A\u00e7\u0131klama<\/h3>\n\n\n\n<p class=\"wp-block-paragraph\">G\u00f6zalt\u0131nda bulunan Haluk Levent ise sosyal medya hesab\u0131ndan yapt\u0131\u011f\u0131 payla\u015f\u0131mda, Ahbap Derne\u011fi ile ki\u015fisel bor\u00e7-alacak ili\u015fkilerinin birbirinden ayr\u0131 de\u011ferlendirilmesi gerekti\u011fini savundu.<\/p>\n\n\n\n<p class=\"wp-block-paragraph\">Levent payla\u015f\u0131m\u0131nda, deprem s\u00fcrecinden bug\u00fcne kadar derne\u011fin t\u00fcm faaliyetlerinin incelenmesini istedi\u011fini belirterek, ki\u015fisel mali ili\u015fkilerinin Ahbap Derne\u011fi ile ili\u015fkilendirilmemesi gerekti\u011fini ifade etti.<\/p>\n\n\n\n<p class=\"wp-block-paragraph\">Soru\u015fturman\u0131n \u0130stanbul Cumhuriyet Ba\u015fsavc\u0131l\u0131\u011f\u0131 taraf\u0131ndan \u00e7ok y\u00f6nl\u00fc olarak s\u00fcrd\u00fcr\u00fcld\u00fc\u011f\u00fc \u00f6\u011frenildi.<\/p>\n\n\n\n<p class=\"wp-block-paragraph\"><strong>Not:<\/strong> Soru\u015fturma a\u015famas\u0131ndaki iddialar hakk\u0131nda yarg\u0131 s\u00fcreci devam etmekte olup, \u015f\u00fcpheliler hakk\u0131nda verilmi\u015f kesinle\u015fmi\u015f bir mahkeme karar\u0131 bulunmamaktad\u0131r.<\/p>\n\n\n\n<hr class=\"wp-block-separator has-alpha-channel-opacity\"\/>\n\n\n\n<p class=\"wp-block-paragraph\">&#x1f449; T\u00fcrkiye g\u00fcndeminden en g\u00fcncel haberler i\u00e7in;<\/p>\n\n\n\n<p class=\"wp-block-paragraph\">&#x1f310; <a href=\"http:\/\/www.gundem59.com.tr\/\">www.gundem59.com.tr<\/a><\/p>\n\n\n\n<p class=\"wp-block-paragraph\">&#x1f310; <a href=\"http:\/\/www.turkiyemhaber.com\/\">www.turkiyemhaber.com<\/a><\/p>\n\n\n\n<p class=\"wp-block-paragraph\">&#x1f310; <a href=\"http:\/\/www.gundem44.com.tr\/\">www.gundem44.com.tr<\/a><\/p>\n\n\n\n<p class=\"wp-block-paragraph\">&#x1f310; <a href=\"http:\/\/www.gundem34haber.com.tr\/\">www.gundem34haber.com.tr<\/a><\/p>\n\n\n\n<p class=\"wp-block-paragraph\">&#x1f310; <a href=\"http:\/\/www.saray59.com.tr\/\">www.saray59.com.tr<\/a><\/p>\n\n\n\n<p class=\"wp-block-paragraph\">&#x1f4fa; <a href=\"http:\/\/www.turkiyemhabertv.com\/\">www.turkiyemhabertv.com<\/a><\/p>\n\n\n\n<p class=\"wp-block-paragraph\">&#x1f4fb; <a href=\"http:\/\/www.turkiyemradyo.com\/\">www.turkiyemradyo.com<\/a><\/p>\n\n\n\n<p class=\"wp-block-paragraph\">&#x1f4f1; @gundem59__<\/p>\n\n\n\n<p class=\"wp-block-paragraph\">&#x1f4f1; @turkiyemhaber_tr<\/p>\n\n\n\n<p class=\"wp-block-paragraph\">#SonDakika #HalukLevent #Ahbap #Operasyon #\u0130stanbul #G\u00fcndem #T\u00fcrkiye #Haber #Gundem59 #TurkiyemHaber #Gundem44 #Gundem34Haber #Saray59 #TurkiyemHaberTV #TurkiyemRadyo<\/p>\n","protected":false},"excerpt":{"rendered":"<p>\u0130stanbul Cumhuriyet Ba\u015fsavc\u0131l\u0131\u011f\u0131 taraf\u0131ndan Ahbap Derne\u011fi&#8217;ne y\u00f6nelik y\u00fcr\u00fct\u00fclen soru\u015fturma kapsam\u0131nda ikinci dalga operasyon d\u00fczenlendi. Operasyonda&#8230;<\/p>\n","protected":false},"author":1,"featured_media":3198,"comment_status":"closed","ping_status":"closed","sticky":false,"template":"","format":"standard","meta":{"footnotes":""},"categories":[30],"tags":[],"ppma_author":[57],"class_list":["post-3197","post","type-post","status-publish","format-standard","has-post-thumbnail","hentry","category-ulusal-gundem"],"authors":[{"term_id":57,"user_id":1,"is_guest":0,"slug":"admin","display_name":"Alp Aslan","avatar_url":"https:\/\/secure.gravatar.com\/avatar\/07c18c5ad3350b025db8f3328450e071acb435c703e565899c880c63362f137a?s=96&d=mm&r=g","author_category":"1","first_name":"Alp Aslan","last_name":"ER\u0130N","user_url":"http:\/\/www.gundem59.com.tr","job_title":"","description":""}],"_links":{"self":[{"href":"https:\/\/gundem59.com.tr\/index.php?rest_route=\/wp\/v2\/posts\/3197","targetHints":{"allow":["GET"]}}],"collection":[{"href":"https:\/\/gundem59.com.tr\/index.php?rest_route=\/wp\/v2\/posts"}],"about":[{"href":"https:\/\/gundem59.com.tr\/index.php?rest_route=\/wp\/v2\/types\/post"}],"author":[{"embeddable":true,"href":"https:\/\/gundem59.com.tr\/index.php?rest_route=\/wp\/v2\/users\/1"}],"replies":[{"embeddable":true,"href":"https:\/\/gundem59.com.tr\/index.php?rest_route=%2Fwp%2Fv2%2Fcomments&post=3197"}],"version-history":[{"count":1,"href":"https:\/\/gundem59.com.tr\/index.php?rest_route=\/wp\/v2\/posts\/3197\/revisions"}],"predecessor-version":[{"id":3199,"href":"https:\/\/gundem59.com.tr\/index.php?rest_route=\/wp\/v2\/posts\/3197\/revisions\/3199"}],"wp:featuredmedia":[{"embeddable":true,"href":"https:\/\/gundem59.com.tr\/index.php?rest_route=\/wp\/v2\/media\/3198"}],"wp:attachment":[{"href":"https:\/\/gundem59.com.tr\/index.php?rest_route=%2Fwp%2Fv2%2Fmedia&parent=3197"}],"wp:term":[{"taxonomy":"category","embeddable":true,"href":"https:\/\/gundem59.com.tr\/index.php?rest_route=%2Fwp%2Fv2%2Fcategories&post=3197"},{"taxonomy":"post_tag","embeddable":true,"href":"https:\/\/gundem59.com.tr\/index.php?rest_route=%2Fwp%2Fv2%2Ftags&post=3197"},{"taxonomy":"author","embeddable":true,"href":"https:\/\/gundem59.com.tr\/index.php?rest_route=%2Fwp%2Fv2%2Fppma_author&post=3197"}],"curies":[{"name":"wp","href":"https:\/\/api.w.org\/{rel}","templated":true}]}}