{"id":3194,"date":"2026-07-14T11:30:23","date_gmt":"2026-07-14T11:30:23","guid":{"rendered":"https:\/\/gundem59.com.tr\/?p=3194"},"modified":"2026-07-14T11:30:24","modified_gmt":"2026-07-14T11:30:24","slug":"reso-aga-operasyonu-suc-orgutu-lideri-ozkan-aydemir-gozaltina-alindi","status":"publish","type":"post","link":"https:\/\/gundem59.com.tr\/?p=3194","title":{"rendered":"&#8220;Re\u015fo A\u011fa&#8221; Operasyonu: Su\u00e7 \u00d6rg\u00fct\u00fc Lideri \u00d6zkan Aydemir G\u00f6zalt\u0131na Al\u0131nd\u0131"},"content":{"rendered":"\n<p class=\"wp-block-paragraph\">Ankara Cumhuriyet Ba\u015fsavc\u0131l\u0131\u011f\u0131 koordinesinde y\u00fcr\u00fct\u00fclen soru\u015fturma kapsam\u0131nda, kamuoyunda &#8220;Re\u015fo A\u011fa&#8221; olarak tan\u0131nan \u00d6zkan Aydemir&#8217;in liderli\u011fini yapt\u0131\u011f\u0131 \u00f6ne s\u00fcr\u00fclen su\u00e7 \u00f6rg\u00fct\u00fcne y\u00f6nelik operasyon d\u00fczenlendi.<\/p>\n\n\n\n<p class=\"wp-block-paragraph\">Ankara \u0130l Emniyet M\u00fcd\u00fcrl\u00fc\u011f\u00fc Asayi\u015f \u015eube M\u00fcd\u00fcrl\u00fc\u011f\u00fc ekiplerinin ger\u00e7ekle\u015ftirdi\u011fi operasyonda, \u00d6zkan Aydemir ile birlikte hareket etti\u011fi belirlenen toplam 15 \u015f\u00fcpheli hakk\u0131nda g\u00f6zalt\u0131 karar\u0131 verildi. E\u015f zamanl\u0131 bask\u0131nlarda 15 \u015f\u00fcphelinin tamam\u0131 yakalanarak g\u00f6zalt\u0131na al\u0131nd\u0131.<\/p>\n\n\n\n<h3 class=\"wp-block-heading\">Silahla Tehdit ve Gasp \u0130ddias\u0131<\/h3>\n\n\n\n<p class=\"wp-block-paragraph\">Ba\u015fsavc\u0131l\u0131k taraf\u0131ndan yap\u0131lan a\u00e7\u0131klamada, \u015f\u00fcphelilerin m\u00fc\u015ftekileri silahla tehdit ederek para ve gayrimenkullerini ele ge\u00e7irdikleri, bu y\u00f6ntemle ya\u011fma su\u00e7unu i\u015flediklerinin tespit edildi\u011fi belirtildi.<\/p>\n\n\n\n<p class=\"wp-block-paragraph\">G\u00f6zalt\u0131na al\u0131nan \u015f\u00fcphelilerin emniyetteki i\u015flemleri s\u00fcrerken, soru\u015fturman\u0131n \u00e7ok y\u00f6nl\u00fc olarak devam etti\u011fi bildirildi.<\/p>\n\n\n\n<h3 class=\"wp-block-heading\">Bakan G\u00fcrlek Operasyonun Ayr\u0131nt\u0131lar\u0131n\u0131 Payla\u015ft\u0131<\/h3>\n\n\n\n<p class=\"wp-block-paragraph\">Adalet Bakan\u0131 Ak\u0131n G\u00fcrlek, sosyal medya hesab\u0131ndan yapt\u0131\u011f\u0131 a\u00e7\u0131klamada operasyonun detaylar\u0131na yer verdi.<\/p>\n\n\n\n<p class=\"wp-block-paragraph\">G\u00fcrlek, Bak\u0131rk\u00f6y, \u0130stanbul ve Ankara Cumhuriyet Ba\u015fsavc\u0131l\u0131klar\u0131 taraf\u0131ndan y\u00fcr\u00fct\u00fclen \u00fc\u00e7 ayr\u0131 soru\u015fturma kapsam\u0131nda toplam 5 organize su\u00e7 \u00f6rg\u00fct\u00fcne y\u00f6nelik e\u015f zamanl\u0131 operasyonlar ger\u00e7ekle\u015ftirildi\u011fini belirtti.<\/p>\n\n\n\n<p class=\"wp-block-paragraph\">A\u00e7\u0131klamaya g\u00f6re;<\/p>\n\n\n\n<ul class=\"wp-block-list\">\n<li>\u0130stanbul merkezli 7 ilde d\u00fczenlenen operasyonlarda 107 \u015f\u00fcpheli hakk\u0131nda i\u015flem yap\u0131ld\u0131.<\/li>\n\n\n\n<li>\u0130stanbul merkezli 6 ilde faaliyet g\u00f6sterdi\u011fi belirtilen 3 ayr\u0131 organize su\u00e7 \u00f6rg\u00fct\u00fcne y\u00f6nelik operasyonda 39 \u015f\u00fcpheli hakk\u0131nda adli i\u015flem ba\u015flat\u0131ld\u0131.<\/li>\n\n\n\n<li>Ankara&#8217;da ger\u00e7ekle\u015ftirilen operasyonda ise \u00d6zkan Aydemir&#8217;in liderli\u011fini yapt\u0131\u011f\u0131 \u00f6ne s\u00fcr\u00fclen su\u00e7 \u00f6rg\u00fct\u00fcne y\u00f6nelik 15 \u015f\u00fcpheli g\u00f6zalt\u0131na al\u0131nd\u0131.<\/li>\n<\/ul>\n\n\n\n<h3 class=\"wp-block-heading\">&#8220;Su\u00e7 \u00d6rg\u00fctlerine Kar\u015f\u0131 M\u00fccadelemiz S\u00fcrecek&#8221;<\/h3>\n\n\n\n<p class=\"wp-block-paragraph\">Bakan G\u00fcrlek a\u00e7\u0131klamas\u0131nda, organize su\u00e7 \u00f6rg\u00fctleri ve sokak \u00e7etelerine kar\u015f\u0131 m\u00fccadelenin kararl\u0131l\u0131kla s\u00fcrd\u00fcr\u00fclece\u011fini vurgulayarak operasyonlarda g\u00f6rev alan emniyet personeli ve savc\u0131l\u0131k ekiplerine te\u015fekk\u00fcr etti.<\/p>\n\n\n\n<p class=\"wp-block-paragraph\">Soru\u015fturma kapsam\u0131nda g\u00f6zalt\u0131na al\u0131nan \u015f\u00fcphelilerin emniyetteki i\u015flemleri devam ediyor.<\/p>\n\n\n\n<hr class=\"wp-block-separator has-alpha-channel-opacity\"\/>\n\n\n\n<p class=\"wp-block-paragraph\">&#x1f449; T\u00fcrkiye g\u00fcndeminden en g\u00fcncel haberler i\u00e7in;<\/p>\n\n\n\n<p class=\"wp-block-paragraph\">&#x1f310; <a href=\"http:\/\/www.gundem59.com.tr\/\">www.gundem59.com.tr<\/a><\/p>\n\n\n\n<p class=\"wp-block-paragraph\">&#x1f310; <a href=\"http:\/\/www.turkiyemhaber.com\/\">www.turkiyemhaber.com<\/a><\/p>\n\n\n\n<p class=\"wp-block-paragraph\">&#x1f310; <a href=\"http:\/\/www.gundem44.com.tr\/\">www.gundem44.com.tr<\/a><\/p>\n\n\n\n<p class=\"wp-block-paragraph\">&#x1f310; <a href=\"http:\/\/www.gundem34haber.com.tr\/\">www.gundem34haber.com.tr<\/a><\/p>\n\n\n\n<p class=\"wp-block-paragraph\">&#x1f310; <a href=\"http:\/\/www.saray59.com.tr\/\">www.saray59.com.tr<\/a><\/p>\n\n\n\n<p class=\"wp-block-paragraph\">&#x1f4fa; <a href=\"http:\/\/www.turkiyemhabertv.com\/\">www.turkiyemhabertv.com<\/a><\/p>\n\n\n\n<p class=\"wp-block-paragraph\">&#x1f4fb; <a href=\"http:\/\/www.turkiyemradyo.com\/\">www.turkiyemradyo.com<\/a><\/p>\n\n\n\n<p class=\"wp-block-paragraph\">&#x1f4f1; @gundem59__<\/p>\n\n\n\n<p class=\"wp-block-paragraph\">&#x1f4f1; @turkiyemhaber_tr<\/p>\n\n\n\n<p class=\"wp-block-paragraph\">#SonDakika #Re\u015foA\u011fa #\u00d6zkanAydemir #Operasyon #Ankara #Su\u00e7\u00d6rg\u00fct\u00fc #Asayi\u015f #Adliye #Ak\u0131nG\u00fcrlek #T\u00fcrkiye #G\u00fcndem #Haber #Gundem59 #TurkiyemHaber #Gundem44 #Gundem34Haber #Saray59 #TurkiyemHaberTV #TurkiyemRadyo<\/p>\n","protected":false},"excerpt":{"rendered":"<p>Ankara Cumhuriyet Ba\u015fsavc\u0131l\u0131\u011f\u0131 koordinesinde y\u00fcr\u00fct\u00fclen soru\u015fturma kapsam\u0131nda, kamuoyunda &#8220;Re\u015fo A\u011fa&#8221; olarak tan\u0131nan \u00d6zkan Aydemir&#8217;in liderli\u011fini&#8230;<\/p>\n","protected":false},"author":1,"featured_media":3195,"comment_status":"closed","ping_status":"closed","sticky":false,"template":"","format":"standard","meta":{"footnotes":""},"categories":[30],"tags":[],"ppma_author":[57],"class_list":["post-3194","post","type-post","status-publish","format-standard","has-post-thumbnail","hentry","category-ulusal-gundem"],"authors":[{"term_id":57,"user_id":1,"is_guest":0,"slug":"admin","display_name":"Alp Aslan","avatar_url":"https:\/\/secure.gravatar.com\/avatar\/07c18c5ad3350b025db8f3328450e071acb435c703e565899c880c63362f137a?s=96&d=mm&r=g","author_category":"1","first_name":"Alp Aslan","last_name":"ER\u0130N","user_url":"http:\/\/www.gundem59.com.tr","job_title":"","description":""}],"_links":{"self":[{"href":"https:\/\/gundem59.com.tr\/index.php?rest_route=\/wp\/v2\/posts\/3194","targetHints":{"allow":["GET"]}}],"collection":[{"href":"https:\/\/gundem59.com.tr\/index.php?rest_route=\/wp\/v2\/posts"}],"about":[{"href":"https:\/\/gundem59.com.tr\/index.php?rest_route=\/wp\/v2\/types\/post"}],"author":[{"embeddable":true,"href":"https:\/\/gundem59.com.tr\/index.php?rest_route=\/wp\/v2\/users\/1"}],"replies":[{"embeddable":true,"href":"https:\/\/gundem59.com.tr\/index.php?rest_route=%2Fwp%2Fv2%2Fcomments&post=3194"}],"version-history":[{"count":1,"href":"https:\/\/gundem59.com.tr\/index.php?rest_route=\/wp\/v2\/posts\/3194\/revisions"}],"predecessor-version":[{"id":3196,"href":"https:\/\/gundem59.com.tr\/index.php?rest_route=\/wp\/v2\/posts\/3194\/revisions\/3196"}],"wp:featuredmedia":[{"embeddable":true,"href":"https:\/\/gundem59.com.tr\/index.php?rest_route=\/wp\/v2\/media\/3195"}],"wp:attachment":[{"href":"https:\/\/gundem59.com.tr\/index.php?rest_route=%2Fwp%2Fv2%2Fmedia&parent=3194"}],"wp:term":[{"taxonomy":"category","embeddable":true,"href":"https:\/\/gundem59.com.tr\/index.php?rest_route=%2Fwp%2Fv2%2Fcategories&post=3194"},{"taxonomy":"post_tag","embeddable":true,"href":"https:\/\/gundem59.com.tr\/index.php?rest_route=%2Fwp%2Fv2%2Ftags&post=3194"},{"taxonomy":"author","embeddable":true,"href":"https:\/\/gundem59.com.tr\/index.php?rest_route=%2Fwp%2Fv2%2Fppma_author&post=3194"}],"curies":[{"name":"wp","href":"https:\/\/api.w.org\/{rel}","templated":true}]}}