{"id":3191,"date":"2026-07-14T11:25:54","date_gmt":"2026-07-14T11:25:54","guid":{"rendered":"https:\/\/gundem59.com.tr\/?p=3191"},"modified":"2026-07-14T11:25:54","modified_gmt":"2026-07-14T11:25:54","slug":"bakan-gurlekten-muhsin-yazicioglu-sorusturmasina-iliskin-aciklama","status":"publish","type":"post","link":"https:\/\/gundem59.com.tr\/?p=3191","title":{"rendered":"Bakan G\u00fcrlek&#8217;ten Muhsin Yaz\u0131c\u0131o\u011flu Soru\u015fturmas\u0131na \u0130li\u015fkin A\u00e7\u0131klama"},"content":{"rendered":"\n<p class=\"wp-block-paragraph\">Adalet Bakan\u0131 Ak\u0131n G\u00fcrlek, B\u00fcy\u00fck Birlik Partisi&#8217;nin (BBP) kurucu Genel Ba\u015fkan\u0131 Muhsin Yaz\u0131c\u0131o\u011flu&#8217;nun hayat\u0131n\u0131 kaybetti\u011fi helikopter kazas\u0131na ili\u015fkin y\u00fcr\u00fct\u00fclen soru\u015fturmayla ilgili \u00f6nemli a\u00e7\u0131klamalarda bulundu.<\/p>\n\n\n\n<p class=\"wp-block-paragraph\">2009 y\u0131l\u0131nda Kahramanmara\u015f&#8217;ta meydana gelen ve Muhsin Yaz\u0131c\u0131o\u011flu&#8217;nun yan\u0131 s\u0131ra beraberindeki 5 ki\u015finin ya\u015fam\u0131n\u0131 yitirdi\u011fi helikopter kazas\u0131na ili\u015fkin soru\u015fturma Ankara Cumhuriyet Ba\u015fsavc\u0131l\u0131\u011f\u0131 taraf\u0131ndan s\u00fcrd\u00fcr\u00fcl\u00fcyor.<\/p>\n\n\n\n<h3 class=\"wp-block-heading\">Yeni G\u00f6zalt\u0131lar Yap\u0131ld\u0131<\/h3>\n\n\n\n<p class=\"wp-block-paragraph\">Kabine Toplant\u0131s\u0131&#8217;n\u0131n ard\u0131ndan gazetecilerin sorular\u0131n\u0131 yan\u0131tlayan Bakan G\u00fcrlek, soru\u015fturma kapsam\u0131nda yeni g\u00f6zalt\u0131lar\u0131n ger\u00e7ekle\u015ftirildi\u011fini belirterek, g\u00f6zalt\u0131na al\u0131nanlar aras\u0131nda emekli askerlerin de bulundu\u011funu a\u00e7\u0131klad\u0131.<\/p>\n\n\n\n<p class=\"wp-block-paragraph\">G\u00fcrlek, soru\u015fturmadaki baz\u0131 \u015f\u00fcphelilerin FET\u00d6 ile ba\u011flant\u0131l\u0131 olup olmad\u0131\u011f\u0131 y\u00f6n\u00fcndeki soruya ise &#8220;Evet, var&#8221; yan\u0131t\u0131n\u0131 verdi.<\/p>\n\n\n\n<h3 class=\"wp-block-heading\">10 \u0130lde E\u015f Zamanl\u0131 Operasyon<\/h3>\n\n\n\n<p class=\"wp-block-paragraph\">Bakanl\u0131\u011f\u0131n payla\u015ft\u0131\u011f\u0131 bilgilere g\u00f6re soru\u015fturma kapsam\u0131nda toplam 29 \u015f\u00fcpheli tespit edildi. \u015e\u00fcpheliler hakk\u0131nda &#8220;silahl\u0131 ter\u00f6r \u00f6rg\u00fct\u00fc kurmak, y\u00f6netmek ve \u00fcye olmak&#8221; ile &#8220;tasarlayarak kasten adam \u00f6ld\u00fcrme&#8221; su\u00e7lamalar\u0131 kapsam\u0131nda Ankara merkezli 10 ilde 30 farkl\u0131 adrese e\u015f zamanl\u0131 operasyon d\u00fczenlendi.<\/p>\n\n\n\n<p class=\"wp-block-paragraph\">Operasyonlarda 25 \u015f\u00fcpheli g\u00f6zalt\u0131na al\u0131n\u0131rken, 2 \u015f\u00fcphelinin halen cezaevinde bulundu\u011fu, 2 \u015f\u00fcphelinin ise yurt d\u0131\u015f\u0131nda oldu\u011fu belirtildi. Firari \u015f\u00fcphelilerin yakalanmas\u0131na y\u00f6nelik \u00e7al\u0131\u015fmalar\u0131n s\u00fcrd\u00fc\u011f\u00fc bildirildi.<\/p>\n\n\n\n<h3 class=\"wp-block-heading\">Soru\u015fturma Devam Ediyor<\/h3>\n\n\n\n<p class=\"wp-block-paragraph\">Yetkililer, soru\u015fturman\u0131n \u00e7ok y\u00f6nl\u00fc olarak devam etti\u011fini ve elde edilen yeni deliller do\u011frultusunda s\u00fcrecin geni\u015fleyebilece\u011fini ifade etti. Dosyada yer alan iddialar ve su\u00e7lamalar hakk\u0131nda nihai karar\u0131n yarg\u0131lama s\u00fcreci sonunda verilece\u011fi belirtildi.<\/p>\n\n\n\n<hr class=\"wp-block-separator has-alpha-channel-opacity\"\/>\n\n\n\n<p class=\"wp-block-paragraph\">&#x1f449; T\u00fcrkiye g\u00fcndeminden en g\u00fcncel haberler i\u00e7in;<\/p>\n\n\n\n<p class=\"wp-block-paragraph\">&#x1f310; <a href=\"http:\/\/www.gundem59.com.tr\/\">www.gundem59.com.tr<\/a><\/p>\n\n\n\n<p class=\"wp-block-paragraph\">&#x1f310; <a href=\"http:\/\/www.turkiyemhaber.com\/\">www.turkiyemhaber.com<\/a><\/p>\n\n\n\n<p class=\"wp-block-paragraph\">&#x1f310; <a href=\"http:\/\/www.gundem44.com.tr\/\">www.gundem44.com.tr<\/a><\/p>\n\n\n\n<p class=\"wp-block-paragraph\">&#x1f310; <a href=\"http:\/\/www.gundem34haber.com.tr\/\">www.gundem34haber.com.tr<\/a><\/p>\n\n\n\n<p class=\"wp-block-paragraph\">&#x1f310; <a href=\"http:\/\/www.saray59.com.tr\/\">www.saray59.com.tr<\/a><\/p>\n\n\n\n<p class=\"wp-block-paragraph\">&#x1f4fa; <a href=\"http:\/\/www.turkiyemhabertv.com\/\">www.turkiyemhabertv.com<\/a><\/p>\n\n\n\n<p class=\"wp-block-paragraph\">&#x1f4fb; <a href=\"http:\/\/www.turkiyemradyo.com\/\">www.turkiyemradyo.com<\/a><\/p>\n\n\n\n<p class=\"wp-block-paragraph\">&#x1f4f1; @gundem59__<\/p>\n\n\n\n<p class=\"wp-block-paragraph\">&#x1f4f1; @turkiyemhaber_tr<\/p>\n\n\n\n<p class=\"wp-block-paragraph\">#SonDakika #MuhsinYaz\u0131c\u0131o\u011flu #Ak\u0131nG\u00fcrlek #BBP #FET\u00d6 #Operasyon #Ankara #T\u00fcrkiye #G\u00fcndem #Haber #Gundem59 #TurkiyemHaber #Gundem44 #Gundem34Haber #Saray59 #TurkiyemHaberTV #TurkiyemRadyo<\/p>\n","protected":false},"excerpt":{"rendered":"<p>Adalet Bakan\u0131 Ak\u0131n G\u00fcrlek, B\u00fcy\u00fck Birlik Partisi&#8217;nin (BBP) kurucu Genel Ba\u015fkan\u0131 Muhsin Yaz\u0131c\u0131o\u011flu&#8217;nun hayat\u0131n\u0131 kaybetti\u011fi&#8230;<\/p>\n","protected":false},"author":1,"featured_media":3192,"comment_status":"closed","ping_status":"closed","sticky":false,"template":"","format":"standard","meta":{"footnotes":""},"categories":[30],"tags":[],"ppma_author":[57],"class_list":["post-3191","post","type-post","status-publish","format-standard","has-post-thumbnail","hentry","category-ulusal-gundem"],"authors":[{"term_id":57,"user_id":1,"is_guest":0,"slug":"admin","display_name":"Alp Aslan","avatar_url":"https:\/\/secure.gravatar.com\/avatar\/07c18c5ad3350b025db8f3328450e071acb435c703e565899c880c63362f137a?s=96&d=mm&r=g","author_category":"1","first_name":"Alp Aslan","last_name":"ER\u0130N","user_url":"http:\/\/www.gundem59.com.tr","job_title":"","description":""}],"_links":{"self":[{"href":"https:\/\/gundem59.com.tr\/index.php?rest_route=\/wp\/v2\/posts\/3191","targetHints":{"allow":["GET"]}}],"collection":[{"href":"https:\/\/gundem59.com.tr\/index.php?rest_route=\/wp\/v2\/posts"}],"about":[{"href":"https:\/\/gundem59.com.tr\/index.php?rest_route=\/wp\/v2\/types\/post"}],"author":[{"embeddable":true,"href":"https:\/\/gundem59.com.tr\/index.php?rest_route=\/wp\/v2\/users\/1"}],"replies":[{"embeddable":true,"href":"https:\/\/gundem59.com.tr\/index.php?rest_route=%2Fwp%2Fv2%2Fcomments&post=3191"}],"version-history":[{"count":1,"href":"https:\/\/gundem59.com.tr\/index.php?rest_route=\/wp\/v2\/posts\/3191\/revisions"}],"predecessor-version":[{"id":3193,"href":"https:\/\/gundem59.com.tr\/index.php?rest_route=\/wp\/v2\/posts\/3191\/revisions\/3193"}],"wp:featuredmedia":[{"embeddable":true,"href":"https:\/\/gundem59.com.tr\/index.php?rest_route=\/wp\/v2\/media\/3192"}],"wp:attachment":[{"href":"https:\/\/gundem59.com.tr\/index.php?rest_route=%2Fwp%2Fv2%2Fmedia&parent=3191"}],"wp:term":[{"taxonomy":"category","embeddable":true,"href":"https:\/\/gundem59.com.tr\/index.php?rest_route=%2Fwp%2Fv2%2Fcategories&post=3191"},{"taxonomy":"post_tag","embeddable":true,"href":"https:\/\/gundem59.com.tr\/index.php?rest_route=%2Fwp%2Fv2%2Ftags&post=3191"},{"taxonomy":"author","embeddable":true,"href":"https:\/\/gundem59.com.tr\/index.php?rest_route=%2Fwp%2Fv2%2Fppma_author&post=3191"}],"curies":[{"name":"wp","href":"https:\/\/api.w.org\/{rel}","templated":true}]}}