{"id":3185,"date":"2026-07-14T11:21:10","date_gmt":"2026-07-14T11:21:10","guid":{"rendered":"https:\/\/gundem59.com.tr\/?p=3185"},"modified":"2026-07-14T11:21:11","modified_gmt":"2026-07-14T11:21:11","slug":"bakan-gurlekten-ahbap-sorusturmasina-iliskin-aciklama-masak-raporlari-inceleniyor","status":"publish","type":"post","link":"https:\/\/gundem59.com.tr\/?p=3185","title":{"rendered":"Bakan G\u00fcrlek&#8217;ten Ahbap Soru\u015fturmas\u0131na \u0130li\u015fkin A\u00e7\u0131klama: &#8220;MASAK Raporlar\u0131 \u0130nceleniyor&#8221;"},"content":{"rendered":"\n<p class=\"wp-block-paragraph\">Adalet Bakan\u0131 Ak\u0131n G\u00fcrlek, Cumhurba\u015fkanl\u0131\u011f\u0131 K\u00fclliyesi&#8217;nde ger\u00e7ekle\u015ftirilen Kabine Toplant\u0131s\u0131&#8217;n\u0131n ard\u0131ndan gazetecilerin sorular\u0131n\u0131 yan\u0131tlad\u0131.<\/p>\n\n\n\n<p class=\"wp-block-paragraph\">Ahbap Derne\u011fi hakk\u0131nda y\u00fcr\u00fct\u00fclen soru\u015fturmaya ili\u015fkin a\u00e7\u0131klamalarda bulunan G\u00fcrlek, soru\u015fturman\u0131n \u0130stanbul Cumhuriyet Ba\u015fsavc\u0131l\u0131\u011f\u0131 koordinesinde s\u00fcrd\u00fc\u011f\u00fcn\u00fc belirterek, ilk a\u015famada g\u00f6zalt\u0131 i\u015flemlerinin ger\u00e7ekle\u015ftirildi\u011fini ve Mali Su\u00e7lar\u0131 Ara\u015ft\u0131rma Kurulu raporlar\u0131n\u0131n incelendi\u011fini s\u00f6yledi. Bakan G\u00fcrlek, soru\u015fturman\u0131n ilerleyen s\u00fcre\u00e7te geni\u015fleyebilece\u011fini ifade etti. (<a href=\"https:\/\/www.aa.com.tr\/tr\/gundem\/adalet-bakani-gurlek-ahbap-dernegi-sorusturmasi-genisleyebilir\/3997418?utm_source=chatgpt.com\">Anadolu Ajans\u0131<\/a>)<\/p>\n\n\n\n<p class=\"wp-block-paragraph\">G\u00fcrlek ayr\u0131ca, Ahbap Derne\u011fi&#8217;nin kurucusu Haluk Levent hakk\u0131nda daha \u00f6nce yurt d\u0131\u015f\u0131na \u00e7\u0131k\u0131\u015f yasa\u011f\u0131 bulundu\u011funu ve iddias\u0131na g\u00f6re bu yasa\u011fa ra\u011fmen yurt d\u0131\u015f\u0131na \u00e7\u0131kma giri\u015fiminde bulunmas\u0131 nedeniyle g\u00f6zalt\u0131na al\u0131nd\u0131\u011f\u0131n\u0131 s\u00f6yledi. Bu a\u00e7\u0131klama, Bakan&#8217;\u0131n beyan\u0131 niteli\u011finde olup soru\u015fturma s\u00fcreci devam ediyor. (<a href=\"https:\/\/www.aa.com.tr\/tr\/gundem\/adalet-bakani-gurlek-ahbap-dernegi-sorusturmasi-genisleyebilir\/3997418?utm_source=chatgpt.com\">Anadolu Ajans\u0131<\/a>)<\/p>\n\n\n\n<h3 class=\"wp-block-heading\">Yaz\u0131c\u0131o\u011flu Soru\u015fturmas\u0131yla \u0130lgili De A\u00e7\u0131klama<\/h3>\n\n\n\n<p class=\"wp-block-paragraph\">Bakan G\u00fcrlek, Muhsin Yaz\u0131c\u0131o\u011flu ve beraberindekilerin hayat\u0131n\u0131 kaybetti\u011fi helikopter kazas\u0131na ili\u015fkin soru\u015fturman\u0131n da Ankara Cumhuriyet Ba\u015fsavc\u0131l\u0131\u011f\u0131 taraf\u0131ndan s\u00fcrd\u00fcr\u00fcld\u00fc\u011f\u00fcn\u00fc belirtti. Soru\u015fturmada yeni g\u00f6zalt\u0131lar yap\u0131ld\u0131\u011f\u0131n\u0131 aktaran G\u00fcrlek, g\u00f6zalt\u0131na al\u0131nanlar aras\u0131nda emekli askerlerin bulundu\u011funu ve baz\u0131 \u015f\u00fcpheliler hakk\u0131nda FET\u00d6 ile iltisak iddias\u0131n\u0131n da soru\u015fturma kapsam\u0131nda de\u011ferlendirildi\u011fini ifade etti. (<a href=\"https:\/\/www.aa.com.tr\/tr\/gundem\/adalet-bakani-gurlek-ahbap-dernegi-sorusturmasi-genisleyebilir\/3997418?utm_source=chatgpt.com\">Anadolu Ajans\u0131<\/a>)<\/p>\n\n\n\n<p class=\"wp-block-paragraph\">Soru\u015fturmalar devam ederken, dosyalara ili\u015fkin nihai de\u011ferlendirme ve olas\u0131 cezai sorumluluklar yarg\u0131lama s\u00fcrecinin sonunda belirlenecek.<\/p>\n\n\n\n<hr class=\"wp-block-separator has-alpha-channel-opacity\"\/>\n\n\n\n<p class=\"wp-block-paragraph\">&#x1f449; T\u00fcrkiye g\u00fcndeminden en g\u00fcncel haberler i\u00e7in;<\/p>\n\n\n\n<p class=\"wp-block-paragraph\">&#x1f310; <a href=\"http:\/\/www.gundem59.com.tr\/\">www.gundem59.com.tr<\/a><\/p>\n\n\n\n<p class=\"wp-block-paragraph\">&#x1f310; <a href=\"http:\/\/www.turkiyemhaber.com\/\">www.turkiyemhaber.com<\/a><\/p>\n\n\n\n<p class=\"wp-block-paragraph\">&#x1f310; <a href=\"http:\/\/www.gundem44.com.tr\/\">www.gundem44.com.tr<\/a><\/p>\n\n\n\n<p class=\"wp-block-paragraph\">&#x1f310; <a href=\"http:\/\/www.gundem34haber.com.tr\/\">www.gundem34haber.com.tr<\/a><\/p>\n\n\n\n<p class=\"wp-block-paragraph\">&#x1f310; <a href=\"http:\/\/www.saray59.com.tr\/\">www.saray59.com.tr<\/a><\/p>\n\n\n\n<p class=\"wp-block-paragraph\">&#x1f4fa; <a href=\"http:\/\/www.turkiyemhabertv.com\/\">www.turkiyemhabertv.com<\/a><\/p>\n\n\n\n<p class=\"wp-block-paragraph\">&#x1f4fb; <a href=\"http:\/\/www.turkiyemradyo.com\/\">www.turkiyemradyo.com<\/a><\/p>\n\n\n\n<p class=\"wp-block-paragraph\">&#x1f4f1; @gundem59__<\/p>\n\n\n\n<p class=\"wp-block-paragraph\">&#x1f4f1; @turkiyemhaber_tr<\/p>\n\n\n\n<p class=\"wp-block-paragraph\">#SonDakika #Ak\u0131nG\u00fcrlek #HalukLevent #Ahbap #MASAK #Adalet #T\u00fcrkiye #G\u00fcndem #Haber #Gundem59 #TurkiyemHaber #Gundem44 #Gundem34Haber #Saray59 #TurkiyemHaberTV #TurkiyemRadyo<\/p>\n","protected":false},"excerpt":{"rendered":"<p>Adalet Bakan\u0131 Ak\u0131n G\u00fcrlek, Cumhurba\u015fkanl\u0131\u011f\u0131 K\u00fclliyesi&#8217;nde ger\u00e7ekle\u015ftirilen Kabine Toplant\u0131s\u0131&#8217;n\u0131n ard\u0131ndan gazetecilerin sorular\u0131n\u0131 yan\u0131tlad\u0131. Ahbap Derne\u011fi&#8230;<\/p>\n","protected":false},"author":1,"featured_media":3186,"comment_status":"closed","ping_status":"closed","sticky":false,"template":"","format":"standard","meta":{"footnotes":""},"categories":[30],"tags":[],"ppma_author":[57],"class_list":["post-3185","post","type-post","status-publish","format-standard","has-post-thumbnail","hentry","category-ulusal-gundem"],"authors":[{"term_id":57,"user_id":1,"is_guest":0,"slug":"admin","display_name":"Alp Aslan","avatar_url":"https:\/\/secure.gravatar.com\/avatar\/07c18c5ad3350b025db8f3328450e071acb435c703e565899c880c63362f137a?s=96&d=mm&r=g","author_category":"1","first_name":"Alp Aslan","last_name":"ER\u0130N","user_url":"http:\/\/www.gundem59.com.tr","job_title":"","description":""}],"_links":{"self":[{"href":"https:\/\/gundem59.com.tr\/index.php?rest_route=\/wp\/v2\/posts\/3185","targetHints":{"allow":["GET"]}}],"collection":[{"href":"https:\/\/gundem59.com.tr\/index.php?rest_route=\/wp\/v2\/posts"}],"about":[{"href":"https:\/\/gundem59.com.tr\/index.php?rest_route=\/wp\/v2\/types\/post"}],"author":[{"embeddable":true,"href":"https:\/\/gundem59.com.tr\/index.php?rest_route=\/wp\/v2\/users\/1"}],"replies":[{"embeddable":true,"href":"https:\/\/gundem59.com.tr\/index.php?rest_route=%2Fwp%2Fv2%2Fcomments&post=3185"}],"version-history":[{"count":1,"href":"https:\/\/gundem59.com.tr\/index.php?rest_route=\/wp\/v2\/posts\/3185\/revisions"}],"predecessor-version":[{"id":3187,"href":"https:\/\/gundem59.com.tr\/index.php?rest_route=\/wp\/v2\/posts\/3185\/revisions\/3187"}],"wp:featuredmedia":[{"embeddable":true,"href":"https:\/\/gundem59.com.tr\/index.php?rest_route=\/wp\/v2\/media\/3186"}],"wp:attachment":[{"href":"https:\/\/gundem59.com.tr\/index.php?rest_route=%2Fwp%2Fv2%2Fmedia&parent=3185"}],"wp:term":[{"taxonomy":"category","embeddable":true,"href":"https:\/\/gundem59.com.tr\/index.php?rest_route=%2Fwp%2Fv2%2Fcategories&post=3185"},{"taxonomy":"post_tag","embeddable":true,"href":"https:\/\/gundem59.com.tr\/index.php?rest_route=%2Fwp%2Fv2%2Ftags&post=3185"},{"taxonomy":"author","embeddable":true,"href":"https:\/\/gundem59.com.tr\/index.php?rest_route=%2Fwp%2Fv2%2Fppma_author&post=3185"}],"curies":[{"name":"wp","href":"https:\/\/api.w.org\/{rel}","templated":true}]}}