{"id":3180,"date":"2026-07-14T11:19:09","date_gmt":"2026-07-14T11:19:09","guid":{"rendered":"https:\/\/gundem59.com.tr\/?p=3180"},"modified":"2026-07-14T11:19:10","modified_gmt":"2026-07-14T11:19:10","slug":"nihat-kahveci-hakkindaki-iddialara-yalanlama-esinden-aciklama-geldi","status":"publish","type":"post","link":"https:\/\/gundem59.com.tr\/?p=3180","title":{"rendered":"Nihat Kahveci Hakk\u0131ndaki \u0130ddialara Yalanlama: E\u015finden A\u00e7\u0131klama Geldi"},"content":{"rendered":"\n<p class=\"wp-block-paragraph\">Eski milli futbolcu ve spor yorumcusu Nihat Kahveci hakk\u0131nda sosyal medyada ve baz\u0131 yay\u0131n organlar\u0131nda yer alan iddialar g\u00fcndem oldu. \u0130ddialarda, Kahveci&#8217;nin e\u015fiyle birlikte bulundu\u011fu bir restoranda tart\u0131\u015fma ya\u015fad\u0131\u011f\u0131 ve polis m\u00fcdahalesinin ard\u0131ndan g\u00f6zalt\u0131na al\u0131nd\u0131\u011f\u0131 \u00f6ne s\u00fcr\u00fcld\u00fc.<\/p>\n\n\n\n<p class=\"wp-block-paragraph\">Kamuoyuna yans\u0131yan haberlerin ard\u0131ndan Kahveci&#8217;nin e\u015fi Fulya Sever Kahveci sosyal medya hesab\u0131ndan a\u00e7\u0131klama yapt\u0131.<\/p>\n\n\n\n<p class=\"wp-block-paragraph\">Fulya Sever Kahveci a\u00e7\u0131klamas\u0131nda, e\u015finin kendisine \u015fiddet uygulad\u0131\u011f\u0131 y\u00f6n\u00fcndeki haberleri yalanlayarak, \u015fu ifadeleri kulland\u0131:<\/p>\n\n\n\n<figure class=\"wp-block-image size-full\"><img  title=\"\" loading=\"lazy\" decoding=\"async\" width=\"640\" height=\"764\" src=\"https:\/\/gundem59.com.tr\/wp-content\/uploads\/2026\/07\/nihat-kahveci-gozaltina-alindi-20049521-9234_1_m.webp\"  alt=\"nihat-kahveci-gozaltina-alindi-20049521-9234_1_m Nihat Kahveci Hakk\u0131ndaki \u0130ddialara Yalanlama: E\u015finden A\u00e7\u0131klama Geldi\"  class=\"wp-image-3182\" srcset=\"https:\/\/gundem59.com.tr\/wp-content\/uploads\/2026\/07\/nihat-kahveci-gozaltina-alindi-20049521-9234_1_m.webp 640w, https:\/\/gundem59.com.tr\/wp-content\/uploads\/2026\/07\/nihat-kahveci-gozaltina-alindi-20049521-9234_1_m-251x300.webp 251w\" sizes=\"auto, (max-width: 640px) 100vw, 640px\" \/><\/figure>\n\n\n\n<blockquote class=\"wp-block-quote is-layout-flow wp-block-quote-is-layout-flow\">\n<p class=\"wp-block-paragraph\">&#8220;Biz Nihat Kahveci ile y\u0131llard\u0131r sevgi ve sayg\u0131 \u00e7er\u00e7evesinde evlili\u011fimizi s\u00fcrd\u00fcr\u00fcyoruz. E\u015fler zaman zaman farkl\u0131 fikirlerde olabilir ve tart\u0131\u015fabilir. Ancak bu durum, e\u015fimin bana \u015fiddet uygulad\u0131\u011f\u0131 anlam\u0131na gelmez. Bu t\u00fcr haberleri k\u0131n\u0131yorum.&#8221;<\/p>\n<\/blockquote>\n\n\n\n<p class=\"wp-block-paragraph\">\u00d6te yandan kamuoyuna yans\u0131yan iddialarla ilgili olarak resmi makamlar taraf\u0131ndan kesinle\u015fmi\u015f bir yarg\u0131 karar\u0131 bulunmuyor. Olayla ilgili farkl\u0131 iddialar g\u00fcndemde yer al\u0131rken, taraflar\u0131n a\u00e7\u0131klamalar\u0131 ve resmi s\u00fcre\u00e7lerin sonu\u00e7lar\u0131 do\u011frultusunda geli\u015fmeler netlik kazanacak.<\/p>\n\n\n\n<figure class=\"wp-block-image size-full\"><img  title=\"\" loading=\"lazy\" decoding=\"async\" width=\"640\" height=\"640\" src=\"https:\/\/gundem59.com.tr\/wp-content\/uploads\/2026\/07\/nihat-kahveci-gozaltina-alindi-20049521-4617_1_m-1.webp\"  alt=\"nihat-kahveci-gozaltina-alindi-20049521-4617_1_m-1 Nihat Kahveci Hakk\u0131ndaki \u0130ddialara Yalanlama: E\u015finden A\u00e7\u0131klama Geldi\"  class=\"wp-image-3183\" srcset=\"https:\/\/gundem59.com.tr\/wp-content\/uploads\/2026\/07\/nihat-kahveci-gozaltina-alindi-20049521-4617_1_m-1.webp 640w, https:\/\/gundem59.com.tr\/wp-content\/uploads\/2026\/07\/nihat-kahveci-gozaltina-alindi-20049521-4617_1_m-1-300x300.webp 300w, https:\/\/gundem59.com.tr\/wp-content\/uploads\/2026\/07\/nihat-kahveci-gozaltina-alindi-20049521-4617_1_m-1-150x150.webp 150w\" sizes=\"auto, (max-width: 640px) 100vw, 640px\" \/><\/figure>\n\n\n\n<p class=\"wp-block-paragraph\">&#x1f449; T\u00fcrkiye g\u00fcndeminden en g\u00fcncel haberler i\u00e7in;<\/p>\n\n\n\n<p class=\"wp-block-paragraph\">&#x1f310; <a href=\"http:\/\/www.gundem59.com.tr\/\">www.gundem59.com.tr<\/a><\/p>\n\n\n\n<p class=\"wp-block-paragraph\">&#x1f310; <a href=\"http:\/\/www.turkiyemhaber.com\/\">www.turkiyemhaber.com<\/a><\/p>\n\n\n\n<p class=\"wp-block-paragraph\">&#x1f310; <a href=\"http:\/\/www.gundem44.com.tr\/\">www.gundem44.com.tr<\/a><\/p>\n\n\n\n<p class=\"wp-block-paragraph\">&#x1f310; <a href=\"http:\/\/www.gundem34haber.com.tr\/\">www.gundem34haber.com.tr<\/a><\/p>\n\n\n\n<p class=\"wp-block-paragraph\">&#x1f310; <a href=\"http:\/\/www.saray59.com.tr\/\">www.saray59.com.tr<\/a><\/p>\n\n\n\n<p class=\"wp-block-paragraph\">&#x1f4fa; <a href=\"http:\/\/www.turkiyemhabertv.com\/\">www.turkiyemhabertv.com<\/a><\/p>\n\n\n\n<p class=\"wp-block-paragraph\">&#x1f4fb; <a href=\"http:\/\/www.turkiyemradyo.com\/\">www.turkiyemradyo.com<\/a><\/p>\n\n\n\n<p class=\"wp-block-paragraph\">&#x1f4f1; @gundem59__<\/p>\n\n\n\n<p class=\"wp-block-paragraph\">&#x1f4f1; @turkiyemhaber_tr<\/p>\n\n\n\n<p class=\"wp-block-paragraph\">#SonDakika #NihatKahveci #FulyaSeverKahveci #Spor #Magazin #G\u00fcndem #T\u00fcrkiye #Haber #Gundem59 #TurkiyemHaber #Gundem44 #Gundem34Haber #Saray59 #TurkiyemHaberTV #TurkiyemRadyo<\/p>\n","protected":false},"excerpt":{"rendered":"<p>Eski milli futbolcu ve spor yorumcusu Nihat Kahveci hakk\u0131nda sosyal medyada ve baz\u0131 yay\u0131n organlar\u0131nda&#8230;<\/p>\n","protected":false},"author":1,"featured_media":3181,"comment_status":"closed","ping_status":"closed","sticky":false,"template":"","format":"standard","meta":{"footnotes":""},"categories":[51],"tags":[],"ppma_author":[57],"class_list":["post-3180","post","type-post","status-publish","format-standard","has-post-thumbnail","hentry","category-magazin"],"authors":[{"term_id":57,"user_id":1,"is_guest":0,"slug":"admin","display_name":"Alp Aslan","avatar_url":"https:\/\/secure.gravatar.com\/avatar\/07c18c5ad3350b025db8f3328450e071acb435c703e565899c880c63362f137a?s=96&d=mm&r=g","author_category":"1","first_name":"Alp Aslan","last_name":"ER\u0130N","user_url":"http:\/\/www.gundem59.com.tr","job_title":"","description":""}],"_links":{"self":[{"href":"https:\/\/gundem59.com.tr\/index.php?rest_route=\/wp\/v2\/posts\/3180","targetHints":{"allow":["GET"]}}],"collection":[{"href":"https:\/\/gundem59.com.tr\/index.php?rest_route=\/wp\/v2\/posts"}],"about":[{"href":"https:\/\/gundem59.com.tr\/index.php?rest_route=\/wp\/v2\/types\/post"}],"author":[{"embeddable":true,"href":"https:\/\/gundem59.com.tr\/index.php?rest_route=\/wp\/v2\/users\/1"}],"replies":[{"embeddable":true,"href":"https:\/\/gundem59.com.tr\/index.php?rest_route=%2Fwp%2Fv2%2Fcomments&post=3180"}],"version-history":[{"count":1,"href":"https:\/\/gundem59.com.tr\/index.php?rest_route=\/wp\/v2\/posts\/3180\/revisions"}],"predecessor-version":[{"id":3184,"href":"https:\/\/gundem59.com.tr\/index.php?rest_route=\/wp\/v2\/posts\/3180\/revisions\/3184"}],"wp:featuredmedia":[{"embeddable":true,"href":"https:\/\/gundem59.com.tr\/index.php?rest_route=\/wp\/v2\/media\/3181"}],"wp:attachment":[{"href":"https:\/\/gundem59.com.tr\/index.php?rest_route=%2Fwp%2Fv2%2Fmedia&parent=3180"}],"wp:term":[{"taxonomy":"category","embeddable":true,"href":"https:\/\/gundem59.com.tr\/index.php?rest_route=%2Fwp%2Fv2%2Fcategories&post=3180"},{"taxonomy":"post_tag","embeddable":true,"href":"https:\/\/gundem59.com.tr\/index.php?rest_route=%2Fwp%2Fv2%2Ftags&post=3180"},{"taxonomy":"author","embeddable":true,"href":"https:\/\/gundem59.com.tr\/index.php?rest_route=%2Fwp%2Fv2%2Fppma_author&post=3180"}],"curies":[{"name":"wp","href":"https:\/\/api.w.org\/{rel}","templated":true}]}}