{"id":3175,"date":"2026-07-14T11:14:57","date_gmt":"2026-07-14T11:14:57","guid":{"rendered":"https:\/\/gundem59.com.tr\/?p=3175"},"modified":"2026-07-14T11:14:57","modified_gmt":"2026-07-14T11:14:57","slug":"turkiye-genelinde-dev-feto-operasyonu-704-supheli-yakalandi","status":"publish","type":"post","link":"https:\/\/gundem59.com.tr\/?p=3175","title":{"rendered":"T\u00fcrkiye Genelinde Dev FET\u00d6 Operasyonu: 704 \u015e\u00fcpheli Yakaland\u0131"},"content":{"rendered":"\n<p class=\"wp-block-paragraph\">Fetullah\u00e7\u0131 Ter\u00f6r \u00d6rg\u00fct\u00fc\/Paralel Devlet Yap\u0131lanmas\u0131&#8217;na (FET\u00d6\/PDY) y\u00f6nelik T\u00fcrkiye genelinde d\u00fczenlenen geni\u015f \u00e7apl\u0131 operasyonlarda 704 \u015f\u00fcpheli g\u00f6zalt\u0131na al\u0131nd\u0131. Operasyonlar\u0131n, 15 Temmuz hain darbe giri\u015fiminin 10. y\u0131l\u0131 \u00f6ncesinde ger\u00e7ekle\u015ftirildi\u011fi bildirildi.<\/p>\n\n\n\n<p class=\"wp-block-paragraph\">Cumhuriyet ba\u015fsavc\u0131l\u0131klar\u0131n\u0131n koordinasyonunda y\u00fcr\u00fct\u00fclen soru\u015fturmalar kapsam\u0131nda, \u00f6rg\u00fctle ba\u011flant\u0131l\u0131 oldu\u011fu de\u011ferlendirilen toplam 973 \u015f\u00fcpheli hakk\u0131nda i\u015flem ba\u015flat\u0131ld\u0131. T\u00fcrkiye&#8217;nin 81 ilinde e\u015f zamanl\u0131 d\u00fczenlenen operasyonlarda 704 ki\u015fi yakalan\u0131rken, 269 \u015f\u00fcphelinin yakalanmas\u0131na y\u00f6nelik \u00e7al\u0131\u015fmalar\u0131n s\u00fcrd\u00fc\u011f\u00fc \u00f6\u011frenildi.<\/p>\n\n\n\n<p class=\"wp-block-paragraph\"><\/p>\n\n\n\n<p class=\"wp-block-paragraph\">G\u00f6zalt\u0131na al\u0131nan \u015f\u00fcpheliler aras\u0131nda 170 aktif kamu g\u00f6revlisi, 6 emekli kamu personeli, 44 ihra\u00e7 kamu \u00e7al\u0131\u015fan\u0131 ile 484 \u00f6zel sekt\u00f6r \u00e7al\u0131\u015fan\u0131 ve sivil \u015fah\u0131s bulunuyor.<\/p>\n\n\n\n<p class=\"wp-block-paragraph\">Yetkililerden al\u0131nan bilgilere g\u00f6re g\u00f6zalt\u0131na al\u0131nan aktif kamu personellerinin 97&#8217;si \u0130\u00e7i\u015fleri Bakanl\u0131\u011f\u0131 b\u00fcnyesinde g\u00f6rev yap\u0131yor. Bunlar\u0131n aras\u0131nda 1 emniyet amiri, 1 komiser, 94 polis memuru ve 1 jandarma personeli yer al\u0131yor.<\/p>\n\n\n\n<p class=\"wp-block-paragraph\">Adalet Bakanl\u0131\u011f\u0131 b\u00fcnyesinde g\u00f6rev yapan 14 ki\u015finin de operasyon kapsam\u0131nda g\u00f6zalt\u0131na al\u0131nd\u0131\u011f\u0131 belirtildi. Bu ki\u015filer aras\u0131nda zab\u0131t katipleri, infaz koruma memurlar\u0131 ve avukatlar\u0131n bulundu\u011fu ifade edildi.<\/p>\n\n\n\n<p class=\"wp-block-paragraph\">Operasyonlarda ayr\u0131ca \u00f6\u011fretmen, doktor, hem\u015fire, akademisyen ve ara\u015ft\u0131rma g\u00f6revlilerinin de g\u00f6zalt\u0131na al\u0131nanlar aras\u0131nda yer ald\u0131\u011f\u0131 bildirildi.<\/p>\n\n\n\n<p class=\"wp-block-paragraph\">Soru\u015fturmalar\u0131n Cumhuriyet ba\u015fsavc\u0131l\u0131klar\u0131n\u0131n koordinasyonunda s\u00fcrd\u00fc\u011f\u00fc ve yakalama \u00e7al\u0131\u015fmalar\u0131n\u0131n devam etti\u011fi \u00f6\u011frenildi.<\/p>\n\n\n\n<p class=\"wp-block-paragraph\">&#x1f449; T\u00fcrkiye g\u00fcndeminden en g\u00fcncel haberler i\u00e7in;<\/p>\n\n\n\n<p class=\"wp-block-paragraph\">&#x1f310; <a href=\"http:\/\/www.gundem59.com.tr\/\">www.gundem59.com.tr<\/a><\/p>\n\n\n\n<p class=\"wp-block-paragraph\">&#x1f310; <a href=\"http:\/\/www.turkiyemhaber.com\/\">www.turkiyemhaber.com<\/a><\/p>\n\n\n\n<p class=\"wp-block-paragraph\">&#x1f310; <a href=\"http:\/\/www.gundem44.com.tr\/\">www.gundem44.com.tr<\/a><\/p>\n\n\n\n<p class=\"wp-block-paragraph\">&#x1f310; <a href=\"http:\/\/www.gundem34haber.com.tr\/\">www.gundem34haber.com.tr<\/a><\/p>\n\n\n\n<p class=\"wp-block-paragraph\">&#x1f310; <a href=\"http:\/\/www.saray59.com.tr\/\">www.saray59.com.tr<\/a><\/p>\n\n\n\n<p class=\"wp-block-paragraph\">&#x1f4fa; <a href=\"http:\/\/www.turkiyemhabertv.com\/\">www.turkiyemhabertv.com<\/a><\/p>\n\n\n\n<p class=\"wp-block-paragraph\">&#x1f4fb; <a href=\"http:\/\/www.turkiyemradyo.com\/\">www.turkiyemradyo.com<\/a><\/p>\n\n\n\n<p class=\"wp-block-paragraph\">&#x1f4f1; @gundem59__<\/p>\n\n\n\n<p class=\"wp-block-paragraph\">&#x1f4f1; @turkiyemhaber_tr<\/p>\n\n\n\n<p class=\"wp-block-paragraph\">#SonDakika #FET\u00d6 #Operasyon #15Temmuz #T\u00fcrkiye #G\u00fcndem #Ter\u00f6r #Asayi\u015f #Adliye #\u0130\u00e7i\u015fleriBakanl\u0131\u011f\u0131 #AdaletBakanl\u0131\u011f\u0131 #Haber #Gundem59 #TurkiyemHaber #Gundem44 #Gundem34Haber #Saray59 #TurkiyemHaberTV #TurkiyemRadyo<\/p>\n","protected":false},"excerpt":{"rendered":"<p>Fetullah\u00e7\u0131 Ter\u00f6r \u00d6rg\u00fct\u00fc\/Paralel Devlet Yap\u0131lanmas\u0131&#8217;na (FET\u00d6\/PDY) y\u00f6nelik T\u00fcrkiye genelinde d\u00fczenlenen geni\u015f \u00e7apl\u0131 operasyonlarda 704 \u015f\u00fcpheli&#8230;<\/p>\n","protected":false},"author":1,"featured_media":3178,"comment_status":"closed","ping_status":"closed","sticky":false,"template":"","format":"standard","meta":{"footnotes":""},"categories":[30],"tags":[],"ppma_author":[57],"class_list":["post-3175","post","type-post","status-publish","format-standard","has-post-thumbnail","hentry","category-ulusal-gundem"],"authors":[{"term_id":57,"user_id":1,"is_guest":0,"slug":"admin","display_name":"Alp Aslan","avatar_url":"https:\/\/secure.gravatar.com\/avatar\/07c18c5ad3350b025db8f3328450e071acb435c703e565899c880c63362f137a?s=96&d=mm&r=g","author_category":"1","first_name":"Alp Aslan","last_name":"ER\u0130N","user_url":"http:\/\/www.gundem59.com.tr","job_title":"","description":""}],"_links":{"self":[{"href":"https:\/\/gundem59.com.tr\/index.php?rest_route=\/wp\/v2\/posts\/3175","targetHints":{"allow":["GET"]}}],"collection":[{"href":"https:\/\/gundem59.com.tr\/index.php?rest_route=\/wp\/v2\/posts"}],"about":[{"href":"https:\/\/gundem59.com.tr\/index.php?rest_route=\/wp\/v2\/types\/post"}],"author":[{"embeddable":true,"href":"https:\/\/gundem59.com.tr\/index.php?rest_route=\/wp\/v2\/users\/1"}],"replies":[{"embeddable":true,"href":"https:\/\/gundem59.com.tr\/index.php?rest_route=%2Fwp%2Fv2%2Fcomments&post=3175"}],"version-history":[{"count":1,"href":"https:\/\/gundem59.com.tr\/index.php?rest_route=\/wp\/v2\/posts\/3175\/revisions"}],"predecessor-version":[{"id":3179,"href":"https:\/\/gundem59.com.tr\/index.php?rest_route=\/wp\/v2\/posts\/3175\/revisions\/3179"}],"wp:featuredmedia":[{"embeddable":true,"href":"https:\/\/gundem59.com.tr\/index.php?rest_route=\/wp\/v2\/media\/3178"}],"wp:attachment":[{"href":"https:\/\/gundem59.com.tr\/index.php?rest_route=%2Fwp%2Fv2%2Fmedia&parent=3175"}],"wp:term":[{"taxonomy":"category","embeddable":true,"href":"https:\/\/gundem59.com.tr\/index.php?rest_route=%2Fwp%2Fv2%2Fcategories&post=3175"},{"taxonomy":"post_tag","embeddable":true,"href":"https:\/\/gundem59.com.tr\/index.php?rest_route=%2Fwp%2Fv2%2Ftags&post=3175"},{"taxonomy":"author","embeddable":true,"href":"https:\/\/gundem59.com.tr\/index.php?rest_route=%2Fwp%2Fv2%2Fppma_author&post=3175"}],"curies":[{"name":"wp","href":"https:\/\/api.w.org\/{rel}","templated":true}]}}