{"id":3172,"date":"2026-07-14T11:10:58","date_gmt":"2026-07-14T11:10:58","guid":{"rendered":"https:\/\/gundem59.com.tr\/?p=3172"},"modified":"2026-07-14T11:10:59","modified_gmt":"2026-07-14T11:10:59","slug":"super-hucre-tekirdagi-vurdu-35-bin-dekarlik-tarim-arazisi-zarar-gordu","status":"publish","type":"post","link":"https:\/\/gundem59.com.tr\/?p=3172","title":{"rendered":"S\u00fcper H\u00fccre Tekirda\u011f&#8217;\u0131 Vurdu! 35 Bin Dekarl\u0131k Tar\u0131m Arazisi Zarar G\u00f6rd\u00fc"},"content":{"rendered":"\n<p class=\"wp-block-paragraph\">Tekirda\u011f&#8217;\u0131n S\u00fcleymanpa\u015fa il\u00e7esinde etkili olan \u015fiddetli sa\u011fanak ve dolu ya\u011f\u0131\u015f\u0131, tar\u0131m arazilerinde b\u00fcy\u00fck hasara yol a\u00e7t\u0131. Ferhadanl\u0131, Hac\u0131k\u00f6y, Ahmedikli ve G\u00fcve\u00e7li mahallelerinde yakla\u015f\u0131k 35 bin dekarl\u0131k alanda ekili \u00fcr\u00fcnler zarar g\u00f6rd\u00fc.<\/p>\n\n\n\n<p class=\"wp-block-paragraph\">Ak\u015fam saatlerinde etkisini g\u00f6steren dolu ve sa\u011fanak nedeniyle baz\u0131 evlerin \u00e7at\u0131lar\u0131 u\u00e7arken, \u00e7ok say\u0131da a\u011fac\u0131n dallar\u0131 k\u0131r\u0131ld\u0131. En b\u00fcy\u00fck zarar ise ay\u00e7i\u00e7e\u011fi, karpuz ve kanola ekili tar\u0131m arazilerinde meydana geldi.<\/p>\n\n\n\n<p class=\"wp-block-paragraph\">Tekirda\u011f Tar\u0131m ve Orman \u0130l M\u00fcd\u00fcr\u00fc Mehmet Aksoy, il ve il\u00e7e m\u00fcd\u00fcrl\u00fc\u011f\u00fc ekipleriyle birlikte b\u00f6lgede incelemelerde bulunarak hasar tespit \u00e7al\u0131\u015fmalar\u0131n\u0131 ba\u015flatt\u0131klar\u0131n\u0131 s\u00f6yledi. Aksoy, ay\u00e7i\u00e7e\u011fi tarlalar\u0131nda sa\u011fl\u0131kl\u0131 tespit yap\u0131labilmesi i\u00e7in birka\u00e7 g\u00fcn beklenmesi gerekti\u011fini belirterek, \u00e7ift\u00e7ilerin TARS\u0130M ve il\u00e7e m\u00fcd\u00fcrl\u00fcklerine ba\u015fvuruda bulunmalar\u0131n\u0131 istedi.<\/p>\n\n\n\n<p class=\"wp-block-paragraph\">B\u00f6lgede \u00fcretim yapan \u00e7ift\u00e7iler ise aylard\u0131r verdikleri eme\u011fin bir gecede yok oldu\u011funu ifade etti. Ferhadanl\u0131 Mahallesi&#8217;nde \u00e7ift\u00e7ilik yapan Kader Filiz, binlerce ay\u00e7i\u00e7e\u011fi ve tar\u0131m \u00fcr\u00fcn\u00fcn\u00fcn zarar g\u00f6rd\u00fc\u011f\u00fcn\u00fc belirterek destek talebinde bulundu.<\/p>\n\n\n\n<p class=\"wp-block-paragraph\">Tekirda\u011f B\u00fcy\u00fck\u015fehir Belediye Ba\u015fkan\u0131 Candan Y\u00fcceer de zarar g\u00f6ren mahalleleri ziyaret ederek vatanda\u015flarla g\u00f6r\u00fc\u015ft\u00fc ve y\u00fcr\u00fct\u00fclen \u00e7al\u0131\u015fmalar hakk\u0131nda bilgi ald\u0131.<\/p>\n\n\n\n<p class=\"wp-block-paragraph\">Yetkililer, hasar tespit \u00e7al\u0131\u015fmalar\u0131n\u0131n tamamlanmas\u0131n\u0131n ard\u0131ndan \u00fcreticilere y\u00f6nelik destek s\u00fcrecinin ba\u015flat\u0131laca\u011f\u0131n\u0131 a\u00e7\u0131klad\u0131.<\/p>\n\n\n\n<p class=\"wp-block-paragraph\">&#x1f449; T\u00fcrkiye g\u00fcndeminden en g\u00fcncel haberler i\u00e7in;<\/p>\n\n\n\n<p class=\"wp-block-paragraph\">&#x1f310; <a href=\"http:\/\/www.gundem59.com.tr\/\">www.gundem59.com.tr<\/a><\/p>\n\n\n\n<p class=\"wp-block-paragraph\">&#x1f310; <a href=\"http:\/\/www.turkiyemhaber.com\/\">www.turkiyemhaber.com<\/a><\/p>\n\n\n\n<p class=\"wp-block-paragraph\">&#x1f310; <a href=\"http:\/\/www.gundem44.com.tr\/\">www.gundem44.com.tr<\/a><\/p>\n\n\n\n<p class=\"wp-block-paragraph\">&#x1f310; <a href=\"http:\/\/www.gundem34haber.com.tr\/\">www.gundem34haber.com.tr<\/a><\/p>\n\n\n\n<p class=\"wp-block-paragraph\">&#x1f310; <a href=\"http:\/\/www.saray59.com.tr\/\">www.saray59.com.tr<\/a><\/p>\n\n\n\n<p class=\"wp-block-paragraph\">&#x1f4fa; <a href=\"http:\/\/www.turkiyemhabertv.com\/\">www.turkiyemhabertv.com<\/a><\/p>\n\n\n\n<p class=\"wp-block-paragraph\">&#x1f4fb; <a href=\"http:\/\/www.turkiyemradyo.com\/\">www.turkiyemradyo.com<\/a><\/p>\n\n\n\n<p class=\"wp-block-paragraph\">&#x1f4f1; @gundem59__<\/p>\n\n\n\n<p class=\"wp-block-paragraph\">&#x1f4f1; @turkiyemhaber_tr<\/p>\n\n\n\n<p class=\"wp-block-paragraph\">#Tekirda\u011f #S\u00fcleymanpa\u015fa #Dolu #Sa\u011fanak #Tar\u0131m #Ay\u00e7i\u00e7e\u011fi #Karpuz #Kanola #\u00c7ift\u00e7i #TARS\u0130M #CandanY\u00fcceer #Tekirda\u011fTar\u0131m #YerelHaber #Gundem59 #TurkiyemHaber #Gundem44 #Gundem34Haber #Saray59 #SonDakika #T\u00fcrkiyeG\u00fcndemi<\/p>\n","protected":false},"excerpt":{"rendered":"<p>Tekirda\u011f&#8217;\u0131n S\u00fcleymanpa\u015fa il\u00e7esinde etkili olan \u015fiddetli sa\u011fanak ve dolu ya\u011f\u0131\u015f\u0131, tar\u0131m arazilerinde b\u00fcy\u00fck hasara yol&#8230;<\/p>\n","protected":false},"author":1,"featured_media":3173,"comment_status":"closed","ping_status":"closed","sticky":false,"template":"","format":"standard","meta":{"footnotes":""},"categories":[56],"tags":[],"ppma_author":[57],"class_list":["post-3172","post","type-post","status-publish","format-standard","has-post-thumbnail","hentry","category-guncel"],"authors":[{"term_id":57,"user_id":1,"is_guest":0,"slug":"admin","display_name":"Alp Aslan","avatar_url":"https:\/\/secure.gravatar.com\/avatar\/07c18c5ad3350b025db8f3328450e071acb435c703e565899c880c63362f137a?s=96&d=mm&r=g","author_category":"1","first_name":"Alp Aslan","last_name":"ER\u0130N","user_url":"http:\/\/www.gundem59.com.tr","job_title":"","description":""}],"_links":{"self":[{"href":"https:\/\/gundem59.com.tr\/index.php?rest_route=\/wp\/v2\/posts\/3172","targetHints":{"allow":["GET"]}}],"collection":[{"href":"https:\/\/gundem59.com.tr\/index.php?rest_route=\/wp\/v2\/posts"}],"about":[{"href":"https:\/\/gundem59.com.tr\/index.php?rest_route=\/wp\/v2\/types\/post"}],"author":[{"embeddable":true,"href":"https:\/\/gundem59.com.tr\/index.php?rest_route=\/wp\/v2\/users\/1"}],"replies":[{"embeddable":true,"href":"https:\/\/gundem59.com.tr\/index.php?rest_route=%2Fwp%2Fv2%2Fcomments&post=3172"}],"version-history":[{"count":1,"href":"https:\/\/gundem59.com.tr\/index.php?rest_route=\/wp\/v2\/posts\/3172\/revisions"}],"predecessor-version":[{"id":3174,"href":"https:\/\/gundem59.com.tr\/index.php?rest_route=\/wp\/v2\/posts\/3172\/revisions\/3174"}],"wp:featuredmedia":[{"embeddable":true,"href":"https:\/\/gundem59.com.tr\/index.php?rest_route=\/wp\/v2\/media\/3173"}],"wp:attachment":[{"href":"https:\/\/gundem59.com.tr\/index.php?rest_route=%2Fwp%2Fv2%2Fmedia&parent=3172"}],"wp:term":[{"taxonomy":"category","embeddable":true,"href":"https:\/\/gundem59.com.tr\/index.php?rest_route=%2Fwp%2Fv2%2Fcategories&post=3172"},{"taxonomy":"post_tag","embeddable":true,"href":"https:\/\/gundem59.com.tr\/index.php?rest_route=%2Fwp%2Fv2%2Ftags&post=3172"},{"taxonomy":"author","embeddable":true,"href":"https:\/\/gundem59.com.tr\/index.php?rest_route=%2Fwp%2Fv2%2Fppma_author&post=3172"}],"curies":[{"name":"wp","href":"https:\/\/api.w.org\/{rel}","templated":true}]}}