{"id":3167,"date":"2026-07-14T11:09:01","date_gmt":"2026-07-14T11:09:01","guid":{"rendered":"https:\/\/gundem59.com.tr\/?p=3167"},"modified":"2026-07-14T11:09:02","modified_gmt":"2026-07-14T11:09:02","slug":"yasemin-kay-allendan-sert-tepki-o-kisi-ben-degilim","status":"publish","type":"post","link":"https:\/\/gundem59.com.tr\/?p=3167","title":{"rendered":"Yasemin Kay Allen&#8217;dan Sert Tepki: &#8220;O Ki\u015fi Ben De\u011filim&#8221;"},"content":{"rendered":"\n<p class=\"wp-block-paragraph\">Oyuncu Yasemin Kay Allen, sosyal medyada h\u0131zla yay\u0131lan ve siyah mayolu bir kad\u0131n\u0131n dal\u0131\u015f yapt\u0131\u011f\u0131 g\u00f6r\u00fcnt\u00fclerin kendisine ait oldu\u011fu y\u00f6n\u00fcndeki iddialara sert tepki g\u00f6sterdi.<\/p>\n\n\n\n<p class=\"wp-block-paragraph\">Son g\u00fcnlerde \u00e7e\u015fitli sosyal medya hesaplar\u0131nda payla\u015f\u0131lan videonun kendisiyle hi\u00e7bir ilgisinin bulunmad\u0131\u011f\u0131n\u0131 belirten Allen, \u00e7\u0131kan haber ve payla\u015f\u0131mlar\u0131n ger\u00e7e\u011fi yans\u0131tmad\u0131\u011f\u0131n\u0131 ifade etti.<\/p>\n\n\n\n<figure class=\"wp-block-image size-full\"><img  title=\"\" loading=\"lazy\" decoding=\"async\" width=\"640\" height=\"602\" src=\"https:\/\/gundem59.com.tr\/wp-content\/uploads\/2026\/07\/yasemin-kay-alleni-cildirtan-i-97141043-8329_1_m.webp\"  alt=\"yasemin-kay-alleni-cildirtan-i-97141043-8329_1_m Yasemin Kay Allen&#039;dan Sert Tepki: &quot;O Ki\u015fi Ben De\u011filim&quot;\"  class=\"wp-image-3169\" srcset=\"https:\/\/gundem59.com.tr\/wp-content\/uploads\/2026\/07\/yasemin-kay-alleni-cildirtan-i-97141043-8329_1_m.webp 640w, https:\/\/gundem59.com.tr\/wp-content\/uploads\/2026\/07\/yasemin-kay-alleni-cildirtan-i-97141043-8329_1_m-300x282.webp 300w\" sizes=\"auto, (max-width: 640px) 100vw, 640px\" \/><\/figure>\n\n\n\n<h3 class=\"wp-block-heading\">&#8220;Videonun Nerede \u00c7ekildi\u011fini Bile Bilmiyorum&#8221;<\/h3>\n\n\n\n<p class=\"wp-block-paragraph\">Hakk\u0131ndaki iddialara a\u00e7\u0131kl\u0131k getiren \u00fcnl\u00fc oyuncu, g\u00f6r\u00fcnt\u00fclerdeki ki\u015finin kendisi olmad\u0131\u011f\u0131n\u0131 vurgulayarak, &#8220;Videonun nerede \u00e7ekildi\u011fini dahi bilmiyorum, o ki\u015fi ben de\u011filim&#8221; a\u00e7\u0131klamas\u0131nda bulundu.<\/p>\n\n\n\n<h3 class=\"wp-block-heading\">Hukuki S\u00fcre\u00e7 Ba\u015flat\u0131ld\u0131<\/h3>\n\n\n\n<p class=\"wp-block-paragraph\">As\u0131ls\u0131z iddialar\u0131n yay\u0131lmas\u0131 \u00fczerine harekete ge\u00e7en Allen, g\u00f6r\u00fcnt\u00fclerin kendisine ait oldu\u011funu \u00f6ne s\u00fcren ve bu y\u00f6nde payla\u015f\u0131m yapan sosyal medya hesaplar\u0131 hakk\u0131nda yasal s\u00fcre\u00e7 ba\u015flatt\u0131\u011f\u0131n\u0131 duyurdu.<\/p>\n\n\n\n<p class=\"wp-block-paragraph\">\u00dcnl\u00fc oyuncunun a\u00e7\u0131klamas\u0131 k\u0131sa s\u00fcrede sosyal medyada g\u00fcndem olurken, hayranlar\u0131 da Allen&#8217;a destek mesajlar\u0131 payla\u015ft\u0131.<\/p>\n\n\n\n<figure class=\"wp-block-image size-full\"><img  title=\"\" loading=\"lazy\" decoding=\"async\" width=\"640\" height=\"803\" src=\"https:\/\/gundem59.com.tr\/wp-content\/uploads\/2026\/07\/yasemin-kay-alleni-cildirtan-i-74245994-7138_1_m.webp\"  alt=\"yasemin-kay-alleni-cildirtan-i-74245994-7138_1_m Yasemin Kay Allen&#039;dan Sert Tepki: &quot;O Ki\u015fi Ben De\u011filim&quot;\"  class=\"wp-image-3170\" srcset=\"https:\/\/gundem59.com.tr\/wp-content\/uploads\/2026\/07\/yasemin-kay-alleni-cildirtan-i-74245994-7138_1_m.webp 640w, https:\/\/gundem59.com.tr\/wp-content\/uploads\/2026\/07\/yasemin-kay-alleni-cildirtan-i-74245994-7138_1_m-239x300.webp 239w\" sizes=\"auto, (max-width: 640px) 100vw, 640px\" \/><\/figure>\n\n\n\n<hr class=\"wp-block-separator has-alpha-channel-opacity\"\/>\n\n\n\n<p class=\"wp-block-paragraph\">&#x1f449; T\u00fcrkiye g\u00fcndeminden en g\u00fcncel haberler i\u00e7in;<\/p>\n\n\n\n<p class=\"wp-block-paragraph\">&#x1f310; <a href=\"http:\/\/www.gundem59.com.tr\/\">www.gundem59.com.tr<\/a><\/p>\n\n\n\n<p class=\"wp-block-paragraph\">&#x1f310; <a href=\"http:\/\/www.turkiyemhaber.com\/\">www.turkiyemhaber.com<\/a><\/p>\n\n\n\n<p class=\"wp-block-paragraph\">&#x1f310; <a href=\"http:\/\/www.gundem44.com.tr\/\">www.gundem44.com.tr<\/a><\/p>\n\n\n\n<p class=\"wp-block-paragraph\">&#x1f310; <a href=\"http:\/\/www.gundem34haber.com.tr\/\">www.gundem34haber.com.tr<\/a><\/p>\n\n\n\n<p class=\"wp-block-paragraph\">&#x1f310; <a href=\"http:\/\/www.saray59.com.tr\/\">www.saray59.com.tr<\/a><\/p>\n\n\n\n<p class=\"wp-block-paragraph\">&#x1f4fa; <a href=\"http:\/\/www.turkiyemhabertv.com\/\">www.turkiyemhabertv.com<\/a><\/p>\n\n\n\n<p class=\"wp-block-paragraph\">&#x1f4fb; <a href=\"http:\/\/www.turkiyemradyo.com\/\">www.turkiyemradyo.com<\/a><\/p>\n\n\n\n<p class=\"wp-block-paragraph\">&#x1f4f1; @gundem59__<\/p>\n\n\n\n<p class=\"wp-block-paragraph\">&#x1f4f1; @turkiyemhaber_tr<\/p>\n\n\n\n<p class=\"wp-block-paragraph\">#Magazin #YaseminKayAllen #SonDakika #\u00dcnl\u00fcler #SosyalMedya #MagazinHaberleri #T\u00fcrkiye #G\u00fcndem #Haber #Gundem59 #TurkiyemHaber #Gundem44 #Gundem34Haber #Saray59 #TurkiyemHaberTV #TurkiyemRadyo<\/p>\n","protected":false},"excerpt":{"rendered":"<p>Oyuncu Yasemin Kay Allen, sosyal medyada h\u0131zla yay\u0131lan ve siyah mayolu bir kad\u0131n\u0131n dal\u0131\u015f yapt\u0131\u011f\u0131&#8230;<\/p>\n","protected":false},"author":1,"featured_media":3168,"comment_status":"closed","ping_status":"closed","sticky":false,"template":"","format":"standard","meta":{"footnotes":""},"categories":[51],"tags":[],"ppma_author":[57],"class_list":["post-3167","post","type-post","status-publish","format-standard","has-post-thumbnail","hentry","category-magazin"],"authors":[{"term_id":57,"user_id":1,"is_guest":0,"slug":"admin","display_name":"Alp Aslan","avatar_url":"https:\/\/secure.gravatar.com\/avatar\/07c18c5ad3350b025db8f3328450e071acb435c703e565899c880c63362f137a?s=96&d=mm&r=g","author_category":"1","first_name":"Alp Aslan","last_name":"ER\u0130N","user_url":"http:\/\/www.gundem59.com.tr","job_title":"","description":""}],"_links":{"self":[{"href":"https:\/\/gundem59.com.tr\/index.php?rest_route=\/wp\/v2\/posts\/3167","targetHints":{"allow":["GET"]}}],"collection":[{"href":"https:\/\/gundem59.com.tr\/index.php?rest_route=\/wp\/v2\/posts"}],"about":[{"href":"https:\/\/gundem59.com.tr\/index.php?rest_route=\/wp\/v2\/types\/post"}],"author":[{"embeddable":true,"href":"https:\/\/gundem59.com.tr\/index.php?rest_route=\/wp\/v2\/users\/1"}],"replies":[{"embeddable":true,"href":"https:\/\/gundem59.com.tr\/index.php?rest_route=%2Fwp%2Fv2%2Fcomments&post=3167"}],"version-history":[{"count":1,"href":"https:\/\/gundem59.com.tr\/index.php?rest_route=\/wp\/v2\/posts\/3167\/revisions"}],"predecessor-version":[{"id":3171,"href":"https:\/\/gundem59.com.tr\/index.php?rest_route=\/wp\/v2\/posts\/3167\/revisions\/3171"}],"wp:featuredmedia":[{"embeddable":true,"href":"https:\/\/gundem59.com.tr\/index.php?rest_route=\/wp\/v2\/media\/3168"}],"wp:attachment":[{"href":"https:\/\/gundem59.com.tr\/index.php?rest_route=%2Fwp%2Fv2%2Fmedia&parent=3167"}],"wp:term":[{"taxonomy":"category","embeddable":true,"href":"https:\/\/gundem59.com.tr\/index.php?rest_route=%2Fwp%2Fv2%2Fcategories&post=3167"},{"taxonomy":"post_tag","embeddable":true,"href":"https:\/\/gundem59.com.tr\/index.php?rest_route=%2Fwp%2Fv2%2Ftags&post=3167"},{"taxonomy":"author","embeddable":true,"href":"https:\/\/gundem59.com.tr\/index.php?rest_route=%2Fwp%2Fv2%2Fppma_author&post=3167"}],"curies":[{"name":"wp","href":"https:\/\/api.w.org\/{rel}","templated":true}]}}