{"id":3161,"date":"2026-07-14T11:04:06","date_gmt":"2026-07-14T11:04:06","guid":{"rendered":"https:\/\/gundem59.com.tr\/?p=3161"},"modified":"2026-07-14T11:04:07","modified_gmt":"2026-07-14T11:04:07","slug":"akasya-duragi-polemigi-zeki-alasyanin-esinden-iddialara-yanit","status":"publish","type":"post","link":"https:\/\/gundem59.com.tr\/?p=3161","title":{"rendered":"Akasya Dura\u011f\u0131 Polemi\u011fi: Zeki Alasya&#8217;n\u0131n E\u015finden \u0130ddialara Yan\u0131t"},"content":{"rendered":"\n<p class=\"wp-block-paragraph\">Bir d\u00f6neme damga vuran <strong>Akasya Dura\u011f\u0131<\/strong> dizisi, y\u0131llar sonra ortaya at\u0131lan iddialarla yeniden g\u00fcndeme geldi. Dizide &#8220;Mert&#8221; karakterini canland\u0131ran oyuncu Balamir Emren&#8217;in, kat\u0131ld\u0131\u011f\u0131 bir programda yapt\u0131\u011f\u0131 a\u00e7\u0131klamalar tart\u0131\u015fma yaratt\u0131.<\/p>\n\n\n\n<p class=\"wp-block-paragraph\">Emren, dizide &#8220;Taksici Melahat&#8221; karakterine hayat veren Melek Baykal hakk\u0131nda dikkat \u00e7eken ifadeler kullan\u0131rken, merhum sanat\u00e7\u0131 Zeki Alasya ile Baykal&#8217;\u0131n dizinin ilk sezonunun ard\u0131ndan konu\u015fmad\u0131\u011f\u0131n\u0131 \u00f6ne s\u00fcrd\u00fc.<\/p>\n\n\n\n<h3 class=\"wp-block-heading\">J\u00fclide Alasya&#8217;dan A\u00e7\u0131klama<\/h3>\n\n\n\n<p class=\"wp-block-paragraph\">\u0130ddialar\u0131n kamuoyunda geni\u015f yank\u0131 uyand\u0131rmas\u0131n\u0131n ard\u0131ndan Zeki Alasya&#8217;n\u0131n e\u015fi J\u00fclide Alasya yaz\u0131l\u0131 bir a\u00e7\u0131klama yapt\u0131. Alasya, ortaya at\u0131lan iddialar\u0131n ger\u00e7e\u011fi yans\u0131tmad\u0131\u011f\u0131n\u0131 belirterek, &#8220;Zeki ile Melek&#8217;in aras\u0131nda hi\u00e7bir zaman husumet olmad\u0131. Aksine Melek, Zeki&#8217;nin y\u0131llara dayanan en k\u0131ymetli dostlar\u0131ndan biriydi.&#8221; ifadelerini kulland\u0131.<\/p>\n\n\n\n<figure class=\"wp-block-image size-full\"><img  title=\"\" loading=\"lazy\" decoding=\"async\" width=\"640\" height=\"960\" src=\"https:\/\/gundem59.com.tr\/wp-content\/uploads\/2026\/07\/aralari-bozuk-muydu-zeki-alasy-20049644-3496_2_m.webp\"  alt=\"aralari-bozuk-muydu-zeki-alasy-20049644-3496_2_m Akasya Dura\u011f\u0131 Polemi\u011fi: Zeki Alasya&#039;n\u0131n E\u015finden \u0130ddialara Yan\u0131t\"  class=\"wp-image-3163\" srcset=\"https:\/\/gundem59.com.tr\/wp-content\/uploads\/2026\/07\/aralari-bozuk-muydu-zeki-alasy-20049644-3496_2_m.webp 640w, https:\/\/gundem59.com.tr\/wp-content\/uploads\/2026\/07\/aralari-bozuk-muydu-zeki-alasy-20049644-3496_2_m-200x300.webp 200w\" sizes=\"auto, (max-width: 640px) 100vw, 640px\" \/><\/figure>\n\n\n\n<h3 class=\"wp-block-heading\">Melek Baykal Sessiz Kalmad\u0131<\/h3>\n\n\n\n<p class=\"wp-block-paragraph\">Tart\u0131\u015fmalar\u0131n ard\u0131ndan Melek Baykal da sosyal medya hesab\u0131ndan a\u00e7\u0131klama yapt\u0131. Baykal, Balamir Emren&#8217;in s\u00f6zlerine tepki g\u00f6stererek, y\u0131llar sonra ortaya at\u0131lan iddialar\u0131n ger\u00e7e\u011fi yans\u0131tmad\u0131\u011f\u0131n\u0131 belirtti.<\/p>\n\n\n\n<p class=\"wp-block-paragraph\">Baykal payla\u015f\u0131m\u0131nda, &#8220;Aradan 15 y\u0131l ge\u00e7tikten sonra ger\u00e7e\u011fi yans\u0131tmayan iddialarda bulunmaya de\u011fer mi? Bundan sonra ad\u0131m\u0131 da meslek hayat\u0131m\u0131 da bir daha a\u011fz\u0131na alma.&#8221; ifadelerine yer verdi.<\/p>\n\n\n\n<p class=\"wp-block-paragraph\">Bir d\u00f6nemin sevilen dizisi Akasya Dura\u011f\u0131&#8217;n\u0131n oyuncular\u0131 aras\u0131nda ya\u015fand\u0131\u011f\u0131 iddia edilen polemik, yap\u0131lan a\u00e7\u0131klamalarla magazin g\u00fcndeminin en \u00e7ok konu\u015fulan konular\u0131 aras\u0131na girdi.<\/p>\n\n\n\n<figure class=\"wp-block-image size-large\"><img  title=\"\" loading=\"lazy\" decoding=\"async\" width=\"507\" height=\"1024\" src=\"https:\/\/gundem59.com.tr\/wp-content\/uploads\/2026\/07\/aralari-bozuk-muydu-zeki-alasy-20049644-3833_1_m-507x1024.webp\"  alt=\"aralari-bozuk-muydu-zeki-alasy-20049644-3833_1_m-507x1024 Akasya Dura\u011f\u0131 Polemi\u011fi: Zeki Alasya&#039;n\u0131n E\u015finden \u0130ddialara Yan\u0131t\"  class=\"wp-image-3164\" srcset=\"https:\/\/gundem59.com.tr\/wp-content\/uploads\/2026\/07\/aralari-bozuk-muydu-zeki-alasy-20049644-3833_1_m-507x1024.webp 507w, https:\/\/gundem59.com.tr\/wp-content\/uploads\/2026\/07\/aralari-bozuk-muydu-zeki-alasy-20049644-3833_1_m-149x300.webp 149w, https:\/\/gundem59.com.tr\/wp-content\/uploads\/2026\/07\/aralari-bozuk-muydu-zeki-alasy-20049644-3833_1_m.webp 640w\" sizes=\"auto, (max-width: 507px) 100vw, 507px\" \/><\/figure>\n\n\n\n<hr class=\"wp-block-separator has-alpha-channel-opacity\"\/>\n\n\n\n<p class=\"wp-block-paragraph\">&#x1f449; T\u00fcrkiye g\u00fcndeminden en g\u00fcncel haberler i\u00e7in;<\/p>\n\n\n\n<p class=\"wp-block-paragraph\">&#x1f310; <a href=\"http:\/\/www.gundem59.com.tr\/\">www.gundem59.com.tr<\/a><\/p>\n\n\n\n<p class=\"wp-block-paragraph\">&#x1f310; <a href=\"http:\/\/www.turkiyemhaber.com\/\">www.turkiyemhaber.com<\/a><\/p>\n\n\n\n<p class=\"wp-block-paragraph\">&#x1f310; <a href=\"http:\/\/www.gundem44.com.tr\/\">www.gundem44.com.tr<\/a><\/p>\n\n\n\n<p class=\"wp-block-paragraph\">&#x1f310; <a href=\"http:\/\/www.gundem34haber.com.tr\/\">www.gundem34haber.com.tr<\/a><\/p>\n\n\n\n<p class=\"wp-block-paragraph\">&#x1f310; <a href=\"http:\/\/www.saray59.com.tr\/\">www.saray59.com.tr<\/a><\/p>\n\n\n\n<p class=\"wp-block-paragraph\">&#x1f4fa; <a href=\"http:\/\/www.turkiyemhabertv.com\/\">www.turkiyemhabertv.com<\/a><\/p>\n\n\n\n<p class=\"wp-block-paragraph\">&#x1f4fb; <a href=\"http:\/\/www.turkiyemradyo.com\/\">www.turkiyemradyo.com<\/a><\/p>\n\n\n\n<p class=\"wp-block-paragraph\">&#x1f4f1; @gundem59__<\/p>\n\n\n\n<p class=\"wp-block-paragraph\">&#x1f4f1; @turkiyemhaber_tr<\/p>\n\n\n\n<p class=\"wp-block-paragraph\">#Magazin #AkasyaDura\u011f\u0131 #MelekBaykal #ZekiAlasya #J\u00fclideAlasya #BalamirEmren #Televizyon #Dizi #\u00dcnl\u00fcler #T\u00fcrkiye #G\u00fcndem #Haber #Gundem59 #TurkiyemHaber #Gundem44 #Gundem34Haber #Saray59 #TurkiyemHaberTV #TurkiyemRadyo<\/p>\n","protected":false},"excerpt":{"rendered":"<p>Bir d\u00f6neme damga vuran Akasya Dura\u011f\u0131 dizisi, y\u0131llar sonra ortaya at\u0131lan iddialarla yeniden g\u00fcndeme geldi&#8230;.<\/p>\n","protected":false},"author":1,"featured_media":3162,"comment_status":"closed","ping_status":"closed","sticky":false,"template":"","format":"standard","meta":{"footnotes":""},"categories":[51],"tags":[],"ppma_author":[57],"class_list":["post-3161","post","type-post","status-publish","format-standard","has-post-thumbnail","hentry","category-magazin"],"authors":[{"term_id":57,"user_id":1,"is_guest":0,"slug":"admin","display_name":"Alp Aslan","avatar_url":"https:\/\/secure.gravatar.com\/avatar\/07c18c5ad3350b025db8f3328450e071acb435c703e565899c880c63362f137a?s=96&d=mm&r=g","author_category":"1","first_name":"Alp Aslan","last_name":"ER\u0130N","user_url":"http:\/\/www.gundem59.com.tr","job_title":"","description":""}],"_links":{"self":[{"href":"https:\/\/gundem59.com.tr\/index.php?rest_route=\/wp\/v2\/posts\/3161","targetHints":{"allow":["GET"]}}],"collection":[{"href":"https:\/\/gundem59.com.tr\/index.php?rest_route=\/wp\/v2\/posts"}],"about":[{"href":"https:\/\/gundem59.com.tr\/index.php?rest_route=\/wp\/v2\/types\/post"}],"author":[{"embeddable":true,"href":"https:\/\/gundem59.com.tr\/index.php?rest_route=\/wp\/v2\/users\/1"}],"replies":[{"embeddable":true,"href":"https:\/\/gundem59.com.tr\/index.php?rest_route=%2Fwp%2Fv2%2Fcomments&post=3161"}],"version-history":[{"count":1,"href":"https:\/\/gundem59.com.tr\/index.php?rest_route=\/wp\/v2\/posts\/3161\/revisions"}],"predecessor-version":[{"id":3165,"href":"https:\/\/gundem59.com.tr\/index.php?rest_route=\/wp\/v2\/posts\/3161\/revisions\/3165"}],"wp:featuredmedia":[{"embeddable":true,"href":"https:\/\/gundem59.com.tr\/index.php?rest_route=\/wp\/v2\/media\/3162"}],"wp:attachment":[{"href":"https:\/\/gundem59.com.tr\/index.php?rest_route=%2Fwp%2Fv2%2Fmedia&parent=3161"}],"wp:term":[{"taxonomy":"category","embeddable":true,"href":"https:\/\/gundem59.com.tr\/index.php?rest_route=%2Fwp%2Fv2%2Fcategories&post=3161"},{"taxonomy":"post_tag","embeddable":true,"href":"https:\/\/gundem59.com.tr\/index.php?rest_route=%2Fwp%2Fv2%2Ftags&post=3161"},{"taxonomy":"author","embeddable":true,"href":"https:\/\/gundem59.com.tr\/index.php?rest_route=%2Fwp%2Fv2%2Fppma_author&post=3161"}],"curies":[{"name":"wp","href":"https:\/\/api.w.org\/{rel}","templated":true}]}}