{"id":3158,"date":"2026-07-14T11:00:04","date_gmt":"2026-07-14T11:00:04","guid":{"rendered":"https:\/\/gundem59.com.tr\/?p=3158"},"modified":"2026-07-14T11:00:05","modified_gmt":"2026-07-14T11:00:05","slug":"bursada-komsu-dehseti-esime-goz-kirpti-iddiasiyla-oldurdu","status":"publish","type":"post","link":"https:\/\/gundem59.com.tr\/?p=3158","title":{"rendered":"Bursa&#8217;da Kom\u015fu Deh\u015feti: &#8220;E\u015fime G\u00f6z K\u0131rpt\u0131&#8221; \u0130ddias\u0131yla \u00d6ld\u00fcrd\u00fc"},"content":{"rendered":"\n<p class=\"wp-block-paragraph\">Bursa&#8217;n\u0131n Mustafakemalpa\u015fa il\u00e7esinde ya\u015fanan olayda, kom\u015fular aras\u0131nda \u00e7\u0131kan tart\u0131\u015fma cinayetle sonu\u00e7land\u0131. \u0130ddiaya g\u00f6re e\u015fine g\u00f6z k\u0131rp\u0131p s\u00f6zl\u00fc tacizde bulundu\u011funu \u00f6ne s\u00fcrd\u00fc\u011f\u00fc kom\u015fusunu silahla vuran \u015f\u00fcpheli tutukland\u0131.<\/p>\n\n\n\n<p class=\"wp-block-paragraph\">Olay, 12 Temmuz sabah\u0131 saat 05.00 s\u0131ralar\u0131nda Yenidere Mahallesi Burmal\u0131 Sokak&#8217;ta meydana geldi. Edinilen bilgilere g\u00f6re Yeti\u015f G\u00f6n\u00fclta\u015f (41), kom\u015fusu Y.D.&#8217;nin evine gitti. Bir s\u00fcre sonra ayn\u0131 adrese gelen S\u00fcleyman K\u00f6ro\u011flu (32), daha \u00f6nce e\u015fine s\u00f6zl\u00fc tacizde bulundu\u011funu ve g\u00f6z k\u0131rpt\u0131\u011f\u0131n\u0131 iddia etti\u011fi G\u00f6n\u00fclta\u015f ile tart\u0131\u015fmaya ba\u015flad\u0131.<\/p>\n\n\n\n<h3 class=\"wp-block-heading\">3 Kur\u015funla Hayat\u0131n\u0131 Kaybetti<\/h3>\n\n\n\n<p class=\"wp-block-paragraph\">Tart\u0131\u015fman\u0131n b\u00fcy\u00fcmesi \u00fczerine K\u00f6ro\u011flu, yan\u0131nda bulunan tabancayla Yeti\u015f G\u00f6n\u00fclta\u015f&#8217;a 3 el ate\u015f etti. A\u011f\u0131r yaralanan G\u00f6n\u00fclta\u015f, olay yerinde ya\u015fam\u0131n\u0131 yitirdi.<\/p>\n\n\n\n<p class=\"wp-block-paragraph\">\u0130hbar \u00fczerine b\u00f6lgeye sa\u011fl\u0131k ve polis ekipleri sevk edildi. Sa\u011fl\u0131k ekiplerinin yapt\u0131\u011f\u0131 kontrolde G\u00f6n\u00fclta\u015f&#8217;\u0131n hayat\u0131n\u0131 kaybetti\u011fi belirlendi. Cenaze, savc\u0131l\u0131k incelemesinin ard\u0131ndan otopsi i\u00e7in Bursa Adli T\u0131p Kurumu Morgu&#8217;na kald\u0131r\u0131ld\u0131.<\/p>\n\n\n\n<h3 class=\"wp-block-heading\">Silahla Birlikte Yakaland\u0131<\/h3>\n\n\n\n<p class=\"wp-block-paragraph\">Olay\u0131n ard\u0131ndan ka\u00e7an S\u00fcleyman K\u00f6ro\u011flu, polis ekiplerinin \u00e7al\u0131\u015fmas\u0131 sonucu su\u00e7 aleti tabancayla birlikte yakalanarak g\u00f6zalt\u0131na al\u0131nd\u0131.<\/p>\n\n\n\n<p class=\"wp-block-paragraph\">Emniyetteki i\u015flemlerinin ard\u0131ndan adliyeye sevk edilen \u015f\u00fcpheli, \u00e7\u0131kar\u0131ld\u0131\u011f\u0131 mahkemece tutuklanarak cezaevine g\u00f6nderildi.<\/p>\n\n\n\n<p class=\"wp-block-paragraph\">Polis kaynaklar\u0131ndan edinilen bilgiye g\u00f6re K\u00f6ro\u011flu&#8217;nun daha \u00f6nce uyu\u015fturucu madde kullan\u0131m\u0131 nedeniyle su\u00e7 kayd\u0131n\u0131n bulundu\u011fu \u00f6\u011frenildi.<\/p>\n\n\n\n<p class=\"wp-block-paragraph\">Soru\u015fturma s\u00fcr\u00fcyor.<\/p>\n\n\n\n<hr class=\"wp-block-separator has-alpha-channel-opacity\"\/>\n\n\n\n<p class=\"wp-block-paragraph\">&#x1f449; T\u00fcrkiye g\u00fcndeminden en g\u00fcncel haberler i\u00e7in;<\/p>\n\n\n\n<p class=\"wp-block-paragraph\">&#x1f310; <a href=\"http:\/\/www.gundem59.com.tr\/\">www.gundem59.com.tr<\/a><\/p>\n\n\n\n<p class=\"wp-block-paragraph\">&#x1f310; <a href=\"http:\/\/www.turkiyemhaber.com\/\">www.turkiyemhaber.com<\/a><\/p>\n\n\n\n<p class=\"wp-block-paragraph\">&#x1f310; <a href=\"http:\/\/www.gundem44.com.tr\/\">www.gundem44.com.tr<\/a><\/p>\n\n\n\n<p class=\"wp-block-paragraph\">&#x1f310; <a href=\"http:\/\/www.gundem34haber.com.tr\/\">www.gundem34haber.com.tr<\/a><\/p>\n\n\n\n<p class=\"wp-block-paragraph\">&#x1f310; <a href=\"http:\/\/www.saray59.com.tr\/\">www.saray59.com.tr<\/a><\/p>\n\n\n\n<p class=\"wp-block-paragraph\">&#x1f4fa; <a href=\"http:\/\/www.turkiyemhabertv.com\/\">www.turkiyemhabertv.com<\/a><\/p>\n\n\n\n<p class=\"wp-block-paragraph\">&#x1f4fb; <a href=\"http:\/\/www.turkiyemradyo.com\/\">www.turkiyemradyo.com<\/a><\/p>\n\n\n\n<p class=\"wp-block-paragraph\">&#x1f4f1; @gundem59__<\/p>\n\n\n\n<p class=\"wp-block-paragraph\">&#x1f4f1; @turkiyemhaber_tr<\/p>\n\n\n\n<p class=\"wp-block-paragraph\">#SonDakika #Bursa #Mustafakemalpa\u015fa #Cinayet #Asayi\u015f #G\u00fcvenlik #Polis #Adliye #T\u00fcrkiye #G\u00fcndem #Haber #Gundem59 #TurkiyemHaber #Gundem44 #Gundem34Haber #Saray59 #TurkiyemHaberTV #TurkiyemRadyo<\/p>\n","protected":false},"excerpt":{"rendered":"<p>Bursa&#8217;n\u0131n Mustafakemalpa\u015fa il\u00e7esinde ya\u015fanan olayda, kom\u015fular aras\u0131nda \u00e7\u0131kan tart\u0131\u015fma cinayetle sonu\u00e7land\u0131. \u0130ddiaya g\u00f6re e\u015fine g\u00f6z&#8230;<\/p>\n","protected":false},"author":1,"featured_media":3159,"comment_status":"closed","ping_status":"closed","sticky":false,"template":"","format":"standard","meta":{"footnotes":""},"categories":[30],"tags":[],"ppma_author":[57],"class_list":["post-3158","post","type-post","status-publish","format-standard","has-post-thumbnail","hentry","category-ulusal-gundem"],"authors":[{"term_id":57,"user_id":1,"is_guest":0,"slug":"admin","display_name":"Alp Aslan","avatar_url":"https:\/\/secure.gravatar.com\/avatar\/07c18c5ad3350b025db8f3328450e071acb435c703e565899c880c63362f137a?s=96&d=mm&r=g","author_category":"1","first_name":"Alp Aslan","last_name":"ER\u0130N","user_url":"http:\/\/www.gundem59.com.tr","job_title":"","description":""}],"_links":{"self":[{"href":"https:\/\/gundem59.com.tr\/index.php?rest_route=\/wp\/v2\/posts\/3158","targetHints":{"allow":["GET"]}}],"collection":[{"href":"https:\/\/gundem59.com.tr\/index.php?rest_route=\/wp\/v2\/posts"}],"about":[{"href":"https:\/\/gundem59.com.tr\/index.php?rest_route=\/wp\/v2\/types\/post"}],"author":[{"embeddable":true,"href":"https:\/\/gundem59.com.tr\/index.php?rest_route=\/wp\/v2\/users\/1"}],"replies":[{"embeddable":true,"href":"https:\/\/gundem59.com.tr\/index.php?rest_route=%2Fwp%2Fv2%2Fcomments&post=3158"}],"version-history":[{"count":1,"href":"https:\/\/gundem59.com.tr\/index.php?rest_route=\/wp\/v2\/posts\/3158\/revisions"}],"predecessor-version":[{"id":3160,"href":"https:\/\/gundem59.com.tr\/index.php?rest_route=\/wp\/v2\/posts\/3158\/revisions\/3160"}],"wp:featuredmedia":[{"embeddable":true,"href":"https:\/\/gundem59.com.tr\/index.php?rest_route=\/wp\/v2\/media\/3159"}],"wp:attachment":[{"href":"https:\/\/gundem59.com.tr\/index.php?rest_route=%2Fwp%2Fv2%2Fmedia&parent=3158"}],"wp:term":[{"taxonomy":"category","embeddable":true,"href":"https:\/\/gundem59.com.tr\/index.php?rest_route=%2Fwp%2Fv2%2Fcategories&post=3158"},{"taxonomy":"post_tag","embeddable":true,"href":"https:\/\/gundem59.com.tr\/index.php?rest_route=%2Fwp%2Fv2%2Ftags&post=3158"},{"taxonomy":"author","embeddable":true,"href":"https:\/\/gundem59.com.tr\/index.php?rest_route=%2Fwp%2Fv2%2Fppma_author&post=3158"}],"curies":[{"name":"wp","href":"https:\/\/api.w.org\/{rel}","templated":true}]}}