{"id":3155,"date":"2026-07-14T10:54:28","date_gmt":"2026-07-14T10:54:28","guid":{"rendered":"https:\/\/gundem59.com.tr\/?p=3155"},"modified":"2026-07-14T10:54:28","modified_gmt":"2026-07-14T10:54:28","slug":"12-yil-onceki-faili-mechul-cinayet-dna-deliliyle-aydinlatildi","status":"publish","type":"post","link":"https:\/\/gundem59.com.tr\/?p=3155","title":{"rendered":"12 Y\u0131l \u00d6nceki Faili Me\u00e7hul Cinayet DNA Deliliyle Ayd\u0131nlat\u0131ld\u0131"},"content":{"rendered":"\n<p class=\"wp-block-paragraph\">\u0130stanbul&#8217;un Bayrampa\u015fa il\u00e7esinde 2014 y\u0131l\u0131nda b\u0131\u00e7aklanarak \u00f6ld\u00fcr\u00fclen 55 ya\u015f\u0131ndaki G\u00fcltekin Y\u0131ld\u0131r\u0131m&#8217;\u0131n faili me\u00e7hul kalan cinayeti, geli\u015fen kriminal inceleme teknikleri sayesinde 12 y\u0131l sonra \u00e7\u00f6z\u00fcld\u00fc.<\/p>\n\n\n\n<p class=\"wp-block-paragraph\">\u0130stanbul Emniyet M\u00fcd\u00fcrl\u00fc\u011f\u00fc Asayi\u015f \u015eube M\u00fcd\u00fcrl\u00fc\u011f\u00fc ekipleri, faili me\u00e7hul cinayet dosyalar\u0131na y\u00f6nelik y\u00fcr\u00fctt\u00fc\u011f\u00fc \u00e7al\u0131\u015fmalar kapsam\u0131nda 24 Haziran 2014 tarihinde i\u015flenen cinayet dosyas\u0131n\u0131 yeniden incelemeye ald\u0131.<\/p>\n\n\n\n<h3 class=\"wp-block-heading\">DNA \u0130ncelemesi Sonucu \u015e\u00fcpheli Belirlendi<\/h3>\n\n\n\n<p class=\"wp-block-paragraph\">Soru\u015fturma kapsam\u0131nda olay yerinden elde edilen biyolojik deliller, g\u00fcncel kriminal analiz y\u00f6ntemleri kullan\u0131larak yeniden de\u011ferlendirildi. Yap\u0131lan DNA kar\u015f\u0131la\u015ft\u0131rmalar\u0131nda elde edilen \u00f6rneklerin M.\u00d6. (58) isimli \u015f\u00fcpheliyle e\u015fle\u015fti\u011fi tespit edildi.<\/p>\n\n\n\n<p class=\"wp-block-paragraph\">Polis ekipleri ayr\u0131ca \u015f\u00fcphelinin cinayetin i\u015flendi\u011fi tarihte olay b\u00f6lgesinde bulundu\u011funu da belirledi.<\/p>\n\n\n\n<h3 class=\"wp-block-heading\">Dat\u00e7a&#8217;da Yakaland\u0131<\/h3>\n\n\n\n<p class=\"wp-block-paragraph\">Elde edilen deliller do\u011frultusunda operasyon ba\u015flatan ekipler, \u015f\u00fcpheli M.\u00d6.&#8217;y\u00fc Mu\u011fla&#8217;n\u0131n Dat\u00e7a il\u00e7esinde k\u0131rsal bir b\u00f6lgede d\u00fczenlenen operasyonla g\u00f6zalt\u0131na ald\u0131.<\/p>\n\n\n\n<p class=\"wp-block-paragraph\">\u015e\u00fcphelinin emniyetteki i\u015flemlerinin s\u00fcrd\u00fc\u011f\u00fc \u00f6\u011frenildi.<\/p>\n\n\n\n<p class=\"wp-block-paragraph\">Yetkililer, teknolojinin geli\u015fmesiyle birlikte y\u0131llard\u0131r \u00e7\u00f6z\u00fclemeyen faili me\u00e7hul dosyalar\u0131n yeniden incelendi\u011fini ve \u00f6nemli sonu\u00e7lar elde edildi\u011fini belirtti.<\/p>\n\n\n\n<p class=\"wp-block-paragraph\"><\/p>\n\n\n\n<hr class=\"wp-block-separator has-alpha-channel-opacity\"\/>\n\n\n\n<p class=\"wp-block-paragraph\">&#x1f449; T\u00fcrkiye g\u00fcndeminden en g\u00fcncel haberler i\u00e7in;<\/p>\n\n\n\n<p class=\"wp-block-paragraph\">&#x1f310; <a href=\"http:\/\/www.gundem59.com.tr\/\">www.gundem59.com.tr<\/a><\/p>\n\n\n\n<p class=\"wp-block-paragraph\">&#x1f310; <a href=\"http:\/\/www.turkiyemhaber.com\/\">www.turkiyemhaber.com<\/a><\/p>\n\n\n\n<p class=\"wp-block-paragraph\">&#x1f310; <a href=\"http:\/\/www.gundem44.com.tr\/\">www.gundem44.com.tr<\/a><\/p>\n\n\n\n<p class=\"wp-block-paragraph\">&#x1f310; <a href=\"http:\/\/www.gundem34haber.com.tr\/\">www.gundem34haber.com.tr<\/a><\/p>\n\n\n\n<p class=\"wp-block-paragraph\">&#x1f310; <a href=\"http:\/\/www.saray59.com.tr\/\">www.saray59.com.tr<\/a><\/p>\n\n\n\n<p class=\"wp-block-paragraph\">&#x1f4fa; <a href=\"http:\/\/www.turkiyemhabertv.com\/\">www.turkiyemhabertv.com<\/a><\/p>\n\n\n\n<p class=\"wp-block-paragraph\">&#x1f4fb; <a href=\"http:\/\/www.turkiyemradyo.com\/\">www.turkiyemradyo.com<\/a><\/p>\n\n\n\n<p class=\"wp-block-paragraph\">&#x1f4f1; @gundem59__<\/p>\n\n\n\n<p class=\"wp-block-paragraph\">&#x1f4f1; @turkiyemhaber_tr<\/p>\n\n\n\n<p class=\"wp-block-paragraph\">#SonDakika #\u0130stanbul #Bayrampa\u015fa #Cinayet #FailiMe\u00e7hul #DNA #Asayi\u015f #Dat\u00e7a #Mu\u011fla #Polis #G\u00fcvenlik #T\u00fcrkiye #G\u00fcndem #Haber #Gundem59 #TurkiyemHaber #Gundem44 #Gundem34Haber #Saray59 #TurkiyemHaberTV #TurkiyemRadyo<\/p>\n","protected":false},"excerpt":{"rendered":"<p>\u0130stanbul&#8217;un Bayrampa\u015fa il\u00e7esinde 2014 y\u0131l\u0131nda b\u0131\u00e7aklanarak \u00f6ld\u00fcr\u00fclen 55 ya\u015f\u0131ndaki G\u00fcltekin Y\u0131ld\u0131r\u0131m&#8217;\u0131n faili me\u00e7hul kalan cinayeti,&#8230;<\/p>\n","protected":false},"author":1,"featured_media":3156,"comment_status":"closed","ping_status":"closed","sticky":false,"template":"","format":"standard","meta":{"footnotes":""},"categories":[30],"tags":[],"ppma_author":[57],"class_list":["post-3155","post","type-post","status-publish","format-standard","has-post-thumbnail","hentry","category-ulusal-gundem"],"authors":[{"term_id":57,"user_id":1,"is_guest":0,"slug":"admin","display_name":"Alp Aslan","avatar_url":"https:\/\/secure.gravatar.com\/avatar\/07c18c5ad3350b025db8f3328450e071acb435c703e565899c880c63362f137a?s=96&d=mm&r=g","author_category":"1","first_name":"Alp Aslan","last_name":"ER\u0130N","user_url":"http:\/\/www.gundem59.com.tr","job_title":"","description":""}],"_links":{"self":[{"href":"https:\/\/gundem59.com.tr\/index.php?rest_route=\/wp\/v2\/posts\/3155","targetHints":{"allow":["GET"]}}],"collection":[{"href":"https:\/\/gundem59.com.tr\/index.php?rest_route=\/wp\/v2\/posts"}],"about":[{"href":"https:\/\/gundem59.com.tr\/index.php?rest_route=\/wp\/v2\/types\/post"}],"author":[{"embeddable":true,"href":"https:\/\/gundem59.com.tr\/index.php?rest_route=\/wp\/v2\/users\/1"}],"replies":[{"embeddable":true,"href":"https:\/\/gundem59.com.tr\/index.php?rest_route=%2Fwp%2Fv2%2Fcomments&post=3155"}],"version-history":[{"count":1,"href":"https:\/\/gundem59.com.tr\/index.php?rest_route=\/wp\/v2\/posts\/3155\/revisions"}],"predecessor-version":[{"id":3157,"href":"https:\/\/gundem59.com.tr\/index.php?rest_route=\/wp\/v2\/posts\/3155\/revisions\/3157"}],"wp:featuredmedia":[{"embeddable":true,"href":"https:\/\/gundem59.com.tr\/index.php?rest_route=\/wp\/v2\/media\/3156"}],"wp:attachment":[{"href":"https:\/\/gundem59.com.tr\/index.php?rest_route=%2Fwp%2Fv2%2Fmedia&parent=3155"}],"wp:term":[{"taxonomy":"category","embeddable":true,"href":"https:\/\/gundem59.com.tr\/index.php?rest_route=%2Fwp%2Fv2%2Fcategories&post=3155"},{"taxonomy":"post_tag","embeddable":true,"href":"https:\/\/gundem59.com.tr\/index.php?rest_route=%2Fwp%2Fv2%2Ftags&post=3155"},{"taxonomy":"author","embeddable":true,"href":"https:\/\/gundem59.com.tr\/index.php?rest_route=%2Fwp%2Fv2%2Fppma_author&post=3155"}],"curies":[{"name":"wp","href":"https:\/\/api.w.org\/{rel}","templated":true}]}}