{"id":3152,"date":"2026-07-14T10:51:53","date_gmt":"2026-07-14T10:51:53","guid":{"rendered":"https:\/\/gundem59.com.tr\/?p=3152"},"modified":"2026-07-14T10:51:53","modified_gmt":"2026-07-14T10:51:53","slug":"suca-suruklenen-cocuklar-duzenlemesi-15-18-yas-arasina-muebbet-hapis-yolu-aciliyor","status":"publish","type":"post","link":"https:\/\/gundem59.com.tr\/?p=3152","title":{"rendered":"Su\u00e7a S\u00fcr\u00fcklenen \u00c7ocuklar D\u00fczenlemesi: 15-18 Ya\u015f Aras\u0131na M\u00fcebbet Hapis Yolu A\u00e7\u0131l\u0131yor"},"content":{"rendered":"\n<p class=\"wp-block-paragraph\">AK Parti Grup Ba\u015fkanvekili Leyla \u015eahin Usta, su\u00e7a s\u00fcr\u00fcklenen \u00e7ocuklara y\u00f6nelik haz\u0131rlanan yeni yasal d\u00fczenlemenin detaylar\u0131n\u0131 a\u00e7\u0131klad\u0131. T\u00fcrkiye B\u00fcy\u00fck Millet Meclisi&#8217;ne sunulan teklif kapsam\u0131nda, a\u011f\u0131r su\u00e7lara kar\u0131\u015fan \u00e7ocuklara y\u00f6nelik cezalarda \u00f6nemli de\u011fi\u015fiklikler \u00f6ng\u00f6r\u00fcl\u00fcyor.<\/p>\n\n\n\n<p class=\"wp-block-paragraph\">Yeni d\u00fczenlemeyle birlikte \u00f6zellikle kasten \u00f6ld\u00fcrme ve neticesi sebebiyle a\u011f\u0131rla\u015ft\u0131r\u0131lm\u0131\u015f yaralama gibi a\u011f\u0131r su\u00e7larda, 15-18 ya\u015f aral\u0131\u011f\u0131ndaki \u00e7ocuklar i\u00e7in uygulanan ceza indirimlerinin s\u0131n\u0131rland\u0131r\u0131lmas\u0131 hedefleniyor. Belirli \u015fartlar\u0131n olu\u015fmas\u0131 halinde hakimlerin ceza indirimi uygulamamas\u0131n\u0131n \u00f6n\u00fc a\u00e7\u0131l\u0131rken, bu ya\u015f grubundaki \u00e7ocuklar\u0131n m\u00fcebbet veya a\u011f\u0131rla\u015ft\u0131r\u0131lm\u0131\u015f m\u00fcebbet hapis cezas\u0131 alabilmesine imkan tan\u0131nacak.<\/p>\n\n\n\n<h3 class=\"wp-block-heading\">Cezalar\u0131n Alt ve \u00dcst S\u0131n\u0131r\u0131 Art\u0131yor<\/h3>\n\n\n\n<p class=\"wp-block-paragraph\">Teklif kapsam\u0131nda T\u00fcrk Ceza Kanunu&#8217;nun 31. maddesinde de\u011fi\u015fiklik yap\u0131lacak. Buna g\u00f6re, \u00e7ocuklara verilen hapis cezalar\u0131n\u0131n alt ve \u00fcst s\u0131n\u0131rlar\u0131 y\u00fckseltilecek. Su\u00e7un i\u015fleni\u015f \u015fekli, failin kast\u0131, amac\u0131 ve sab\u0131ka durumu gibi unsurlar de\u011ferlendirilerek a\u011f\u0131r su\u00e7larda daha sert yapt\u0131r\u0131mlar uygulanabilecek.<\/p>\n\n\n\n<h3 class=\"wp-block-heading\">Tekerr\u00fcr Ya\u015f\u0131 15&#8217;e D\u00fc\u015f\u00fcr\u00fcl\u00fcyor<\/h3>\n\n\n\n<p class=\"wp-block-paragraph\">D\u00fczenleme ile birlikte tekerr\u00fcr h\u00fck\u00fcmlerinin uygulanma ya\u015f\u0131 da 18&#8217;den 15&#8217;e indirilecek. B\u00f6ylece su\u00e7 \u00f6rg\u00fctlerinin \u00e7ocuklar\u0131 kullanmas\u0131n\u0131n \u00f6n\u00fcne ge\u00e7ilmesi ve cayd\u0131r\u0131c\u0131l\u0131\u011f\u0131n art\u0131r\u0131lmas\u0131 ama\u00e7lan\u0131yor.<\/p>\n\n\n\n<h3 class=\"wp-block-heading\">Ebeveynlere Verilen Cezalar da Artacak<\/h3>\n\n\n\n<p class=\"wp-block-paragraph\">Teklifte ailelerin \u00e7ocuk \u00fczerindeki sorumlulu\u011funu g\u00fc\u00e7lendirmeye y\u00f6nelik h\u00fck\u00fcmler de yer al\u0131yor. Aile hukukundan kaynaklanan y\u00fck\u00fcml\u00fcl\u00fcklerin ihlali nedeniyle \u00e7ocu\u011fun a\u011f\u0131r su\u00e7 i\u015flemesi halinde ebeveynlere verilecek cezalar\u0131n art\u0131r\u0131lmas\u0131 \u00f6ng\u00f6r\u00fcl\u00fcyor.<\/p>\n\n\n\n<h3 class=\"wp-block-heading\">\u00c7ocuk E\u011fitim Evleri Sistemi De\u011fi\u015fiyor<\/h3>\n\n\n\n<p class=\"wp-block-paragraph\">Yeni d\u00fczenlemeyle \u00e7ocuk h\u00fck\u00fcml\u00fclerin cezalar\u0131na do\u011frudan \u00e7ocuk e\u011fitim evlerinde ba\u015flamalar\u0131 uygulamas\u0131na son verilmesi planlan\u0131yor. Buna g\u00f6re h\u00fck\u00fcml\u00fcler \u00f6nce kapal\u0131 \u00e7ocuk ceza infaz kurumlar\u0131nda kalacak, iyi halli olduklar\u0131n\u0131n tespit edilmesi halinde e\u011fitim evlerine ge\u00e7ebilecek.<\/p>\n\n\n\n<p class=\"wp-block-paragraph\">D\u00fczenlemenin \u00f6n\u00fcm\u00fczdeki g\u00fcnlerde TBMM komisyonlar\u0131nda g\u00f6r\u00fc\u015f\u00fclerek yasala\u015fma s\u00fcrecine girmesi bekleniyor.<\/p>\n\n\n\n<hr class=\"wp-block-separator has-alpha-channel-opacity\"\/>\n\n\n\n<p class=\"wp-block-paragraph\">&#x1f449; T\u00fcrkiye g\u00fcndeminden en g\u00fcncel haberler i\u00e7in;<\/p>\n\n\n\n<p class=\"wp-block-paragraph\">&#x1f310; <a href=\"http:\/\/www.gundem59.com.tr\/\">www.gundem59.com.tr<\/a><\/p>\n\n\n\n<p class=\"wp-block-paragraph\">&#x1f310; <a href=\"http:\/\/www.turkiyemhaber.com\/\">www.turkiyemhaber.com<\/a><\/p>\n\n\n\n<p class=\"wp-block-paragraph\">&#x1f310; <a href=\"http:\/\/www.gundem44.com.tr\/\">www.gundem44.com.tr<\/a><\/p>\n\n\n\n<p class=\"wp-block-paragraph\">&#x1f310; <a href=\"http:\/\/www.gundem34haber.com.tr\/\">www.gundem34haber.com.tr<\/a><\/p>\n\n\n\n<p class=\"wp-block-paragraph\">&#x1f310; <a href=\"http:\/\/www.saray59.com.tr\/\">www.saray59.com.tr<\/a><\/p>\n\n\n\n<p class=\"wp-block-paragraph\">&#x1f4fa; <a href=\"http:\/\/www.turkiyemhabertv.com\/\">www.turkiyemhabertv.com<\/a><\/p>\n\n\n\n<p class=\"wp-block-paragraph\">&#x1f4fb; <a href=\"http:\/\/www.turkiyemradyo.com\/\">www.turkiyemradyo.com<\/a><\/p>\n\n\n\n<p class=\"wp-block-paragraph\">&#x1f4f1; @gundem59__<\/p>\n\n\n\n<p class=\"wp-block-paragraph\">&#x1f4f1; @turkiyemhaber_tr<\/p>\n\n\n\n<p class=\"wp-block-paragraph\">#SonDakika #T\u00fcrkiye #G\u00fcndem #AKParti #Leyla\u015eahinUsta #TBMM #Adalet #\u00c7ocuk #Hukuk #TCK #G\u00fcncel #Haber #Gundem59 #TurkiyemHaber #Gundem44 #Gundem34Haber #Saray59 #TurkiyemHaberTV #TurkiyemRadyo<\/p>\n","protected":false},"excerpt":{"rendered":"<p>AK Parti Grup Ba\u015fkanvekili Leyla \u015eahin Usta, su\u00e7a s\u00fcr\u00fcklenen \u00e7ocuklara y\u00f6nelik haz\u0131rlanan yeni yasal d\u00fczenlemenin&#8230;<\/p>\n","protected":false},"author":1,"featured_media":3153,"comment_status":"closed","ping_status":"closed","sticky":false,"template":"","format":"standard","meta":{"footnotes":""},"categories":[30],"tags":[],"ppma_author":[57],"class_list":["post-3152","post","type-post","status-publish","format-standard","has-post-thumbnail","hentry","category-ulusal-gundem"],"authors":[{"term_id":57,"user_id":1,"is_guest":0,"slug":"admin","display_name":"Alp Aslan","avatar_url":"https:\/\/secure.gravatar.com\/avatar\/07c18c5ad3350b025db8f3328450e071acb435c703e565899c880c63362f137a?s=96&d=mm&r=g","author_category":"1","first_name":"Alp Aslan","last_name":"ER\u0130N","user_url":"http:\/\/www.gundem59.com.tr","job_title":"","description":""}],"_links":{"self":[{"href":"https:\/\/gundem59.com.tr\/index.php?rest_route=\/wp\/v2\/posts\/3152","targetHints":{"allow":["GET"]}}],"collection":[{"href":"https:\/\/gundem59.com.tr\/index.php?rest_route=\/wp\/v2\/posts"}],"about":[{"href":"https:\/\/gundem59.com.tr\/index.php?rest_route=\/wp\/v2\/types\/post"}],"author":[{"embeddable":true,"href":"https:\/\/gundem59.com.tr\/index.php?rest_route=\/wp\/v2\/users\/1"}],"replies":[{"embeddable":true,"href":"https:\/\/gundem59.com.tr\/index.php?rest_route=%2Fwp%2Fv2%2Fcomments&post=3152"}],"version-history":[{"count":1,"href":"https:\/\/gundem59.com.tr\/index.php?rest_route=\/wp\/v2\/posts\/3152\/revisions"}],"predecessor-version":[{"id":3154,"href":"https:\/\/gundem59.com.tr\/index.php?rest_route=\/wp\/v2\/posts\/3152\/revisions\/3154"}],"wp:featuredmedia":[{"embeddable":true,"href":"https:\/\/gundem59.com.tr\/index.php?rest_route=\/wp\/v2\/media\/3153"}],"wp:attachment":[{"href":"https:\/\/gundem59.com.tr\/index.php?rest_route=%2Fwp%2Fv2%2Fmedia&parent=3152"}],"wp:term":[{"taxonomy":"category","embeddable":true,"href":"https:\/\/gundem59.com.tr\/index.php?rest_route=%2Fwp%2Fv2%2Fcategories&post=3152"},{"taxonomy":"post_tag","embeddable":true,"href":"https:\/\/gundem59.com.tr\/index.php?rest_route=%2Fwp%2Fv2%2Ftags&post=3152"},{"taxonomy":"author","embeddable":true,"href":"https:\/\/gundem59.com.tr\/index.php?rest_route=%2Fwp%2Fv2%2Fppma_author&post=3152"}],"curies":[{"name":"wp","href":"https:\/\/api.w.org\/{rel}","templated":true}]}}