{"id":3146,"date":"2026-07-13T22:33:05","date_gmt":"2026-07-13T22:33:05","guid":{"rendered":"https:\/\/gundem59.com.tr\/?p=3146"},"modified":"2026-07-13T22:33:05","modified_gmt":"2026-07-13T22:33:05","slug":"portekizli-modelden-hasan-vatan-hakkinda-dikkat-ceken-iddialar","status":"publish","type":"post","link":"https:\/\/gundem59.com.tr\/?p=3146","title":{"rendered":"Portekizli Modelden Hasan Vatan Hakk\u0131nda Dikkat \u00c7eken \u0130ddialar"},"content":{"rendered":"\n<p class=\"wp-block-paragraph\"><strong>Yasakl\u0131 madde soru\u015fturmas\u0131 kapsam\u0131nda tutuklu bulunan Portekizli model Tessy Ramos Correia&#8217;n\u0131n ifadesinde, i\u015f insan\u0131 Hasan Vatan hakk\u0131nda \u00e7e\u015fitli iddialarda bulundu\u011fu \u00f6ne s\u00fcr\u00fcld\u00fc. \u0130ddialar kamuoyunda geni\u015f yank\u0131 uyand\u0131r\u0131rken, konuyla ilgili herhangi bir yarg\u0131 karar\u0131n\u0131n bulunmad\u0131\u011f\u0131 belirtildi.<\/strong><\/p>\n\n\n\n<p class=\"wp-block-paragraph\">Y\u00fcr\u00fct\u00fclen soru\u015fturma kapsam\u0131nda tutuklu bulunan Portekizli model Tessy Ramos Correia&#8217;n\u0131n savc\u0131l\u0131k ifadesinde, Vatan Bilgisayar&#8217;\u0131n kurucular\u0131ndan Hasan Vatan hakk\u0131nda dikkat \u00e7eken a\u00e7\u0131klamalarda bulundu\u011fu iddia edildi.<\/p>\n\n\n\n<p class=\"wp-block-paragraph\">\u0130fade tutanaklar\u0131na yans\u0131d\u0131\u011f\u0131 \u00f6ne s\u00fcr\u00fclen beyanlarda Correia, Hasan Vatan&#8217;\u0131n 60. ya\u015f g\u00fcn\u00fc i\u00e7in teknede \u00f6zel bir kutlama organize etti\u011fini, yurt d\u0131\u015f\u0131ndan \u00e7ok say\u0131da kad\u0131n\u0131n bu etkinli\u011fe davet edildi\u011fini ve organizasyona ili\u015fkin baz\u0131 g\u00f6r\u00fcnt\u00fclerin kendisine izletildi\u011fini ileri s\u00fcrd\u00fc.<\/p>\n\n\n\n<figure class=\"wp-block-image size-full\"><img  title=\"\" loading=\"lazy\" decoding=\"async\" width=\"735\" height=\"490\" src=\"https:\/\/gundem59.com.tr\/wp-content\/uploads\/2026\/07\/portekizli-model-imamoglu-ile-birlikte-3-kisinin-daha-ismini-vermis_20039966_27-1.jpg\"  alt=\"portekizli-model-imamoglu-ile-birlikte-3-kisinin-daha-ismini-vermis_20039966_27-1 Portekizli Modelden Hasan Vatan Hakk\u0131nda Dikkat \u00c7eken \u0130ddialar\"  class=\"wp-image-3148\" srcset=\"https:\/\/gundem59.com.tr\/wp-content\/uploads\/2026\/07\/portekizli-model-imamoglu-ile-birlikte-3-kisinin-daha-ismini-vermis_20039966_27-1.jpg 735w, https:\/\/gundem59.com.tr\/wp-content\/uploads\/2026\/07\/portekizli-model-imamoglu-ile-birlikte-3-kisinin-daha-ismini-vermis_20039966_27-1-300x200.jpg 300w\" sizes=\"auto, (max-width: 735px) 100vw, 735px\" \/><\/figure>\n\n\n\n<h3 class=\"wp-block-heading\">&#8220;\u00d6zel Partiler D\u00fczenliyordu&#8221; \u0130ddias\u0131<\/h3>\n\n\n\n<p class=\"wp-block-paragraph\">Portekizli model, ifadesinde Hasan Vatan ile birka\u00e7 kez bir araya geldi\u011fini \u00f6ne s\u00fcrerken, i\u015f insan\u0131n\u0131n s\u0131k s\u0131k \u00f6zel organizasyonlar ve partiler d\u00fczenledi\u011fini de iddia etti.<\/p>\n\n\n\n<p class=\"wp-block-paragraph\">Correia ayr\u0131ca cep telefonunda bulunan baz\u0131 foto\u011fraflar\u0131n Hasan Vatan&#8217;a ait oldu\u011funu ileri s\u00fcrerek bu g\u00f6r\u00fcnt\u00fclerin soru\u015fturma dosyas\u0131na sunuldu\u011funu \u00f6ne s\u00fcrd\u00fc.<\/p>\n\n\n\n<h3 class=\"wp-block-heading\">Resmi Karar Bulunmuyor<\/h3>\n\n\n\n<p class=\"wp-block-paragraph\">S\u00f6z konusu iddialar kamuoyunda ve sosyal medyada geni\u015f yank\u0131 uyand\u0131r\u0131rken, Hasan Vatan hakk\u0131nda iddialar\u0131 do\u011frulayan veya su\u00e7 te\u015fkil etti\u011fine ili\u015fkin kesinle\u015fmi\u015f herhangi bir mahkeme karar\u0131 bulunmuyor.<\/p>\n\n\n\n<p class=\"wp-block-paragraph\">Hukuki s\u00fcre\u00e7 devam ederken, soru\u015fturma kapsam\u0131nda ortaya at\u0131lan iddialar\u0131n yarg\u0131 makamlar\u0131 taraf\u0131ndan de\u011ferlendirilece\u011fi ve nihai karar\u0131n adli merciler taraf\u0131ndan verilece\u011fi belirtiliyor.<\/p>\n\n\n\n<p class=\"wp-block-paragraph\">\u00d6te yandan, ceza hukukunun temel ilkelerinden biri olan masumiyet karinesi gere\u011fi, hakk\u0131nda kesinle\u015fmi\u015f mahkeme karar\u0131 bulunmayan ki\u015filerin su\u00e7lu olarak de\u011ferlendirilemeyece\u011fi hat\u0131rlat\u0131l\u0131yor.<\/p>\n\n\n\n<p class=\"wp-block-paragraph\">Hasan Vatan, Tessy Ramos Correia, Vatan Bilgisayar, Soru\u015fturma, Asayi\u015f, Adliye, T\u00fcrkiye, G\u00fcncel, G\u00fcndem, Son Dakika, G\u00fcndem59<\/p>\n\n\n\n<figure class=\"wp-block-image size-full\"><img  title=\"\" loading=\"lazy\" decoding=\"async\" width=\"746\" height=\"497\" src=\"https:\/\/gundem59.com.tr\/wp-content\/uploads\/2026\/07\/tessy-ramos-correia-kimdir-neden-gozaltina-alindi-portekizli-model-hakkinda-merak-edilenler-1781164973-406_large.webp\"  alt=\"tessy-ramos-correia-kimdir-neden-gozaltina-alindi-portekizli-model-hakkinda-merak-edilenler-1781164973-406_large Portekizli Modelden Hasan Vatan Hakk\u0131nda Dikkat \u00c7eken \u0130ddialar\"  class=\"wp-image-3149\" srcset=\"https:\/\/gundem59.com.tr\/wp-content\/uploads\/2026\/07\/tessy-ramos-correia-kimdir-neden-gozaltina-alindi-portekizli-model-hakkinda-merak-edilenler-1781164973-406_large.webp 746w, https:\/\/gundem59.com.tr\/wp-content\/uploads\/2026\/07\/tessy-ramos-correia-kimdir-neden-gozaltina-alindi-portekizli-model-hakkinda-merak-edilenler-1781164973-406_large-300x200.webp 300w\" sizes=\"auto, (max-width: 746px) 100vw, 746px\" \/><\/figure>\n\n\n\n<hr class=\"wp-block-separator has-alpha-channel-opacity\"\/>\n\n\n\n<p class=\"wp-block-paragraph\">&#x1f449; <strong>T\u00fcrkiye g\u00fcndeminden en g\u00fcncel haberler i\u00e7in;<\/strong><\/p>\n\n\n\n<p class=\"wp-block-paragraph\">&#x1f310; <a href=\"http:\/\/www.gundem59.com.tr\/\">www.gundem59.com.tr<\/a><\/p>\n\n\n\n<p class=\"wp-block-paragraph\">&#x1f310; <a href=\"http:\/\/www.turkiyemhaber.com\/\">www.turkiyemhaber.com<\/a><\/p>\n\n\n\n<p class=\"wp-block-paragraph\">&#x1f310; <a href=\"http:\/\/www.gundem44.com.tr\/\">www.gundem44.com.tr<\/a><\/p>\n\n\n\n<p class=\"wp-block-paragraph\">&#x1f310; <a href=\"http:\/\/www.gundem34haber.com.tr\/\">www.gundem34haber.com.tr<\/a><\/p>\n\n\n\n<p class=\"wp-block-paragraph\">&#x1f310; <a href=\"http:\/\/www.saray59.com.tr\/\">www.saray59.com.tr<\/a><\/p>\n\n\n\n<p class=\"wp-block-paragraph\">&#x1f4fa; <a href=\"http:\/\/www.turkiyemhabertv.com\/\">www.turkiyemhabertv.com<\/a><\/p>\n\n\n\n<p class=\"wp-block-paragraph\">&#x1f4fb; <a href=\"http:\/\/www.turkiyemradyo.com\/\">www.turkiyemradyo.com<\/a><\/p>\n\n\n\n<p class=\"wp-block-paragraph\">&#x1f4f1; @gundem59__<\/p>\n\n\n\n<p class=\"wp-block-paragraph\">&#x1f4f1; @turkiyemhaber_tr<\/p>\n\n\n\n<p class=\"wp-block-paragraph\">#SonDakika #T\u00fcrkiye #G\u00fcndem #HasanVatan #VatanBilgisayar #Asayi\u015f #Adliye #Haber #Gundem59 #TurkiyemHaber #Gundem44 #Gundem34Haber #Saray59 #TurkiyemHaberTV #TurkiyemRadyo<\/p>\n","protected":false},"excerpt":{"rendered":"<p>Yasakl\u0131 madde soru\u015fturmas\u0131 kapsam\u0131nda tutuklu bulunan Portekizli model Tessy Ramos Correia&#8217;n\u0131n ifadesinde, i\u015f insan\u0131 Hasan&#8230;<\/p>\n","protected":false},"author":1,"featured_media":3147,"comment_status":"closed","ping_status":"closed","sticky":false,"template":"","format":"standard","meta":{"footnotes":""},"categories":[30],"tags":[],"ppma_author":[57],"class_list":["post-3146","post","type-post","status-publish","format-standard","has-post-thumbnail","hentry","category-ulusal-gundem"],"authors":[{"term_id":57,"user_id":1,"is_guest":0,"slug":"admin","display_name":"Alp Aslan","avatar_url":"https:\/\/secure.gravatar.com\/avatar\/07c18c5ad3350b025db8f3328450e071acb435c703e565899c880c63362f137a?s=96&d=mm&r=g","author_category":"1","first_name":"Alp Aslan","last_name":"ER\u0130N","user_url":"http:\/\/www.gundem59.com.tr","job_title":"","description":""}],"_links":{"self":[{"href":"https:\/\/gundem59.com.tr\/index.php?rest_route=\/wp\/v2\/posts\/3146","targetHints":{"allow":["GET"]}}],"collection":[{"href":"https:\/\/gundem59.com.tr\/index.php?rest_route=\/wp\/v2\/posts"}],"about":[{"href":"https:\/\/gundem59.com.tr\/index.php?rest_route=\/wp\/v2\/types\/post"}],"author":[{"embeddable":true,"href":"https:\/\/gundem59.com.tr\/index.php?rest_route=\/wp\/v2\/users\/1"}],"replies":[{"embeddable":true,"href":"https:\/\/gundem59.com.tr\/index.php?rest_route=%2Fwp%2Fv2%2Fcomments&post=3146"}],"version-history":[{"count":1,"href":"https:\/\/gundem59.com.tr\/index.php?rest_route=\/wp\/v2\/posts\/3146\/revisions"}],"predecessor-version":[{"id":3150,"href":"https:\/\/gundem59.com.tr\/index.php?rest_route=\/wp\/v2\/posts\/3146\/revisions\/3150"}],"wp:featuredmedia":[{"embeddable":true,"href":"https:\/\/gundem59.com.tr\/index.php?rest_route=\/wp\/v2\/media\/3147"}],"wp:attachment":[{"href":"https:\/\/gundem59.com.tr\/index.php?rest_route=%2Fwp%2Fv2%2Fmedia&parent=3146"}],"wp:term":[{"taxonomy":"category","embeddable":true,"href":"https:\/\/gundem59.com.tr\/index.php?rest_route=%2Fwp%2Fv2%2Fcategories&post=3146"},{"taxonomy":"post_tag","embeddable":true,"href":"https:\/\/gundem59.com.tr\/index.php?rest_route=%2Fwp%2Fv2%2Ftags&post=3146"},{"taxonomy":"author","embeddable":true,"href":"https:\/\/gundem59.com.tr\/index.php?rest_route=%2Fwp%2Fv2%2Fppma_author&post=3146"}],"curies":[{"name":"wp","href":"https:\/\/api.w.org\/{rel}","templated":true}]}}