{"id":3143,"date":"2026-07-13T22:05:16","date_gmt":"2026-07-13T22:05:16","guid":{"rendered":"https:\/\/gundem59.com.tr\/?p=3143"},"modified":"2026-07-13T22:05:17","modified_gmt":"2026-07-13T22:05:17","slug":"dmd-hastasi-cinarin-en-buyuk-hayali-galatasaray-macina-gitmek","status":"publish","type":"post","link":"https:\/\/gundem59.com.tr\/?p=3143","title":{"rendered":"DMD Hastas\u0131 \u00c7\u0131nar&#8217;\u0131n En B\u00fcy\u00fck Hayali: Galatasaray Ma\u00e7\u0131na Gitmek"},"content":{"rendered":"\n<p class=\"wp-block-paragraph\"><strong>Tekirda\u011f&#8217;\u0131n Ergene il\u00e7esinde ya\u015fayan 9 ya\u015f\u0131ndaki Duchenne Musk\u00fcler Distrofi (DMD) hastas\u0131 \u00c7\u0131nar Ulusoy, iyile\u015ferek arkada\u015flar\u0131 gibi ko\u015fup oynamak ve Galatasaray ma\u00e7\u0131n\u0131 trib\u00fcnden izlemek istedi\u011fini s\u00f6yledi. Tedavisi i\u00e7in ba\u015flat\u0131lan kampanya ise hen\u00fcz y\u00fczde 8 seviyesine ula\u015ft\u0131.<\/strong><\/p>\n\n\n\n<p class=\"wp-block-paragraph\">Tekirda\u011f&#8217;\u0131n Ergene il\u00e7esine ba\u011fl\u0131 Velime\u015fe Mahallesi&#8217;nde ya\u015fayan Buse ve Cihan Ulusoy \u00e7iftinin o\u011fullar\u0131 \u00c7\u0131nar Ulusoy&#8217;a, hen\u00fcz anne karn\u0131ndayken Duchenne Musk\u00fcler Distrofi (DMD) te\u015fhisi konuldu. Kaslar\u0131n zamanla g\u00fc\u00e7 kaybetmesine neden olan hastal\u0131kla y\u0131llard\u0131r m\u00fccadele eden \u00c7\u0131nar, \u015fimdi hayata tutunabilmek i\u00e7in yard\u0131m bekliyor.<\/p>\n\n\n\n<p class=\"wp-block-paragraph\">Aile, uzun y\u0131llard\u0131r fizik tedavi ve ila\u00e7larla \u00e7ocuklar\u0131n\u0131n ya\u015fam kalitesini art\u0131rmaya \u00e7al\u0131\u015f\u0131rken, g\u00fcn\u00fcm\u00fczde uygulanan gen tedavisinden yararlanabilmek amac\u0131yla Tekirda\u011f Valili\u011fi onay\u0131yla yard\u0131m kampanyas\u0131 ba\u015flatt\u0131. Ancak yakla\u015f\u0131k <strong>2 milyon 659 bin dolar<\/strong> tutar\u0131ndaki tedavi masraf\u0131 i\u00e7in ba\u015flat\u0131lan kampanyada \u015fu ana kadar hedefin yaln\u0131zca y\u00fczde 8&#8217;ine ula\u015f\u0131labildi.<\/p>\n\n\n\n<h3 class=\"wp-block-heading\">Anne: &#8220;\u00c7\u0131nar&#8217;\u0131n Elini B\u0131rakmay\u0131n&#8221;<\/h3>\n\n\n\n<p class=\"wp-block-paragraph\">Anne Buse Ulusoy, o\u011flunun da di\u011fer \u00e7ocuklar gibi ko\u015fup oynayabilmesini istediklerini belirterek hay\u0131rseverlere destek \u00e7a\u011fr\u0131s\u0131nda bulundu.<\/p>\n\n\n\n<p class=\"wp-block-paragraph\">Ulusoy, &#8220;\u00c7\u0131nar, DMD kas hastal\u0131\u011f\u0131 ile m\u00fccadele ediyor. Tan\u0131s\u0131n\u0131 anne karn\u0131ndayken ald\u0131k. O g\u00fcn aile olarak b\u00fcy\u00fck bir \u00fcz\u00fcnt\u00fc ya\u015fad\u0131k. \u015eu an uygulanabilen gen tedavisi var ancak maliyeti bizim kar\u015f\u0131layabilece\u011fimizin \u00e7ok \u00fczerinde. Bu nedenle valilik onayl\u0131 yard\u0131m kampanyas\u0131 ba\u015flatt\u0131k. \u00c7\u0131nar&#8217;\u0131n ya\u015fayabilmesi, arkada\u015flar\u0131 gibi ko\u015fup oynayabilmesi i\u00e7in destek bekliyoruz. O \u00e7ok umutlu ve hayat dolu bir \u00e7ocuk. L\u00fctfen onun elini b\u0131rakmay\u0131n&#8221; dedi.<\/p>\n\n\n\n<h3 class=\"wp-block-heading\">Baba: &#8220;O\u011flumun Ko\u015fmas\u0131n\u0131 \u0130stiyorum&#8221;<\/h3>\n\n\n\n<p class=\"wp-block-paragraph\">\u00d6zel bir firmada \u015fof\u00f6r ve g\u00fcvenlik g\u00f6revlisi olarak \u00e7al\u0131\u015fan baba Cihan Ulusoy da o\u011flunun hastal\u0131\u011f\u0131 nedeniyle i\u015f hayat\u0131nda zorluklar ya\u015fad\u0131\u011f\u0131n\u0131 belirterek, &#8220;Ben de herkes gibi o\u011flumun ko\u015fmas\u0131n\u0131, oyun oynamas\u0131n\u0131 istiyorum. Maddi ve manevi destek bekliyoruz&#8221; ifadelerini kulland\u0131.<\/p>\n\n\n\n<h3 class=\"wp-block-heading\">&#8220;Ya\u015famak \u0130stiyorum&#8221;<\/h3>\n\n\n\n<p class=\"wp-block-paragraph\">Velime\u015fe \u015eehit Piyade Onba\u015f\u0131 Arman Galata \u0130lkokulu&#8217;nda e\u011fitim g\u00f6ren \u00c7\u0131nar Ulusoy ise en b\u00fcy\u00fck hayalini \u015fu s\u00f6zlerle anlatt\u0131:<\/p>\n\n\n\n<blockquote class=\"wp-block-quote is-layout-flow wp-block-quote-is-layout-flow\">\n<p class=\"wp-block-paragraph\">&#8220;Futbolu \u00e7ok seviyorum. En b\u00fcy\u00fck hayalim iyile\u015fip Galatasaray ma\u00e7\u0131na gitmek. Bana destek olun, ya\u015famak istiyorum.&#8221;<\/p>\n<\/blockquote>\n\n\n\n<p class=\"wp-block-paragraph\">\u00c7\u0131nar&#8217;\u0131n ya\u015fam m\u00fccadelesi, ailesinin ve sevenlerinin deste\u011fiyle s\u00fcrerken, kampanyan\u0131n hedefine ula\u015fabilmesi i\u00e7in hay\u0131rseverlerin katk\u0131s\u0131 bekleniyor.<\/p>\n\n\n\n<p class=\"wp-block-paragraph\">Tekirda\u011f, Ergene, Velime\u015fe, \u00c7\u0131nar Ulusoy, DMD, Duchenne Musk\u00fcler Distrofi, Yard\u0131m Kampanyas\u0131, Sa\u011fl\u0131k, \u00c7ocuk, Galatasaray, Ya\u015fam, G\u00fcncel, G\u00fcndem59<\/p>\n\n\n\n<hr class=\"wp-block-separator has-alpha-channel-opacity\"\/>\n\n\n\n<p class=\"wp-block-paragraph\">&#x1f449; <strong>T\u00fcrkiye g\u00fcndeminden en g\u00fcncel haberler i\u00e7in;<\/strong><\/p>\n\n\n\n<p class=\"wp-block-paragraph\">&#x1f310; <a href=\"http:\/\/www.gundem59.com.tr\/\">www.gundem59.com.tr<\/a><\/p>\n\n\n\n<p class=\"wp-block-paragraph\">&#x1f310; <a href=\"http:\/\/www.turkiyemhaber.com\/\">www.turkiyemhaber.com<\/a><\/p>\n\n\n\n<p class=\"wp-block-paragraph\">&#x1f310; <a href=\"http:\/\/www.gundem44.com.tr\/\">www.gundem44.com.tr<\/a><\/p>\n\n\n\n<p class=\"wp-block-paragraph\">&#x1f310; <a href=\"http:\/\/www.gundem34haber.com.tr\/\">www.gundem34haber.com.tr<\/a><\/p>\n\n\n\n<p class=\"wp-block-paragraph\">&#x1f310; <a href=\"http:\/\/www.saray59.com.tr\/\">www.saray59.com.tr<\/a><\/p>\n\n\n\n<p class=\"wp-block-paragraph\">&#x1f4fa; <a href=\"http:\/\/www.turkiyemhabertv.com\/\">www.turkiyemhabertv.com<\/a><\/p>\n\n\n\n<p class=\"wp-block-paragraph\">&#x1f4fb; <a href=\"http:\/\/www.turkiyemradyo.com\/\">www.turkiyemradyo.com<\/a><\/p>\n\n\n\n<p class=\"wp-block-paragraph\">&#x1f4f1; @gundem59__<\/p>\n\n\n\n<p class=\"wp-block-paragraph\">&#x1f4f1; @turkiyemhaber_tr<\/p>\n\n\n\n<p class=\"wp-block-paragraph\">#\u00c7\u0131narUlusoy #DMD #Ergene #Velime\u015fe #Tekirda\u011f #Galatasaray #Yard\u0131mKampanyas\u0131 #Sa\u011fl\u0131k #\u00c7ocuk #Ya\u015fam #G\u00fcndem59 #T\u00fcrkiyemHaber #G\u00fcndem44 #G\u00fcndem34Haber #Saray59 #T\u00fcrkiyemHaberTV #T\u00fcrkiyemRadyo<\/p>\n","protected":false},"excerpt":{"rendered":"<p>Tekirda\u011f&#8217;\u0131n Ergene il\u00e7esinde ya\u015fayan 9 ya\u015f\u0131ndaki Duchenne Musk\u00fcler Distrofi (DMD) hastas\u0131 \u00c7\u0131nar Ulusoy, iyile\u015ferek arkada\u015flar\u0131&#8230;<\/p>\n","protected":false},"author":1,"featured_media":3144,"comment_status":"closed","ping_status":"closed","sticky":false,"template":"","format":"standard","meta":{"footnotes":""},"categories":[56],"tags":[],"ppma_author":[57],"class_list":["post-3143","post","type-post","status-publish","format-standard","has-post-thumbnail","hentry","category-guncel"],"authors":[{"term_id":57,"user_id":1,"is_guest":0,"slug":"admin","display_name":"Alp Aslan","avatar_url":"https:\/\/secure.gravatar.com\/avatar\/07c18c5ad3350b025db8f3328450e071acb435c703e565899c880c63362f137a?s=96&d=mm&r=g","author_category":"1","first_name":"Alp Aslan","last_name":"ER\u0130N","user_url":"http:\/\/www.gundem59.com.tr","job_title":"","description":""}],"_links":{"self":[{"href":"https:\/\/gundem59.com.tr\/index.php?rest_route=\/wp\/v2\/posts\/3143","targetHints":{"allow":["GET"]}}],"collection":[{"href":"https:\/\/gundem59.com.tr\/index.php?rest_route=\/wp\/v2\/posts"}],"about":[{"href":"https:\/\/gundem59.com.tr\/index.php?rest_route=\/wp\/v2\/types\/post"}],"author":[{"embeddable":true,"href":"https:\/\/gundem59.com.tr\/index.php?rest_route=\/wp\/v2\/users\/1"}],"replies":[{"embeddable":true,"href":"https:\/\/gundem59.com.tr\/index.php?rest_route=%2Fwp%2Fv2%2Fcomments&post=3143"}],"version-history":[{"count":1,"href":"https:\/\/gundem59.com.tr\/index.php?rest_route=\/wp\/v2\/posts\/3143\/revisions"}],"predecessor-version":[{"id":3145,"href":"https:\/\/gundem59.com.tr\/index.php?rest_route=\/wp\/v2\/posts\/3143\/revisions\/3145"}],"wp:featuredmedia":[{"embeddable":true,"href":"https:\/\/gundem59.com.tr\/index.php?rest_route=\/wp\/v2\/media\/3144"}],"wp:attachment":[{"href":"https:\/\/gundem59.com.tr\/index.php?rest_route=%2Fwp%2Fv2%2Fmedia&parent=3143"}],"wp:term":[{"taxonomy":"category","embeddable":true,"href":"https:\/\/gundem59.com.tr\/index.php?rest_route=%2Fwp%2Fv2%2Fcategories&post=3143"},{"taxonomy":"post_tag","embeddable":true,"href":"https:\/\/gundem59.com.tr\/index.php?rest_route=%2Fwp%2Fv2%2Ftags&post=3143"},{"taxonomy":"author","embeddable":true,"href":"https:\/\/gundem59.com.tr\/index.php?rest_route=%2Fwp%2Fv2%2Fppma_author&post=3143"}],"curies":[{"name":"wp","href":"https:\/\/api.w.org\/{rel}","templated":true}]}}