{"id":3141,"date":"2026-07-13T22:03:34","date_gmt":"2026-07-13T22:03:34","guid":{"rendered":"https:\/\/gundem59.com.tr\/?p=3141"},"modified":"2026-07-13T22:03:35","modified_gmt":"2026-07-13T22:03:35","slug":"tekirdagin-kurtulusunun-113-yil-donumu-coskuyla-kutlandi","status":"publish","type":"post","link":"https:\/\/gundem59.com.tr\/?p=3141","title":{"rendered":"Tekirda\u011f&#8217;\u0131n Kurtulu\u015funun 113. Y\u0131l D\u00f6n\u00fcm\u00fc Co\u015fkuyla Kutland\u0131"},"content":{"rendered":"\n<p class=\"wp-block-paragraph\"><strong>Tekirda\u011f&#8217;\u0131n Bulgar i\u015fgalinden kurtulu\u015funun 113. y\u0131l d\u00f6n\u00fcm\u00fc dolay\u0131s\u0131yla d\u00fczenlenen t\u00f6rende, \u015fehitler ve gaziler rahmet ve minnetle an\u0131ld\u0131. S\u00fcleymanpa\u015fa Belediye Ba\u015fkan\u0131 Volkan Nallar, kurtulu\u015f g\u00fcn\u00fcn\u00fcn milletin ba\u011f\u0131ms\u0131zl\u0131k a\u015fk\u0131n\u0131n en g\u00fc\u00e7l\u00fc simgelerinden biri oldu\u011funu vurgulad\u0131.<\/strong><\/p>\n\n\n\n<p class=\"wp-block-paragraph\">Tekirda\u011f&#8217;\u0131n Bulgar i\u015fgalinden kurtulu\u015funun 113. y\u0131l d\u00f6n\u00fcm\u00fc dolay\u0131s\u0131yla S\u00fcleymanpa\u015fa&#8217;da anlaml\u0131 bir t\u00f6ren d\u00fczenlendi. Atat\u00fcrk Harf \u0130nk\u0131lab\u0131 An\u0131t\u0131 \u00f6n\u00fcnde ger\u00e7ekle\u015ftirilen t\u00f6ren, sayg\u0131 duru\u015funda bulunulmas\u0131 ve \u0130stiklal Mar\u015f\u0131&#8217;n\u0131n okunmas\u0131yla ba\u015flad\u0131.<\/p>\n\n\n\n<p class=\"wp-block-paragraph\">T\u00f6ren kapsam\u0131nda S\u00fcleymanpa\u015fa Belediye Ba\u015fkan\u0131 Volkan Nallar taraf\u0131ndan Atat\u00fcrk Harf \u0130nk\u0131lab\u0131 An\u0131t\u0131&#8217;na \u00e7elenk sunuldu. Protokol \u00fcyeleri ve vatanda\u015flar\u0131n yo\u011fun kat\u0131l\u0131m g\u00f6sterdi\u011fi t\u00f6rende, Tekirda\u011f&#8217;\u0131n kurtulu\u015f m\u00fccadelesi ve ba\u011f\u0131ms\u0131zl\u0131k ruhu bir kez daha vurguland\u0131.<\/p>\n\n\n\n<h3 class=\"wp-block-heading\">&#8220;Milletimizin Ba\u011f\u0131ms\u0131zl\u0131k A\u015fk\u0131n\u0131n Ni\u015fanesidir&#8221;<\/h3>\n\n\n\n<p class=\"wp-block-paragraph\">T\u00f6rende konu\u015fan S\u00fcleymanpa\u015fa Belediye Ba\u015fkan\u0131 Volkan Nallar, Tekirda\u011f&#8217;\u0131n kurtulu\u015funun 113. y\u0131l d\u00f6n\u00fcm\u00fcn\u00fc kutlaman\u0131n gururunu ya\u015fad\u0131klar\u0131n\u0131 belirtti.<\/p>\n\n\n\n<p class=\"wp-block-paragraph\">\u015eehit ve gazileri rahmet, minnet ve sayg\u0131yla and\u0131klar\u0131n\u0131 ifade eden Nallar, konu\u015fmas\u0131nda \u015fu ifadelere yer verdi:<\/p>\n\n\n\n<blockquote class=\"wp-block-quote is-layout-flow wp-block-quote-is-layout-flow\">\n<p class=\"wp-block-paragraph\">&#8220;Bu anlaml\u0131 g\u00fcn yaln\u0131zca bir \u015fehrin \u00f6zg\u00fcrl\u00fc\u011f\u00fcne kavu\u015ftu\u011fu tarih de\u011fil, ayn\u0131 zamanda milletimizin ba\u011f\u0131ms\u0131zl\u0131k a\u015fk\u0131n\u0131n, vatan sevgisinin ve sars\u0131lmaz iradesinin en g\u00fc\u00e7l\u00fc ni\u015fanelerinden biridir.&#8221;<\/p>\n<\/blockquote>\n\n\n\n<p class=\"wp-block-paragraph\">Nallar, Tekirda\u011f&#8217;\u0131n tarih boyunca ba\u011f\u0131ms\u0131zl\u0131\u011f\u0131 ve \u00f6zg\u00fcrl\u00fc\u011f\u00fc u\u011fruna b\u00fcy\u00fck bedeller \u00f6demi\u015f \u00f6nemli \u015fehirlerden biri oldu\u011funu dile getirdi.<\/p>\n\n\n\n<h3 class=\"wp-block-heading\">\u015eehitler \u0130\u00e7in Marmara Denizi&#8217;ne Karanfil B\u0131rak\u0131ld\u0131<\/h3>\n\n\n\n<p class=\"wp-block-paragraph\">T\u00f6renin ard\u0131ndan kat\u0131l\u0131mc\u0131lar, vatan u\u011fruna canlar\u0131n\u0131 feda eden \u015fehitlerin an\u0131s\u0131na Marmara Denizi&#8217;ne karanfil b\u0131rakt\u0131. Duygusal anlar\u0131n ya\u015fand\u0131\u011f\u0131 etkinlikte, \u015fehitler dualarla an\u0131ld\u0131.<\/p>\n\n\n\n<p class=\"wp-block-paragraph\">Programa CHP Tekirda\u011f Milletvekilleri Nurten Yontar ve \u0130lhami \u00d6zcan Aygun, S\u00fcleymanpa\u015fa Kaymakam\u0131 Mahmut Nedim Tun\u00e7er, siyasi parti temsilcileri, sivil toplum kurulu\u015flar\u0131n\u0131n \u00fcyeleri ve \u00e7ok say\u0131da vatanda\u015f kat\u0131ld\u0131.<\/p>\n\n\n\n<p class=\"wp-block-paragraph\">Tekirda\u011f&#8217;\u0131n Kurtulu\u015fu, Tekirda\u011f, S\u00fcleymanpa\u015fa, Volkan Nallar, Mahmut Nedim Tun\u00e7er, Nurten Yontar, \u0130lhami \u00d6zcan Aygun, Bulgar \u0130\u015fgali, Kurtulu\u015f G\u00fcn\u00fc, \u015eehitler, Marmara Denizi, Anma T\u00f6reni, Tarih, K\u00fclt\u00fcr, G\u00fcndem59<\/p>\n\n\n\n<hr class=\"wp-block-separator has-alpha-channel-opacity\"\/>\n\n\n\n<p class=\"wp-block-paragraph\">&#x1f449; <strong>T\u00fcrkiye g\u00fcndeminden en g\u00fcncel haberler i\u00e7in;<\/strong><\/p>\n\n\n\n<p class=\"wp-block-paragraph\">&#x1f310; <a href=\"http:\/\/www.gundem59.com.tr\/\">www.gundem59.com.tr<\/a><\/p>\n\n\n\n<p class=\"wp-block-paragraph\">&#x1f310; <a href=\"http:\/\/www.turkiyemhaber.com\/\">www.turkiyemhaber.com<\/a><\/p>\n\n\n\n<p class=\"wp-block-paragraph\">&#x1f310; <a href=\"http:\/\/www.gundem44.com.tr\/\">www.gundem44.com.tr<\/a><\/p>\n\n\n\n<p class=\"wp-block-paragraph\">&#x1f310; <a href=\"http:\/\/www.gundem34haber.com.tr\/\">www.gundem34haber.com.tr<\/a><\/p>\n\n\n\n<p class=\"wp-block-paragraph\">&#x1f310; <a href=\"http:\/\/www.saray59.com.tr\/\">www.saray59.com.tr<\/a><\/p>\n\n\n\n<p class=\"wp-block-paragraph\">&#x1f4fa; <a href=\"http:\/\/www.turkiyemhabertv.com\/\">www.turkiyemhabertv.com<\/a><\/p>\n\n\n\n<p class=\"wp-block-paragraph\">&#x1f4fb; <a href=\"http:\/\/www.turkiyemradyo.com\/\">www.turkiyemradyo.com<\/a><\/p>\n\n\n\n<p class=\"wp-block-paragraph\">&#x1f4f1; @gundem59__<\/p>\n\n\n\n<p class=\"wp-block-paragraph\">&#x1f4f1; @turkiyemhaber_tr<\/p>\n\n\n\n<p class=\"wp-block-paragraph\">#Tekirda\u011f #Tekirda\u011f\u0131nKurtulu\u015fu #S\u00fcleymanpa\u015fa #VolkanNallar #Kurtulu\u015fG\u00fcn\u00fc #Tarih #\u015eehitler #MarmaraDenizi #AnmaT\u00f6reni #SonDakika #G\u00fcndem59 #T\u00fcrkiyemHaber #G\u00fcndem44 #G\u00fcndem34Haber #Saray59 #T\u00fcrkiyemHaberTV #T\u00fcrkiyemRadyo<\/p>\n","protected":false},"excerpt":{"rendered":"<p>Tekirda\u011f&#8217;\u0131n Bulgar i\u015fgalinden kurtulu\u015funun 113. y\u0131l d\u00f6n\u00fcm\u00fc dolay\u0131s\u0131yla d\u00fczenlenen t\u00f6rende, \u015fehitler ve gaziler rahmet ve&#8230;<\/p>\n","protected":false},"author":1,"featured_media":3137,"comment_status":"closed","ping_status":"closed","sticky":false,"template":"","format":"standard","meta":{"footnotes":""},"categories":[56],"tags":[],"ppma_author":[57],"class_list":["post-3141","post","type-post","status-publish","format-standard","has-post-thumbnail","hentry","category-guncel"],"authors":[{"term_id":57,"user_id":1,"is_guest":0,"slug":"admin","display_name":"Alp Aslan","avatar_url":"https:\/\/secure.gravatar.com\/avatar\/07c18c5ad3350b025db8f3328450e071acb435c703e565899c880c63362f137a?s=96&d=mm&r=g","author_category":"1","first_name":"Alp Aslan","last_name":"ER\u0130N","user_url":"http:\/\/www.gundem59.com.tr","job_title":"","description":""}],"_links":{"self":[{"href":"https:\/\/gundem59.com.tr\/index.php?rest_route=\/wp\/v2\/posts\/3141","targetHints":{"allow":["GET"]}}],"collection":[{"href":"https:\/\/gundem59.com.tr\/index.php?rest_route=\/wp\/v2\/posts"}],"about":[{"href":"https:\/\/gundem59.com.tr\/index.php?rest_route=\/wp\/v2\/types\/post"}],"author":[{"embeddable":true,"href":"https:\/\/gundem59.com.tr\/index.php?rest_route=\/wp\/v2\/users\/1"}],"replies":[{"embeddable":true,"href":"https:\/\/gundem59.com.tr\/index.php?rest_route=%2Fwp%2Fv2%2Fcomments&post=3141"}],"version-history":[{"count":1,"href":"https:\/\/gundem59.com.tr\/index.php?rest_route=\/wp\/v2\/posts\/3141\/revisions"}],"predecessor-version":[{"id":3142,"href":"https:\/\/gundem59.com.tr\/index.php?rest_route=\/wp\/v2\/posts\/3141\/revisions\/3142"}],"wp:featuredmedia":[{"embeddable":true,"href":"https:\/\/gundem59.com.tr\/index.php?rest_route=\/wp\/v2\/media\/3137"}],"wp:attachment":[{"href":"https:\/\/gundem59.com.tr\/index.php?rest_route=%2Fwp%2Fv2%2Fmedia&parent=3141"}],"wp:term":[{"taxonomy":"category","embeddable":true,"href":"https:\/\/gundem59.com.tr\/index.php?rest_route=%2Fwp%2Fv2%2Fcategories&post=3141"},{"taxonomy":"post_tag","embeddable":true,"href":"https:\/\/gundem59.com.tr\/index.php?rest_route=%2Fwp%2Fv2%2Ftags&post=3141"},{"taxonomy":"author","embeddable":true,"href":"https:\/\/gundem59.com.tr\/index.php?rest_route=%2Fwp%2Fv2%2Fppma_author&post=3141"}],"curies":[{"name":"wp","href":"https:\/\/api.w.org\/{rel}","templated":true}]}}