{"id":3136,"date":"2026-07-13T21:59:25","date_gmt":"2026-07-13T21:59:25","guid":{"rendered":"https:\/\/gundem59.com.tr\/?p=3136"},"modified":"2026-07-13T22:00:53","modified_gmt":"2026-07-13T22:00:53","slug":"corluda-otomobil-tarlaya-devrildi-5-kisi-yaralandi","status":"publish","type":"post","link":"https:\/\/gundem59.com.tr\/?p=3136","title":{"rendered":"\u00c7orlu&#8217;da Otomobil Tarlaya Devrildi: 5 Ki\u015fi Yaraland\u0131"},"content":{"rendered":"\n<p class=\"wp-block-paragraph\"><strong>Tekirda\u011f&#8217;\u0131n \u00c7orlu il\u00e7esinde kontrolden \u00e7\u0131karak tarlaya devrilen otomobilde bulunan 5 ki\u015fi yaraland\u0131. Yaral\u0131lar sa\u011fl\u0131k ekiplerinin olay yerindeki ilk m\u00fcdahalesinin ard\u0131ndan hastaneye kald\u0131r\u0131ld\u0131.<\/strong><\/p>\n\n\n\n<p class=\"wp-block-paragraph\">Kaza, \u00c7orlu il\u00e7esine ba\u011fl\u0131 Sar\u0131lar Mahallesi&#8217;nde meydana geldi. Edinilen bilgilere g\u00f6re, Recep G. (71) y\u00f6netimindeki 34 JB 0430 plakal\u0131 otomobil, s\u00fcr\u00fcc\u00fcs\u00fcn\u00fcn direksiyon hakimiyetini kaybetmesi sonucu yoldan \u00e7\u0131karak tarlaya devrildi.<\/p>\n\n\n\n<p class=\"wp-block-paragraph\">Kazay\u0131 g\u00f6ren vatanda\u015flar\u0131n ihbar\u0131 \u00fczerine olay yerine sa\u011fl\u0131k ve jandarma ekipleri sevk edildi. K\u0131sa s\u00fcrede b\u00f6lgeye ula\u015fan sa\u011fl\u0131k ekipleri, yaral\u0131lara ilk m\u00fcdahaleyi olay yerinde yapt\u0131.<\/p>\n\n\n\n<h3 class=\"wp-block-heading\">5 Ki\u015fi Hastaneye Kald\u0131r\u0131ld\u0131<\/h3>\n\n\n\n<p class=\"wp-block-paragraph\">Kazada s\u00fcr\u00fcc\u00fc Recep G. ile ara\u00e7ta bulunan B.G. (13), V.G. (42), H.B.G. (15) ve N.G. (9) yaraland\u0131. Yaral\u0131lar, ambulanslarla \u00c7orlu Devlet Hastanesi&#8217;ne kald\u0131r\u0131larak tedavi alt\u0131na al\u0131nd\u0131.<\/p>\n\n\n\n<p class=\"wp-block-paragraph\">Yaral\u0131lar\u0131n sa\u011fl\u0131k durumlar\u0131na ili\u015fkin resmi bir a\u00e7\u0131klama yap\u0131lmazken, tedavilerinin s\u00fcrd\u00fc\u011f\u00fc \u00f6\u011frenildi.<\/p>\n\n\n\n<h3 class=\"wp-block-heading\">Jandarma \u0130nceleme Ba\u015flatt\u0131<\/h3>\n\n\n\n<p class=\"wp-block-paragraph\">Kazan\u0131n meydana geldi\u011fi b\u00f6lgede g\u00fcvenlik \u00f6nlemi alan jandarma ekipleri, olay yerinde inceleme yapt\u0131. Kazan\u0131n kesin nedeninin belirlenmesi i\u00e7in soru\u015fturma ba\u015flat\u0131ld\u0131\u011f\u0131 bildirildi.<\/p>\n\n\n\n<p class=\"wp-block-paragraph\">Tekirda\u011f, \u00c7orlu, Sar\u0131lar Mahallesi, Trafik Kazas\u0131, Otomobil Kazas\u0131, Yaral\u0131, Jandarma, Sa\u011fl\u0131k Ekipleri, \u00c7orlu Devlet Hastanesi, Ula\u015f\u0131m, Asayi\u015f, Son Dakika, G\u00fcndem59<\/p>\n\n\n\n<hr class=\"wp-block-separator has-alpha-channel-opacity\"\/>\n\n\n\n<p class=\"wp-block-paragraph\">&#x1f449; <strong>T\u00fcrkiye g\u00fcndeminden en g\u00fcncel haberler i\u00e7in;<\/strong><\/p>\n\n\n\n<p class=\"wp-block-paragraph\">&#x1f310; <a href=\"http:\/\/www.gundem59.com.tr\/\">www.gundem59.com.tr<\/a><\/p>\n\n\n\n<p class=\"wp-block-paragraph\">&#x1f310; <a href=\"http:\/\/www.turkiyemhaber.com\/\">www.turkiyemhaber.com<\/a><\/p>\n\n\n\n<p class=\"wp-block-paragraph\">&#x1f310; <a href=\"http:\/\/www.gundem44.com.tr\/\">www.gundem44.com.tr<\/a><\/p>\n\n\n\n<p class=\"wp-block-paragraph\">&#x1f310; <a href=\"http:\/\/www.gundem34haber.com.tr\/\">www.gundem34haber.com.tr<\/a><\/p>\n\n\n\n<p class=\"wp-block-paragraph\">&#x1f310; <a href=\"http:\/\/www.saray59.com.tr\/\">www.saray59.com.tr<\/a><\/p>\n\n\n\n<p class=\"wp-block-paragraph\">&#x1f4fa; <a href=\"http:\/\/www.turkiyemhabertv.com\/\">www.turkiyemhabertv.com<\/a><\/p>\n\n\n\n<p class=\"wp-block-paragraph\">&#x1f4fb; <a href=\"http:\/\/www.turkiyemradyo.com\/\">www.turkiyemradyo.com<\/a><\/p>\n\n\n\n<p class=\"wp-block-paragraph\">&#x1f4f1; @gundem59__<\/p>\n\n\n\n<p class=\"wp-block-paragraph\">&#x1f4f1; @turkiyemhaber_tr<\/p>\n\n\n\n<p class=\"wp-block-paragraph\">#\u00c7orlu #Tekirda\u011f #TrafikKazas\u0131 #Kaza #Yaral\u0131 #Sar\u0131larMahallesi #Jandarma #\u00c7orluDevletHastanesi #Asayi\u015f #SonDakika #G\u00fcndem59 #T\u00fcrkiyemHaber #G\u00fcndem44 #G\u00fcndem34Haber #Saray59 #T\u00fcrkiyemHaberTV #T\u00fcrkiyemRadyo<\/p>\n","protected":false},"excerpt":{"rendered":"<p>Tekirda\u011f&#8217;\u0131n \u00c7orlu il\u00e7esinde kontrolden \u00e7\u0131karak tarlaya devrilen otomobilde bulunan 5 ki\u015fi yaraland\u0131. Yaral\u0131lar sa\u011fl\u0131k ekiplerinin&#8230;<\/p>\n","protected":false},"author":1,"featured_media":3140,"comment_status":"closed","ping_status":"closed","sticky":false,"template":"","format":"standard","meta":{"footnotes":""},"categories":[56],"tags":[],"ppma_author":[57],"class_list":["post-3136","post","type-post","status-publish","format-standard","has-post-thumbnail","hentry","category-guncel"],"authors":[{"term_id":57,"user_id":1,"is_guest":0,"slug":"admin","display_name":"Alp Aslan","avatar_url":"https:\/\/secure.gravatar.com\/avatar\/07c18c5ad3350b025db8f3328450e071acb435c703e565899c880c63362f137a?s=96&d=mm&r=g","author_category":"1","first_name":"Alp Aslan","last_name":"ER\u0130N","user_url":"http:\/\/www.gundem59.com.tr","job_title":"","description":""}],"_links":{"self":[{"href":"https:\/\/gundem59.com.tr\/index.php?rest_route=\/wp\/v2\/posts\/3136","targetHints":{"allow":["GET"]}}],"collection":[{"href":"https:\/\/gundem59.com.tr\/index.php?rest_route=\/wp\/v2\/posts"}],"about":[{"href":"https:\/\/gundem59.com.tr\/index.php?rest_route=\/wp\/v2\/types\/post"}],"author":[{"embeddable":true,"href":"https:\/\/gundem59.com.tr\/index.php?rest_route=\/wp\/v2\/users\/1"}],"replies":[{"embeddable":true,"href":"https:\/\/gundem59.com.tr\/index.php?rest_route=%2Fwp%2Fv2%2Fcomments&post=3136"}],"version-history":[{"count":1,"href":"https:\/\/gundem59.com.tr\/index.php?rest_route=\/wp\/v2\/posts\/3136\/revisions"}],"predecessor-version":[{"id":3138,"href":"https:\/\/gundem59.com.tr\/index.php?rest_route=\/wp\/v2\/posts\/3136\/revisions\/3138"}],"wp:featuredmedia":[{"embeddable":true,"href":"https:\/\/gundem59.com.tr\/index.php?rest_route=\/wp\/v2\/media\/3140"}],"wp:attachment":[{"href":"https:\/\/gundem59.com.tr\/index.php?rest_route=%2Fwp%2Fv2%2Fmedia&parent=3136"}],"wp:term":[{"taxonomy":"category","embeddable":true,"href":"https:\/\/gundem59.com.tr\/index.php?rest_route=%2Fwp%2Fv2%2Fcategories&post=3136"},{"taxonomy":"post_tag","embeddable":true,"href":"https:\/\/gundem59.com.tr\/index.php?rest_route=%2Fwp%2Fv2%2Ftags&post=3136"},{"taxonomy":"author","embeddable":true,"href":"https:\/\/gundem59.com.tr\/index.php?rest_route=%2Fwp%2Fv2%2Fppma_author&post=3136"}],"curies":[{"name":"wp","href":"https:\/\/api.w.org\/{rel}","templated":true}]}}