{"id":3132,"date":"2026-07-13T21:55:57","date_gmt":"2026-07-13T21:55:57","guid":{"rendered":"https:\/\/gundem59.com.tr\/?p=3132"},"modified":"2026-07-13T21:55:57","modified_gmt":"2026-07-13T21:55:57","slug":"tekirdag-aciklarinda-yuk-gemisi-karaya-oturdu-kurtarma-calismalari-suruyor","status":"publish","type":"post","link":"https:\/\/gundem59.com.tr\/?p=3132","title":{"rendered":"Tekirda\u011f A\u00e7\u0131klar\u0131nda Y\u00fck Gemisi Karaya Oturdu: Kurtarma \u00c7al\u0131\u015fmalar\u0131 S\u00fcr\u00fcyor"},"content":{"rendered":"\n<p class=\"wp-block-paragraph\"><strong>Tekirda\u011f a\u00e7\u0131klar\u0131nda y\u00fck almak \u00fczere bekleyen Sao Tome ve Principe bayrakl\u0131 REGALO isimli kuru y\u00fck gemisi karaya oturdu. Olay\u0131n ard\u0131ndan b\u00f6lgeye sevk edilen ekipler, geminin g\u00fcvenli \u015fekilde kurtar\u0131lmas\u0131 i\u00e7in \u00e7al\u0131\u015fma ba\u015flatt\u0131.<\/strong><\/p>\n\n\n\n<p class=\"wp-block-paragraph\">Tekirda\u011f&#8217;da deniz ula\u015f\u0131m\u0131n\u0131 ilgilendiren \u00f6nemli bir olay ya\u015fand\u0131. Edinilen bilgilere g\u00f6re, y\u00fck almak \u00fczere Tekirda\u011f a\u00e7\u0131klar\u0131nda bekleyen Sao Tome ve Principe bayrakl\u0131 <strong>REGALO<\/strong> isimli kuru y\u00fck gemisi, Ceyport Liman\u0131 \u00f6nlerinde hen\u00fcz belirlenemeyen bir nedenle karaya oturdu.<\/p>\n\n\n\n<p class=\"wp-block-paragraph\">Karaya oturma ihbar\u0131n\u0131n al\u0131nmas\u0131n\u0131n ard\u0131ndan b\u00f6lgeye Sahil G\u00fcvenlik Komutanl\u0131\u011f\u0131 ekipleri ile K\u0131y\u0131 Emniyeti Genel M\u00fcd\u00fcrl\u00fc\u011f\u00fc ekipleri sevk edildi. Olas\u0131 risklere kar\u015f\u0131 geminin \u00e7evresinde gerekli g\u00fcvenlik \u00f6nlemleri al\u0131n\u0131rken, kurtarma operasyonu i\u00e7in \u00e7al\u0131\u015fma ba\u015flat\u0131ld\u0131.<\/p>\n\n\n\n<h3 class=\"wp-block-heading\">169 Metrelik Dev Gemi Karaya Oturdu<\/h3>\n\n\n\n<p class=\"wp-block-paragraph\">Yetkililerden al\u0131nan bilgilere g\u00f6re REGALO isimli kuru y\u00fck gemisi 169 metre uzunlu\u011funda, 27,2 metre geni\u015fli\u011finde ve 28 bin 461 DWT ta\u015f\u0131ma kapasitesine sahip bulunuyor. Geminin karaya oturma nedeninin belirlenmesi i\u00e7in incelemeler s\u00fcrerken, olay\u0131n teknik boyutunun ara\u015ft\u0131r\u0131ld\u0131\u011f\u0131 \u00f6\u011frenildi.<\/p>\n\n\n\n<figure class=\"wp-block-image size-large\"><img  title=\"\" loading=\"lazy\" decoding=\"async\" width=\"1024\" height=\"576\" src=\"https:\/\/gundem59.com.tr\/wp-content\/uploads\/2026\/07\/tekirdag-da-yuk-gemisi-karaya-oturdu-2-20047209_amp-1024x576.jpg\"  alt=\"tekirdag-da-yuk-gemisi-karaya-oturdu-2-20047209_amp-1024x576 Tekirda\u011f A\u00e7\u0131klar\u0131nda Y\u00fck Gemisi Karaya Oturdu: Kurtarma \u00c7al\u0131\u015fmalar\u0131 S\u00fcr\u00fcyor\"  class=\"wp-image-3134\" srcset=\"https:\/\/gundem59.com.tr\/wp-content\/uploads\/2026\/07\/tekirdag-da-yuk-gemisi-karaya-oturdu-2-20047209_amp-1024x576.jpg 1024w, https:\/\/gundem59.com.tr\/wp-content\/uploads\/2026\/07\/tekirdag-da-yuk-gemisi-karaya-oturdu-2-20047209_amp-300x169.jpg 300w, https:\/\/gundem59.com.tr\/wp-content\/uploads\/2026\/07\/tekirdag-da-yuk-gemisi-karaya-oturdu-2-20047209_amp-768x432.jpg 768w, https:\/\/gundem59.com.tr\/wp-content\/uploads\/2026\/07\/tekirdag-da-yuk-gemisi-karaya-oturdu-2-20047209_amp.jpg 1200w\" sizes=\"auto, (max-width: 1024px) 100vw, 1024px\" \/><\/figure>\n\n\n\n<h3 class=\"wp-block-heading\">Ekipler Seferber Oldu<\/h3>\n\n\n\n<p class=\"wp-block-paragraph\">K\u0131y\u0131 Emniyeti Genel M\u00fcd\u00fcrl\u00fc\u011f\u00fc ve Sahil G\u00fcvenlik Komutanl\u0131\u011f\u0131 ekipleri, geminin bulundu\u011fu b\u00f6lgedeki emniyet tedbirlerini art\u0131rd\u0131. Deniz trafi\u011finin g\u00fcvenli \u015fekilde devam etmesi i\u00e7in gerekli \u00f6nlemler al\u0131n\u0131rken, uzman ekipler geminin yeniden y\u00fczd\u00fcr\u00fclmesi amac\u0131yla \u00e7al\u0131\u015fmalar\u0131n\u0131 s\u00fcrd\u00fcr\u00fcyor.<\/p>\n\n\n\n<h3 class=\"wp-block-heading\">Can Kayb\u0131 ve Deniz Kirlili\u011fi Yok<\/h3>\n\n\n\n<p class=\"wp-block-paragraph\">\u0130lk belirlemelere g\u00f6re olayda herhangi bir can kayb\u0131 veya yaralanma ya\u015fanmad\u0131. Ayr\u0131ca gemiden kaynakl\u0131 bir deniz kirlili\u011finin de tespit edilmedi\u011fi bildirildi. Yetkililer, \u00e7evresel risklere kar\u015f\u0131 b\u00f6lgenin s\u00fcrekli olarak kontrol alt\u0131nda tutuldu\u011funu a\u00e7\u0131klad\u0131.<\/p>\n\n\n\n<p class=\"wp-block-paragraph\">Karaya oturan geminin kurtar\u0131lmas\u0131na y\u00f6nelik \u00e7al\u0131\u015fmalar devam ederken, olay\u0131n nedenine ili\u015fkin teknik incelemenin ard\u0131ndan detayl\u0131 rapor haz\u0131rlanmas\u0131 bekleniyor.<\/p>\n\n\n\n<p class=\"wp-block-paragraph\">Tekirda\u011f, Ceyport Liman\u0131, REGALO Gemisi, Kuru Y\u00fck Gemisi, Sahil G\u00fcvenlik, K\u0131y\u0131 Emniyeti, Denizcilik, Ula\u015f\u0131m, Deniz Trafi\u011fi, Karaya Oturma, G\u00fcvenlik, Son Dakika, G\u00fcndem59<\/p>\n\n\n\n<hr class=\"wp-block-separator has-alpha-channel-opacity\"\/>\n\n\n\n<p class=\"wp-block-paragraph\">&#x1f449; <strong>T\u00fcrkiye g\u00fcndeminden en g\u00fcncel haberler i\u00e7in;<\/strong><\/p>\n\n\n\n<p class=\"wp-block-paragraph\">&#x1f310; <a href=\"http:\/\/www.gundem59.com.tr\/\">www.gundem59.com.tr<\/a><\/p>\n\n\n\n<p class=\"wp-block-paragraph\">&#x1f310; <a href=\"http:\/\/www.turkiyemhaber.com\/\">www.turkiyemhaber.com<\/a><\/p>\n\n\n\n<p class=\"wp-block-paragraph\">&#x1f310; <a href=\"http:\/\/www.gundem44.com.tr\/\">www.gundem44.com.tr<\/a><\/p>\n\n\n\n<p class=\"wp-block-paragraph\">&#x1f310; <a href=\"http:\/\/www.gundem34haber.com.tr\/\">www.gundem34haber.com.tr<\/a><\/p>\n\n\n\n<p class=\"wp-block-paragraph\">&#x1f310; <a href=\"http:\/\/www.saray59.com.tr\/\">www.saray59.com.tr<\/a><\/p>\n\n\n\n<p class=\"wp-block-paragraph\">&#x1f4fa; <a href=\"http:\/\/www.turkiyemhabertv.com\/\">www.turkiyemhabertv.com<\/a><\/p>\n\n\n\n<p class=\"wp-block-paragraph\">&#x1f4fb; <a href=\"http:\/\/www.turkiyemradyo.com\/\">www.turkiyemradyo.com<\/a><\/p>\n\n\n\n<p class=\"wp-block-paragraph\">&#x1f4f1; @gundem59__<\/p>\n\n\n\n<p class=\"wp-block-paragraph\">&#x1f4f1; @turkiyemhaber_tr<\/p>\n\n\n\n<p class=\"wp-block-paragraph\">#Tekirda\u011f #Ceyport #REGALO #Y\u00fckGemisi #Denizcilik #SahilG\u00fcvenlik #K\u0131y\u0131Emniyeti #Ula\u015f\u0131m #DenizTrafi\u011fi #SonDakika #G\u00fcndem59 #T\u00fcrkiyemHaber #G\u00fcndem44 #G\u00fcndem34Haber #Saray59 #T\u00fcrkiyemHaberTV #T\u00fcrkiyemRadyo<\/p>\n","protected":false},"excerpt":{"rendered":"<p>Tekirda\u011f a\u00e7\u0131klar\u0131nda y\u00fck almak \u00fczere bekleyen Sao Tome ve Principe bayrakl\u0131 REGALO isimli kuru y\u00fck&#8230;<\/p>\n","protected":false},"author":1,"featured_media":3133,"comment_status":"closed","ping_status":"closed","sticky":false,"template":"","format":"standard","meta":{"footnotes":""},"categories":[56],"tags":[],"ppma_author":[57],"class_list":["post-3132","post","type-post","status-publish","format-standard","has-post-thumbnail","hentry","category-guncel"],"authors":[{"term_id":57,"user_id":1,"is_guest":0,"slug":"admin","display_name":"Alp Aslan","avatar_url":"https:\/\/secure.gravatar.com\/avatar\/07c18c5ad3350b025db8f3328450e071acb435c703e565899c880c63362f137a?s=96&d=mm&r=g","author_category":"1","first_name":"Alp Aslan","last_name":"ER\u0130N","user_url":"http:\/\/www.gundem59.com.tr","job_title":"","description":""}],"_links":{"self":[{"href":"https:\/\/gundem59.com.tr\/index.php?rest_route=\/wp\/v2\/posts\/3132","targetHints":{"allow":["GET"]}}],"collection":[{"href":"https:\/\/gundem59.com.tr\/index.php?rest_route=\/wp\/v2\/posts"}],"about":[{"href":"https:\/\/gundem59.com.tr\/index.php?rest_route=\/wp\/v2\/types\/post"}],"author":[{"embeddable":true,"href":"https:\/\/gundem59.com.tr\/index.php?rest_route=\/wp\/v2\/users\/1"}],"replies":[{"embeddable":true,"href":"https:\/\/gundem59.com.tr\/index.php?rest_route=%2Fwp%2Fv2%2Fcomments&post=3132"}],"version-history":[{"count":1,"href":"https:\/\/gundem59.com.tr\/index.php?rest_route=\/wp\/v2\/posts\/3132\/revisions"}],"predecessor-version":[{"id":3135,"href":"https:\/\/gundem59.com.tr\/index.php?rest_route=\/wp\/v2\/posts\/3132\/revisions\/3135"}],"wp:featuredmedia":[{"embeddable":true,"href":"https:\/\/gundem59.com.tr\/index.php?rest_route=\/wp\/v2\/media\/3133"}],"wp:attachment":[{"href":"https:\/\/gundem59.com.tr\/index.php?rest_route=%2Fwp%2Fv2%2Fmedia&parent=3132"}],"wp:term":[{"taxonomy":"category","embeddable":true,"href":"https:\/\/gundem59.com.tr\/index.php?rest_route=%2Fwp%2Fv2%2Fcategories&post=3132"},{"taxonomy":"post_tag","embeddable":true,"href":"https:\/\/gundem59.com.tr\/index.php?rest_route=%2Fwp%2Fv2%2Ftags&post=3132"},{"taxonomy":"author","embeddable":true,"href":"https:\/\/gundem59.com.tr\/index.php?rest_route=%2Fwp%2Fv2%2Fppma_author&post=3132"}],"curies":[{"name":"wp","href":"https:\/\/api.w.org\/{rel}","templated":true}]}}