{"id":3129,"date":"2026-07-13T21:53:47","date_gmt":"2026-07-13T21:53:47","guid":{"rendered":"https:\/\/gundem59.com.tr\/?p=3129"},"modified":"2026-07-13T21:53:47","modified_gmt":"2026-07-13T21:53:47","slug":"15-temmuzda-tankin-ezdigi-arac-tekirdagda-sergileniyor","status":"publish","type":"post","link":"https:\/\/gundem59.com.tr\/?p=3129","title":{"rendered":"15 Temmuz&#8217;da Tank\u0131n Ezdi\u011fi Ara\u00e7 Tekirda\u011f&#8217;da Sergileniyor"},"content":{"rendered":"\n<p class=\"wp-block-paragraph\"><strong>FET\u00d6&#8217;n\u00fcn 15 Temmuz 2016&#8217;daki hain darbe giri\u015fimi s\u0131ras\u0131nda Ankara K\u0131z\u0131lay&#8217;da tank taraf\u0131ndan ezilen hafif ticari ara\u00e7, ya\u015fananlar\u0131 unutturmamak amac\u0131yla Tekirda\u011f&#8217;\u0131n S\u00fcleymanpa\u015fa il\u00e7esinde vatanda\u015flar\u0131n ziyaretine a\u00e7\u0131ld\u0131.<\/strong><\/p>\n\n\n\n<p class=\"wp-block-paragraph\">15 Temmuz Demokrasi ve Milli Birlik G\u00fcn\u00fc etkinlikleri kapsam\u0131nda S\u00fcleymanpa\u015fa&#8217;da sergilenen ara\u00e7, vatanda\u015flardan yo\u011fun ilgi g\u00f6r\u00fcyor. Darbe giri\u015fimi gecesinde tank\u0131n alt\u0131nda kalarak a\u011f\u0131r hasar g\u00f6ren ara\u00e7, ya\u015fanan olaylar\u0131n haf\u0131zalarda canl\u0131 tutulmas\u0131 amac\u0131yla meydanda sergilenmeye ba\u015fland\u0131.<\/p>\n\n\n\n<p class=\"wp-block-paragraph\">Sergi alan\u0131nda arac\u0131n \u00f6n\u00fcne yerle\u015ftirilen bilgilendirme panosunda, olay\u0131n detaylar\u0131na da yer verildi. Panodaki bilgilere g\u00f6re, ara\u00e7 sahibi Hikmet Harput, 15 Temmuz gecesi ablas\u0131 Eyl\u00fcl Karabul&#8217;den \u00f6d\u00fcn\u00e7 ald\u0131\u011f\u0131 hafif ticari ara\u00e7la Ankara K\u0131z\u0131lay&#8217;da seyir halindeyken darbeci askerlerin kulland\u0131\u011f\u0131 bir tankla kar\u015f\u0131la\u015ft\u0131.<\/p>\n\n\n\n<h3 class=\"wp-block-heading\">Tank\u0131n Namlusu Arac\u0131n \u0130\u00e7ine Girdi<\/h3>\n\n\n\n<p class=\"wp-block-paragraph\">Ya\u015fanan olayda tank\u0131n arac\u0131n \u00fczerine do\u011fru ilerledi\u011fini g\u00f6ren Hikmet Harput, son anda ara\u00e7tan inmeye \u00e7al\u0131\u015ft\u0131. Ancak tank\u0131n namlusu arac\u0131n \u00f6n cam\u0131n\u0131 delerek i\u00e7eri girdi. Harput saniyelerle \u00f6l\u00fcmden kurtulurken, tank arac\u0131 \u00f6n\u00fcne katarak s\u00fcr\u00fcklemeye devam etti.<\/p>\n\n\n\n<p class=\"wp-block-paragraph\">Olay s\u0131ras\u0131nda kolu k\u0131r\u0131lan Harput&#8217;un, o gece ya\u015fanan yo\u011funluk nedeniyle hastaneye dahi gidemedi\u011fi belirtildi. Saniyelik bir kararla hayatta kalan Harput&#8217;un kulland\u0131\u011f\u0131 ara\u00e7, darbe giri\u015fiminin sembollerinden biri olarak g\u00f6steriliyor.<\/p>\n\n\n\n<h3 class=\"wp-block-heading\">Foto\u011fraf Sergisi de A\u00e7\u0131ld\u0131<\/h3>\n\n\n\n<p class=\"wp-block-paragraph\">Tank\u0131n ezdi\u011fi arac\u0131n yan\u0131nda ayr\u0131ca 15 Temmuz gecesinde zarar g\u00f6ren ara\u00e7lar, kamu binalar\u0131 ve \u00e7e\u015fitli yap\u0131lar\u0131n foto\u011fraflar\u0131ndan olu\u015fan bir sergi de ziyaret\u00e7ilerin be\u011fenisine sunuldu.<\/p>\n\n\n\n<p class=\"wp-block-paragraph\">Sergide, darbe giri\u015fimi s\u0131ras\u0131nda ya\u015fanan olaylar\u0131 yans\u0131tan \u00e7ok say\u0131da foto\u011fraf yer al\u0131rken, vatanda\u015flar hem arac\u0131 hem de foto\u011fraf sergisini inceleyerek o gece ya\u015fananlar\u0131 bir kez daha hat\u0131rlama f\u0131rsat\u0131 buldu.<\/p>\n\n\n\n<p class=\"wp-block-paragraph\">Yetkililer, serginin 15 Temmuz Demokrasi ve Milli Birlik G\u00fcn\u00fc etkinlikleri kapsam\u0131nda belirli bir s\u00fcre boyunca vatanda\u015flar\u0131n ziyaretine a\u00e7\u0131k olaca\u011f\u0131n\u0131 belirtti.<\/p>\n\n\n\n<p class=\"wp-block-paragraph\">15 Temmuz, Demokrasi ve Milli Birlik G\u00fcn\u00fc, Tekirda\u011f, S\u00fcleymanpa\u015fa, FET\u00d6, Darbe Giri\u015fimi, Hikmet Harput, Ankara K\u0131z\u0131lay, Tank, Sergi, G\u00fcvenlik, Etkinlik, G\u00fcndem59<\/p>\n\n\n\n<hr class=\"wp-block-separator has-alpha-channel-opacity\"\/>\n\n\n\n<p class=\"wp-block-paragraph\">&#x1f449; <strong>T\u00fcrkiye g\u00fcndeminden en g\u00fcncel haberler i\u00e7in;<\/strong><\/p>\n\n\n\n<p class=\"wp-block-paragraph\">&#x1f310; <a href=\"http:\/\/www.gundem59.com.tr\/\">www.gundem59.com.tr<\/a><\/p>\n\n\n\n<p class=\"wp-block-paragraph\">&#x1f310; <a href=\"http:\/\/www.turkiyemhaber.com\/\">www.turkiyemhaber.com<\/a><\/p>\n\n\n\n<p class=\"wp-block-paragraph\">&#x1f310; <a href=\"http:\/\/www.gundem44.com.tr\/\">www.gundem44.com.tr<\/a><\/p>\n\n\n\n<p class=\"wp-block-paragraph\">&#x1f310; <a href=\"http:\/\/www.gundem34haber.com.tr\/\">www.gundem34haber.com.tr<\/a><\/p>\n\n\n\n<p class=\"wp-block-paragraph\">&#x1f310; <a href=\"http:\/\/www.saray59.com.tr\/\">www.saray59.com.tr<\/a><\/p>\n\n\n\n<p class=\"wp-block-paragraph\">&#x1f4fa; <a href=\"http:\/\/www.turkiyemhabertv.com\/\">www.turkiyemhabertv.com<\/a><\/p>\n\n\n\n<p class=\"wp-block-paragraph\">&#x1f4fb; <a href=\"http:\/\/www.turkiyemradyo.com\/\">www.turkiyemradyo.com<\/a><\/p>\n\n\n\n<p class=\"wp-block-paragraph\">&#x1f4f1; @gundem59__<\/p>\n\n\n\n<p class=\"wp-block-paragraph\">&#x1f4f1; @turkiyemhaber_tr<\/p>\n\n\n\n<p class=\"wp-block-paragraph\">#15Temmuz #DemokrasiVeMilliBirlikG\u00fcn\u00fc #Tekirda\u011f #S\u00fcleymanpa\u015fa #FET\u00d6 #DarbeGiri\u015fimi #Ankara #K\u0131z\u0131lay #Tank #Sergi #SonDakika #G\u00fcndem59 #T\u00fcrkiyemHaber #G\u00fcndem44 #G\u00fcndem34Haber #Saray59 #T\u00fcrkiyemHaberTV #T\u00fcrkiyemRadyo<\/p>\n\n\n\n<p class=\"wp-block-paragraph\"><\/p>\n","protected":false},"excerpt":{"rendered":"<p>FET\u00d6&#8217;n\u00fcn 15 Temmuz 2016&#8217;daki hain darbe giri\u015fimi s\u0131ras\u0131nda Ankara K\u0131z\u0131lay&#8217;da tank taraf\u0131ndan ezilen hafif ticari&#8230;<\/p>\n","protected":false},"author":1,"featured_media":3130,"comment_status":"closed","ping_status":"closed","sticky":false,"template":"","format":"standard","meta":{"footnotes":""},"categories":[56],"tags":[],"ppma_author":[57],"class_list":["post-3129","post","type-post","status-publish","format-standard","has-post-thumbnail","hentry","category-guncel"],"authors":[{"term_id":57,"user_id":1,"is_guest":0,"slug":"admin","display_name":"Alp Aslan","avatar_url":"https:\/\/secure.gravatar.com\/avatar\/07c18c5ad3350b025db8f3328450e071acb435c703e565899c880c63362f137a?s=96&d=mm&r=g","author_category":"1","first_name":"Alp Aslan","last_name":"ER\u0130N","user_url":"http:\/\/www.gundem59.com.tr","job_title":"","description":""}],"_links":{"self":[{"href":"https:\/\/gundem59.com.tr\/index.php?rest_route=\/wp\/v2\/posts\/3129","targetHints":{"allow":["GET"]}}],"collection":[{"href":"https:\/\/gundem59.com.tr\/index.php?rest_route=\/wp\/v2\/posts"}],"about":[{"href":"https:\/\/gundem59.com.tr\/index.php?rest_route=\/wp\/v2\/types\/post"}],"author":[{"embeddable":true,"href":"https:\/\/gundem59.com.tr\/index.php?rest_route=\/wp\/v2\/users\/1"}],"replies":[{"embeddable":true,"href":"https:\/\/gundem59.com.tr\/index.php?rest_route=%2Fwp%2Fv2%2Fcomments&post=3129"}],"version-history":[{"count":1,"href":"https:\/\/gundem59.com.tr\/index.php?rest_route=\/wp\/v2\/posts\/3129\/revisions"}],"predecessor-version":[{"id":3131,"href":"https:\/\/gundem59.com.tr\/index.php?rest_route=\/wp\/v2\/posts\/3129\/revisions\/3131"}],"wp:featuredmedia":[{"embeddable":true,"href":"https:\/\/gundem59.com.tr\/index.php?rest_route=\/wp\/v2\/media\/3130"}],"wp:attachment":[{"href":"https:\/\/gundem59.com.tr\/index.php?rest_route=%2Fwp%2Fv2%2Fmedia&parent=3129"}],"wp:term":[{"taxonomy":"category","embeddable":true,"href":"https:\/\/gundem59.com.tr\/index.php?rest_route=%2Fwp%2Fv2%2Fcategories&post=3129"},{"taxonomy":"post_tag","embeddable":true,"href":"https:\/\/gundem59.com.tr\/index.php?rest_route=%2Fwp%2Fv2%2Ftags&post=3129"},{"taxonomy":"author","embeddable":true,"href":"https:\/\/gundem59.com.tr\/index.php?rest_route=%2Fwp%2Fv2%2Fppma_author&post=3129"}],"curies":[{"name":"wp","href":"https:\/\/api.w.org\/{rel}","templated":true}]}}