{"id":3124,"date":"2026-07-13T21:41:16","date_gmt":"2026-07-13T21:41:16","guid":{"rendered":"https:\/\/gundem59.com.tr\/?p=3124"},"modified":"2026-07-13T21:44:04","modified_gmt":"2026-07-13T21:44:04","slug":"yabanci-plakali-arac-kullaniminda-yeni-donem-gurbetcilere-kolaylik-saglanacak","status":"publish","type":"post","link":"https:\/\/gundem59.com.tr\/?p=3124","title":{"rendered":"Yabanc\u0131 Plakal\u0131 Ara\u00e7 Kullan\u0131m\u0131nda Yeni D\u00f6nem: Gurbet\u00e7ilere Kolayl\u0131k Sa\u011flanacak"},"content":{"rendered":"\n<p class=\"wp-block-paragraph\"><strong>\u0130\u00e7i\u015fleri Bakan\u0131 Mustafa \u00c7ift\u00e7i, yabanc\u0131 plakal\u0131 ara\u00e7lar\u0131n kullan\u0131m\u0131na ili\u015fkin \u00f6nemli bir d\u00fczenlemeyi duyurdu. Yeni uygulamayla birlikte gurbet\u00e7i vatanda\u015flar\u0131n ya\u015fad\u0131\u011f\u0131 baz\u0131 ma\u011fduriyetlerin giderilmesi ve trafik g\u00fcvenli\u011finin art\u0131r\u0131lmas\u0131 hedefleniyor.<\/strong><\/p>\n\n\n\n<p class=\"wp-block-paragraph\">\u0130\u00e7i\u015fleri Bakanl\u0131\u011f\u0131 ile Ticaret Bakanl\u0131\u011f\u0131&#8217;n\u0131n ortak \u00e7al\u0131\u015fmas\u0131 sonucunda hayata ge\u00e7irilen yeni d\u00fczenleme kapsam\u0131nda, yabanc\u0131 plakal\u0131 ara\u00e7lar\u0131n kullan\u0131m \u015fartlar\u0131 geni\u015fletildi.<\/p>\n\n\n\n<p class=\"wp-block-paragraph\">Daha \u00f6nce yaln\u0131zca ara\u00e7 sahibinin kullanabildi\u011fi yabanc\u0131 plakal\u0131 ara\u00e7lar, belirli \u015fartlar\u0131n sa\u011flanmas\u0131 halinde art\u0131k aile bireyleri taraf\u0131ndan da kullan\u0131labilecek. Yeni uygulamaya g\u00f6re ara\u00e7 sahibinin T\u00fcrkiye&#8217;de bulunmas\u0131 \u015fart\u0131yla, yurt d\u0131\u015f\u0131nda ikamet eden e\u015fi, anne ve babas\u0131, b\u00fcy\u00fckanne ve b\u00fcy\u00fckbabas\u0131 ile \u00e7ocuklar\u0131 ve torunlar\u0131, ara\u00e7 sahibi ara\u00e7ta bulunmasa dahi arac\u0131 kullanabilecek.<\/p>\n\n\n\n<h3 class=\"wp-block-heading\">Altsoy ve \u00dcstsoy \u0130\u00e7in Yeni Hak<\/h3>\n\n\n\n<p class=\"wp-block-paragraph\">D\u00fczenleme ile \u00f6zellikle memleketlerine gelen gurbet\u00e7i vatanda\u015flar\u0131n uzun yolculuklarda ya\u015fad\u0131\u011f\u0131 s\u00fcr\u00fcc\u00fc de\u011fi\u015fikli\u011fi sorunlar\u0131n\u0131n \u00e7\u00f6z\u00fclmesi ama\u00e7lan\u0131yor. B\u00f6ylece ara\u00e7 sahibinin yak\u0131n aile bireyleri, gerekli \u015fartlar\u0131 ta\u015f\u0131mas\u0131 halinde arac\u0131 yasal olarak kullanabilecek.<\/p>\n\n\n\n<h3 class=\"wp-block-heading\">Kullan\u0131m Kapsam\u0131 Geni\u015fletildi<\/h3>\n\n\n\n<p class=\"wp-block-paragraph\">Yeni uygulama kapsam\u0131nda ara\u00e7 sahibinin ara\u00e7ta bulunmas\u0131 \u015fart\u0131yla, yurt d\u0131\u015f\u0131nda ikamet eden di\u011fer ki\u015filer de yabanc\u0131 plakal\u0131 arac\u0131 kullanabilecek. Ayr\u0131ca acil durumlarda ara\u00e7 sahibinin ara\u00e7ta bulunmas\u0131 kayd\u0131yla T\u00fcrkiye&#8217;de yerle\u015fik ki\u015filer de direksiyon ba\u015f\u0131na ge\u00e7ebilecek.<\/p>\n\n\n\n<h3 class=\"wp-block-heading\">Trafik G\u00fcvenli\u011fine Katk\u0131 Sa\u011flamas\u0131 Bekleniyor<\/h3>\n\n\n\n<p class=\"wp-block-paragraph\">Yetkililer, d\u00fczenlemenin \u00f6zellikle uzun yolculuklarda s\u00fcr\u00fcc\u00fc yorgunlu\u011funu azaltaca\u011f\u0131n\u0131, s\u00fcr\u00fcc\u00fc de\u011fi\u015fikli\u011fini kolayla\u015ft\u0131raca\u011f\u0131n\u0131 ve trafik g\u00fcvenli\u011fine olumlu katk\u0131 sa\u011flayaca\u011f\u0131n\u0131 belirtiyor.<\/p>\n\n\n\n<p class=\"wp-block-paragraph\">Yeni uygulamayla birlikte yabanc\u0131 plakal\u0131 ara\u00e7 sahiplerinin kar\u015f\u0131la\u015ft\u0131\u011f\u0131 idari para cezas\u0131, ara\u00e7 ba\u011flama ve kullan\u0131m k\u0131s\u0131tlamalar\u0131ndan kaynaklanan sorunlar\u0131n da b\u00fcy\u00fck \u00f6l\u00e7\u00fcde azalt\u0131lmas\u0131 hedefleniyor.<\/p>\n\n\n\n<p class=\"wp-block-paragraph\">Yabanc\u0131 Plakal\u0131 Ara\u00e7, Gurbet\u00e7i, \u0130\u00e7i\u015fleri Bakanl\u0131\u011f\u0131, Ticaret Bakanl\u0131\u011f\u0131, Trafik G\u00fcvenli\u011fi, Ula\u015f\u0131m, T\u00fcrkiye, Son Dakika, G\u00fcndem, Ya\u015fam<\/p>\n\n\n\n<hr class=\"wp-block-separator has-alpha-channel-opacity\"\/>\n\n\n\n<p class=\"wp-block-paragraph\">&#x1f449; <strong>T\u00fcrkiye g\u00fcndeminden en g\u00fcncel haberler i\u00e7in;<\/strong><\/p>\n\n\n\n<p class=\"wp-block-paragraph\">&#x1f310; <a href=\"http:\/\/www.gundem59.com.tr\/\">www.gundem59.com.tr<\/a><\/p>\n\n\n\n<p class=\"wp-block-paragraph\">&#x1f310; <a href=\"http:\/\/www.turkiyemhaber.com\/\">www.turkiyemhaber.com<\/a><\/p>\n\n\n\n<p class=\"wp-block-paragraph\">&#x1f310; <a href=\"http:\/\/www.gundem44.com.tr\/\">www.gundem44.com.tr<\/a><\/p>\n\n\n\n<p class=\"wp-block-paragraph\">&#x1f310; <a href=\"http:\/\/www.gundem34haber.com.tr\/\">www.gundem34haber.com.tr<\/a><\/p>\n\n\n\n<p class=\"wp-block-paragraph\">&#x1f310; <a href=\"http:\/\/www.saray59.com.tr\/\">www.saray59.com.tr<\/a><\/p>\n\n\n\n<p class=\"wp-block-paragraph\">&#x1f4fa; <a href=\"http:\/\/www.turkiyemhabertv.com\/\">www.turkiyemhabertv.com<\/a><\/p>\n\n\n\n<p class=\"wp-block-paragraph\">&#x1f4fb; <a href=\"http:\/\/www.turkiyemradyo.com\/\">www.turkiyemradyo.com<\/a><\/p>\n\n\n\n<p class=\"wp-block-paragraph\">&#x1f4f1; @gundem59__<\/p>\n\n\n\n<p class=\"wp-block-paragraph\">&#x1f4f1; @turkiyemhaber_tr<\/p>\n\n\n\n<p class=\"wp-block-paragraph\">#Yabanc\u0131Plakal\u0131Ara\u00e7 #Gurbet\u00e7i #Trafik #Ula\u015f\u0131m #T\u00fcrkiye #\u0130\u00e7i\u015fleriBakanl\u0131\u011f\u0131 #SonDakika #G\u00fcndem #Ya\u015fam #G\u00fcndem59 #T\u00fcrkiyemHaber #G\u00fcndem44 #G\u00fcndem34Haber #Saray59 #T\u00fcrkiyemHaberTV #T\u00fcrkiyemRadyo<\/p>\n","protected":false},"excerpt":{"rendered":"<p>\u0130\u00e7i\u015fleri Bakan\u0131 Mustafa \u00c7ift\u00e7i, yabanc\u0131 plakal\u0131 ara\u00e7lar\u0131n kullan\u0131m\u0131na ili\u015fkin \u00f6nemli bir d\u00fczenlemeyi duyurdu. Yeni uygulamayla&#8230;<\/p>\n","protected":false},"author":1,"featured_media":3125,"comment_status":"closed","ping_status":"closed","sticky":false,"template":"","format":"standard","meta":{"footnotes":""},"categories":[30],"tags":[],"ppma_author":[57],"class_list":["post-3124","post","type-post","status-publish","format-standard","has-post-thumbnail","hentry","category-ulusal-gundem"],"authors":[{"term_id":57,"user_id":1,"is_guest":0,"slug":"admin","display_name":"Alp Aslan","avatar_url":"https:\/\/secure.gravatar.com\/avatar\/07c18c5ad3350b025db8f3328450e071acb435c703e565899c880c63362f137a?s=96&d=mm&r=g","author_category":"1","first_name":"Alp Aslan","last_name":"ER\u0130N","user_url":"http:\/\/www.gundem59.com.tr","job_title":"","description":""}],"_links":{"self":[{"href":"https:\/\/gundem59.com.tr\/index.php?rest_route=\/wp\/v2\/posts\/3124","targetHints":{"allow":["GET"]}}],"collection":[{"href":"https:\/\/gundem59.com.tr\/index.php?rest_route=\/wp\/v2\/posts"}],"about":[{"href":"https:\/\/gundem59.com.tr\/index.php?rest_route=\/wp\/v2\/types\/post"}],"author":[{"embeddable":true,"href":"https:\/\/gundem59.com.tr\/index.php?rest_route=\/wp\/v2\/users\/1"}],"replies":[{"embeddable":true,"href":"https:\/\/gundem59.com.tr\/index.php?rest_route=%2Fwp%2Fv2%2Fcomments&post=3124"}],"version-history":[{"count":2,"href":"https:\/\/gundem59.com.tr\/index.php?rest_route=\/wp\/v2\/posts\/3124\/revisions"}],"predecessor-version":[{"id":3128,"href":"https:\/\/gundem59.com.tr\/index.php?rest_route=\/wp\/v2\/posts\/3124\/revisions\/3128"}],"wp:featuredmedia":[{"embeddable":true,"href":"https:\/\/gundem59.com.tr\/index.php?rest_route=\/wp\/v2\/media\/3125"}],"wp:attachment":[{"href":"https:\/\/gundem59.com.tr\/index.php?rest_route=%2Fwp%2Fv2%2Fmedia&parent=3124"}],"wp:term":[{"taxonomy":"category","embeddable":true,"href":"https:\/\/gundem59.com.tr\/index.php?rest_route=%2Fwp%2Fv2%2Fcategories&post=3124"},{"taxonomy":"post_tag","embeddable":true,"href":"https:\/\/gundem59.com.tr\/index.php?rest_route=%2Fwp%2Fv2%2Ftags&post=3124"},{"taxonomy":"author","embeddable":true,"href":"https:\/\/gundem59.com.tr\/index.php?rest_route=%2Fwp%2Fv2%2Fppma_author&post=3124"}],"curies":[{"name":"wp","href":"https:\/\/api.w.org\/{rel}","templated":true}]}}