{"id":3119,"date":"2026-07-13T21:36:07","date_gmt":"2026-07-13T21:36:07","guid":{"rendered":"https:\/\/gundem59.com.tr\/?p=3119"},"modified":"2026-07-13T21:36:07","modified_gmt":"2026-07-13T21:36:07","slug":"ibb-calisanlarindan-sarachanede-eylem-haklarimizi-geri-verin","status":"publish","type":"post","link":"https:\/\/gundem59.com.tr\/?p=3119","title":{"rendered":"\u0130BB \u00c7al\u0131\u015fanlar\u0131ndan Sara\u00e7hane&#8217;de Eylem: &#8220;Haklar\u0131m\u0131z\u0131 Geri Verin&#8221;"},"content":{"rendered":"\n<p class=\"wp-block-paragraph\"><strong>\u0130stanbul B\u00fcy\u00fck\u015fehir Belediyesi&#8217;nin (\u0130BB) itfaiye, zab\u0131ta ve yol bak\u0131m gibi kritik birimlerinde g\u00f6rev yapan kamu emek\u00e7ileri, sosyal denge s\u00f6zle\u015fmesi taleplerinin kar\u015f\u0131lanmad\u0131\u011f\u0131 gerek\u00e7esiyle Sara\u00e7hane&#8217;deki \u0130BB Ba\u015fkanl\u0131k Binas\u0131 \u00f6n\u00fcnde eylem d\u00fczenledi. T\u00fcm Yerel-Sen \u00fcyeleri, ikramiye ve toplu s\u00f6zle\u015fme haklar\u0131n\u0131n verilmesini talep etti.<\/strong><\/p>\n\n\n\n<p class=\"wp-block-paragraph\">Birle\u015fik Kamu-\u0130\u015f Konfederasyonu&#8217;na ba\u011fl\u0131 T\u00fcm Yerel Y\u00f6netim \u00c7al\u0131\u015fanlar\u0131 Sendikas\u0131 (T\u00fcm Yerel-Sen) \u00fcyesi \u0130BB \u00e7al\u0131\u015fanlar\u0131, sosyal denge s\u00f6zle\u015fmesinde taleplerinin kar\u015f\u0131lanmad\u0131\u011f\u0131n\u0131 belirterek Sara\u00e7hane&#8217;de bir araya geldi.<\/p>\n\n\n\n<figure class=\"wp-block-image size-full\"><img  title=\"\" loading=\"lazy\" decoding=\"async\" width=\"640\" height=\"360\" src=\"https:\/\/gundem59.com.tr\/wp-content\/uploads\/2026\/07\/ibb-calisanlarindan-sarachaned-20047813-8212_1_m.webp\"  alt=\"ibb-calisanlarindan-sarachaned-20047813-8212_1_m \u0130BB \u00c7al\u0131\u015fanlar\u0131ndan Sara\u00e7hane&#039;de Eylem: &quot;Haklar\u0131m\u0131z\u0131 Geri Verin&quot;\"  class=\"wp-image-3121\" srcset=\"https:\/\/gundem59.com.tr\/wp-content\/uploads\/2026\/07\/ibb-calisanlarindan-sarachaned-20047813-8212_1_m.webp 640w, https:\/\/gundem59.com.tr\/wp-content\/uploads\/2026\/07\/ibb-calisanlarindan-sarachaned-20047813-8212_1_m-300x169.webp 300w\" sizes=\"auto, (max-width: 640px) 100vw, 640px\" \/><\/figure>\n\n\n\n<h3 class=\"wp-block-heading\">Pankart A\u00e7\u0131p Slogan Att\u0131lar<\/h3>\n\n\n\n<p class=\"wp-block-paragraph\">\u0130BB Ba\u015fkanl\u0131k Binas\u0131 \u00f6n\u00fcnde toplanan grup, &#8220;Emek\u00e7iyi oyalamay\u0131n, haklar\u0131m\u0131z\u0131 geri verin&#8221; yaz\u0131l\u0131 pankart a\u00e7arak sloganlar att\u0131. Eyleme kat\u0131lan \u00e7al\u0131\u015fanlar, toplu s\u00f6zle\u015fme haklar\u0131n\u0131n ve ikramiyelerinin verilmesini istedi.<\/p>\n\n\n\n<h3 class=\"wp-block-heading\">&#8220;32 Y\u0131l Sonra Yetkili Sendika Olduk&#8221;<\/h3>\n\n\n\n<p class=\"wp-block-paragraph\">Grup ad\u0131na a\u00e7\u0131klama yapan T\u00fcm Yerel-Sen Genel Ba\u015fkan\u0131 Sezgin Sevin\u00e7, sendikan\u0131n 32 y\u0131l sonra yetkili sendika olmas\u0131n\u0131n gururunu ya\u015fad\u0131klar\u0131n\u0131 belirterek \u00e7al\u0131\u015fanlar\u0131n haklar\u0131n\u0131 savunmaya devam edeceklerini s\u00f6yledi.<\/p>\n\n\n\n<p class=\"wp-block-paragraph\">Sevin\u00e7, a\u00e7\u0131klamas\u0131nda \u015fu ifadelere yer verdi:<\/p>\n\n\n\n<blockquote class=\"wp-block-quote is-layout-flow wp-block-quote-is-layout-flow\">\n<p class=\"wp-block-paragraph\">&#8220;Bug\u00fcn burada yaln\u0131zca sosyal denge s\u00f6zle\u015fmesini konu\u015fmak i\u00e7in de\u011fil, \u00e7ocuklar\u0131m\u0131z\u0131n gelece\u011fine sahip \u00e7\u0131kmak i\u00e7in topland\u0131k. 32 y\u0131l sonra bizleri yetkili k\u0131lan t\u00fcm emek\u00e7ilere te\u015fekk\u00fcr ediyoruz. \u0130stanbul B\u00fcy\u00fck\u015fehir Belediyesi kamu emek\u00e7ilerinin hak etti\u011fi haklar\u0131 hep beraber alaca\u011f\u0131z.&#8221;<\/p>\n<\/blockquote>\n\n\n\n<h3 class=\"wp-block-heading\">&#8220;\u0130kramiyelerimiz Verilmiyor&#8221;<\/h3>\n\n\n\n<p class=\"wp-block-paragraph\">Taleplerinin makul ve ger\u00e7ek\u00e7i oldu\u011funu ifade eden Sevin\u00e7, sosyal denge s\u00f6zle\u015fmesi ve ikramiyelerin \u00e7e\u015fitli gerek\u00e7elerle geciktirildi\u011fini \u00f6ne s\u00fcrd\u00fc.<\/p>\n\n\n\n<blockquote class=\"wp-block-quote is-layout-flow wp-block-quote-is-layout-flow\">\n<p class=\"wp-block-paragraph\">&#8220;Her defas\u0131nda zimmet ve soru\u015fturma bahaneleriyle hakk\u0131m\u0131z olan toplu i\u015f s\u00f6zle\u015fmemiz ve ikramiyelerimiz verilmemekte, s\u00fcmenalt\u0131 edilmektedir. T\u00fcrkiye&#8217;nin en b\u00fcy\u00fck belediyesinin zimmet ve yarg\u0131 bahanelerinin arkas\u0131na saklanmas\u0131n\u0131 kabul etmiyoruz.&#8221;<\/p>\n<\/blockquote>\n\n\n\n<figure class=\"wp-block-image size-full\"><img  title=\"\" loading=\"lazy\" decoding=\"async\" width=\"735\" height=\"490\" src=\"https:\/\/gundem59.com.tr\/wp-content\/uploads\/2026\/07\/ibb-calisanlari-verilmeyen-haklarinedeyile-sarachanede-eylem-yapti_20047813_26.jpg\"  alt=\"ibb-calisanlari-verilmeyen-haklarinedeyile-sarachanede-eylem-yapti_20047813_26 \u0130BB \u00c7al\u0131\u015fanlar\u0131ndan Sara\u00e7hane&#039;de Eylem: &quot;Haklar\u0131m\u0131z\u0131 Geri Verin&quot;\"  class=\"wp-image-3122\" srcset=\"https:\/\/gundem59.com.tr\/wp-content\/uploads\/2026\/07\/ibb-calisanlari-verilmeyen-haklarinedeyile-sarachanede-eylem-yapti_20047813_26.jpg 735w, https:\/\/gundem59.com.tr\/wp-content\/uploads\/2026\/07\/ibb-calisanlari-verilmeyen-haklarinedeyile-sarachanede-eylem-yapti_20047813_26-300x200.jpg 300w\" sizes=\"auto, (max-width: 735px) 100vw, 735px\" \/><\/figure>\n\n\n\n<h3 class=\"wp-block-heading\">&#8220;Afetlerde \u0130lk Biz G\u00f6rev Al\u0131yoruz&#8221;<\/h3>\n\n\n\n<p class=\"wp-block-paragraph\">\u0130BB \u00e7al\u0131\u015fanlar\u0131n\u0131n yaln\u0131zca \u0130stanbul&#8217;a de\u011fil, T\u00fcrkiye&#8217;nin d\u00f6rt bir yan\u0131nda ya\u015fanan afetlerde de g\u00f6rev yapt\u0131\u011f\u0131n\u0131 belirten Sevin\u00e7, farkl\u0131 illerdeki belediye \u00e7al\u0131\u015fanlar\u0131na g\u00f6re daha d\u00fc\u015f\u00fck s\u00f6zle\u015fme ko\u015fullar\u0131na mahk\u00fbm edilmek istemediklerini s\u00f6yledi.<\/p>\n\n\n\n<blockquote class=\"wp-block-quote is-layout-flow wp-block-quote-is-layout-flow\">\n<p class=\"wp-block-paragraph\">&#8220;Depremde, selde, yang\u0131nda ilk yola \u00e7\u0131kan ekipler bizleriz. Enkaz ba\u015f\u0131nda, alevlerin i\u00e7inde, uykusuz gecelerde g\u00f6rev yapan emek\u00e7iler olarak yard\u0131ma gitti\u011fimiz illerden daha d\u00fc\u015f\u00fck toplu i\u015f s\u00f6zle\u015fmesini kabul etmiyoruz.&#8221;<\/p>\n<\/blockquote>\n\n\n\n<h3 class=\"wp-block-heading\">&#8220;Haklar\u0131m\u0131z\u0131 Alana Kadar M\u00fccadele S\u00fcrecek&#8221;<\/h3>\n\n\n\n<p class=\"wp-block-paragraph\">A\u00e7\u0131klaman\u0131n sonunda \u00e7al\u0131\u015fanlar\u0131n haklar\u0131n\u0131 alana kadar m\u00fccadeleyi s\u00fcrd\u00fcreceklerini belirten Sevin\u00e7, sosyal denge s\u00f6zle\u015fmesi ve ikramiye taleplerinin kar\u015f\u0131lanmas\u0131 \u00e7a\u011fr\u0131s\u0131nda bulundu.<\/p>\n\n\n\n<p class=\"wp-block-paragraph\">Eylem olays\u0131z \u015fekilde sona ererken, sendika temsilcileri taleplerinin kar\u015f\u0131lanmamas\u0131 halinde yeni eylem ve etkinliklerin g\u00fcndeme gelebilece\u011fini ifade etti.<\/p>\n\n\n\n<p class=\"wp-block-paragraph\"><strong>Etiketler:<\/strong> \u0130BB, \u0130stanbul B\u00fcy\u00fck\u015fehir Belediyesi, Sara\u00e7hane, T\u00fcm Yerel-Sen, Sezgin Sevin\u00e7, Kamu Emek\u00e7ileri, Sendika, Sosyal Denge S\u00f6zle\u015fmesi, \u0130kramiye, Toplu S\u00f6zle\u015fme, \u0130stanbul, G\u00fcndem, Son Dakika<\/p>\n\n\n\n<hr class=\"wp-block-separator has-alpha-channel-opacity\"\/>\n\n\n\n<p class=\"wp-block-paragraph\">&#x1f449; <strong>T\u00fcrkiye g\u00fcndeminden en g\u00fcncel haberler i\u00e7in;<\/strong><\/p>\n\n\n\n<p class=\"wp-block-paragraph\">&#x1f310; <a href=\"http:\/\/www.gundem59.com.tr\/\">www.gundem59.com.tr<\/a><\/p>\n\n\n\n<p class=\"wp-block-paragraph\">&#x1f310; <a href=\"http:\/\/www.turkiyemhaber.com\/\">www.turkiyemhaber.com<\/a><\/p>\n\n\n\n<p class=\"wp-block-paragraph\">&#x1f310; <a href=\"http:\/\/www.gundem44.com.tr\/\">www.gundem44.com.tr<\/a><\/p>\n\n\n\n<p class=\"wp-block-paragraph\">&#x1f310; <a href=\"http:\/\/www.gundem34haber.com.tr\/\">www.gundem34haber.com.tr<\/a><\/p>\n\n\n\n<p class=\"wp-block-paragraph\">&#x1f310; <a href=\"http:\/\/www.saray59.com.tr\/\">www.saray59.com.tr<\/a><\/p>\n\n\n\n<p class=\"wp-block-paragraph\">&#x1f4fa; <a href=\"http:\/\/www.turkiyemhabertv.com\/\">www.turkiyemhabertv.com<\/a><\/p>\n\n\n\n<p class=\"wp-block-paragraph\">&#x1f4fb; <a href=\"http:\/\/www.turkiyemradyo.com\/\">www.turkiyemradyo.com<\/a><\/p>\n\n\n\n<p class=\"wp-block-paragraph\">&#x1f4f1; @gundem59__<\/p>\n\n\n\n<p class=\"wp-block-paragraph\">&#x1f4f1; @turkiyemhaber_tr<\/p>\n\n\n\n<p class=\"wp-block-paragraph\">#\u0130BB #Sara\u00e7hane #\u0130stanbul #T\u00fcmYerelSen #SezginSevin\u00e7 #KamuEmek\u00e7ileri #Sendika #TopluS\u00f6zle\u015fme #\u0130kramiye #\u0130stanbulB\u00fcy\u00fck\u015fehirBelediyesi #SonDakika #G\u00fcndem #T\u00fcrkiye #G\u00fcndem59 #T\u00fcrkiyemHaber #G\u00fcndem44 #G\u00fcndem34Haber #Saray59 #T\u00fcrkiyemHaberTV #T\u00fcrkiyemRadyo<\/p>\n","protected":false},"excerpt":{"rendered":"<p>\u0130stanbul B\u00fcy\u00fck\u015fehir Belediyesi&#8217;nin (\u0130BB) itfaiye, zab\u0131ta ve yol bak\u0131m gibi kritik birimlerinde g\u00f6rev yapan kamu&#8230;<\/p>\n","protected":false},"author":1,"featured_media":3120,"comment_status":"closed","ping_status":"closed","sticky":false,"template":"","format":"standard","meta":{"footnotes":""},"categories":[30],"tags":[],"ppma_author":[57],"class_list":["post-3119","post","type-post","status-publish","format-standard","has-post-thumbnail","hentry","category-ulusal-gundem"],"authors":[{"term_id":57,"user_id":1,"is_guest":0,"slug":"admin","display_name":"Alp Aslan","avatar_url":"https:\/\/secure.gravatar.com\/avatar\/07c18c5ad3350b025db8f3328450e071acb435c703e565899c880c63362f137a?s=96&d=mm&r=g","author_category":"1","first_name":"Alp Aslan","last_name":"ER\u0130N","user_url":"http:\/\/www.gundem59.com.tr","job_title":"","description":""}],"_links":{"self":[{"href":"https:\/\/gundem59.com.tr\/index.php?rest_route=\/wp\/v2\/posts\/3119","targetHints":{"allow":["GET"]}}],"collection":[{"href":"https:\/\/gundem59.com.tr\/index.php?rest_route=\/wp\/v2\/posts"}],"about":[{"href":"https:\/\/gundem59.com.tr\/index.php?rest_route=\/wp\/v2\/types\/post"}],"author":[{"embeddable":true,"href":"https:\/\/gundem59.com.tr\/index.php?rest_route=\/wp\/v2\/users\/1"}],"replies":[{"embeddable":true,"href":"https:\/\/gundem59.com.tr\/index.php?rest_route=%2Fwp%2Fv2%2Fcomments&post=3119"}],"version-history":[{"count":1,"href":"https:\/\/gundem59.com.tr\/index.php?rest_route=\/wp\/v2\/posts\/3119\/revisions"}],"predecessor-version":[{"id":3123,"href":"https:\/\/gundem59.com.tr\/index.php?rest_route=\/wp\/v2\/posts\/3119\/revisions\/3123"}],"wp:featuredmedia":[{"embeddable":true,"href":"https:\/\/gundem59.com.tr\/index.php?rest_route=\/wp\/v2\/media\/3120"}],"wp:attachment":[{"href":"https:\/\/gundem59.com.tr\/index.php?rest_route=%2Fwp%2Fv2%2Fmedia&parent=3119"}],"wp:term":[{"taxonomy":"category","embeddable":true,"href":"https:\/\/gundem59.com.tr\/index.php?rest_route=%2Fwp%2Fv2%2Fcategories&post=3119"},{"taxonomy":"post_tag","embeddable":true,"href":"https:\/\/gundem59.com.tr\/index.php?rest_route=%2Fwp%2Fv2%2Ftags&post=3119"},{"taxonomy":"author","embeddable":true,"href":"https:\/\/gundem59.com.tr\/index.php?rest_route=%2Fwp%2Fv2%2Fppma_author&post=3119"}],"curies":[{"name":"wp","href":"https:\/\/api.w.org\/{rel}","templated":true}]}}