{"id":3116,"date":"2026-07-13T21:31:17","date_gmt":"2026-07-13T21:31:17","guid":{"rendered":"https:\/\/gundem59.com.tr\/?p=3116"},"modified":"2026-07-13T21:31:17","modified_gmt":"2026-07-13T21:31:17","slug":"kilicdaroglundan-haluk-levent-yorumu-gercekten-cok-sasirdim","status":"publish","type":"post","link":"https:\/\/gundem59.com.tr\/?p=3116","title":{"rendered":"K\u0131l\u0131\u00e7daro\u011flu&#8217;ndan Haluk Levent Yorumu: &#8220;Ger\u00e7ekten \u00c7ok \u015ea\u015f\u0131rd\u0131m&#8221;"},"content":{"rendered":"\n<p class=\"wp-block-paragraph\"><strong>CHP Genel Ba\u015fkan\u0131 Kemal K\u0131l\u0131\u00e7daro\u011flu, Ahbap Derne\u011fi&#8217;ne y\u00f6nelik y\u00fcr\u00fct\u00fclen soru\u015fturma kapsam\u0131nda Haluk Levent&#8217;in g\u00f6zalt\u0131na al\u0131nmas\u0131na ili\u015fkin ilk de\u011ferlendirmesini yapt\u0131. K\u0131l\u0131\u00e7daro\u011flu, ya\u015fanan geli\u015fmeler kar\u015f\u0131s\u0131nda \u015fa\u015fk\u0131nl\u0131\u011f\u0131n\u0131 dile getirerek, &#8220;Haluk Levent ve Ahbap\u2019a \u00e7ok \u015fa\u015f\u0131rd\u0131m&#8221; ifadelerini kulland\u0131.<\/strong><\/p>\n\n\n\n<p class=\"wp-block-paragraph\">CHP Genel Ba\u015fkan\u0131 Kemal K\u0131l\u0131\u00e7daro\u011flu, kat\u0131ld\u0131\u011f\u0131 televizyon program\u0131nda g\u00fcndeme ili\u015fkin a\u00e7\u0131klamalarda bulunurken, Ahbap Derne\u011fi&#8217;ne y\u00f6nelik soru\u015fturma kapsam\u0131nda Haluk Levent&#8217;in g\u00f6zalt\u0131na al\u0131nmas\u0131yla ilgili de de\u011ferlendirmelerde bulundu.<\/p>\n\n\n\n<p class=\"wp-block-paragraph\">Kahramanmara\u015f merkezli depremlerin ard\u0131ndan Ahbap Derne\u011fi&#8217;nin y\u00fcr\u00fctt\u00fc\u011f\u00fc yard\u0131m faaliyetlerini hat\u0131rlatan K\u0131l\u0131\u00e7daro\u011flu, ya\u015fanan geli\u015fmeler kar\u015f\u0131s\u0131nda \u015fa\u015fk\u0131nl\u0131k duydu\u011funu belirtti.<\/p>\n\n\n\n<h3 class=\"wp-block-heading\">&#8220;Deprem D\u00f6neminde \u0130nsanlar Yard\u0131mlar\u0131n\u0131 Ahbap&#8217;a Verdi&#8221;<\/h3>\n\n\n\n<p class=\"wp-block-paragraph\">tv100 canl\u0131 yay\u0131n\u0131nda konu\u015fan K\u0131l\u0131\u00e7daro\u011flu, deprem d\u00f6neminde vatanda\u015flar\u0131n yard\u0131m konusunda Ahbap Derne\u011fi&#8217;ne duydu\u011fu g\u00fcvene dikkat \u00e7ekerek \u015fu ifadeleri kulland\u0131:<\/p>\n\n\n\n<blockquote class=\"wp-block-quote is-layout-flow wp-block-quote-is-layout-flow\">\n<p class=\"wp-block-paragraph\">&#8220;Haluk Levent ve Ahbap\u2019a \u00e7ok \u015fa\u015f\u0131rd\u0131m. Ger\u00e7ekten \u015fa\u015f\u0131rd\u0131m. Deprem s\u0131ras\u0131nda \u00e7\u0131kt\u0131, insanlar K\u0131z\u0131lay\u2019a vermedi. G\u00f6t\u00fcrd\u00fc ona verdi. Ar\u0131nma dedi\u011fim i\u015fte bu. Sadece CHP\u2019de de\u011fil. T\u00fcrkiye\u2019nin genelinde, b\u00fcrokraside ar\u0131nma olmal\u0131.&#8221;<\/p>\n<\/blockquote>\n\n\n\n<h3 class=\"wp-block-heading\">&#8220;T\u00fcrkiye Genelinde Ar\u0131nma Olmal\u0131&#8221;<\/h3>\n\n\n\n<p class=\"wp-block-paragraph\">K\u0131l\u0131\u00e7daro\u011flu, a\u00e7\u0131klamas\u0131nda yaln\u0131zca siyasi partilerde de\u011fil, kamu kurumlar\u0131 ve b\u00fcrokraside de \u015feffafl\u0131k ve hesap verebilirlik anlay\u0131\u015f\u0131n\u0131n g\u00fc\u00e7lendirilmesi gerekti\u011fini savundu. Ya\u015fanan geli\u015fmelerin kamuoyunda olu\u015fturdu\u011fu soru i\u015faretlerinin a\u00e7\u0131kl\u0131\u011fa kavu\u015fturulmas\u0131n\u0131n \u00f6nemine vurgu yapan K\u0131l\u0131\u00e7daro\u011flu, s\u00fcrecin hukuki \u00e7er\u00e7evede y\u00fcr\u00fct\u00fclmesi gerekti\u011fini ifade etti.<\/p>\n\n\n\n<p class=\"wp-block-paragraph\">Ahbap Derne\u011fi&#8217;ne y\u00f6nelik soru\u015fturma ve g\u00f6zalt\u0131 s\u00fcrecine ili\u015fkin geli\u015fmeler kamuoyu taraf\u0131ndan yak\u0131ndan takip edilirken, soru\u015fturman\u0131n seyrine ili\u015fkin resmi a\u00e7\u0131klamalar\u0131n \u00f6n\u00fcm\u00fczdeki g\u00fcnlerde netle\u015fmesi bekleniyor.<\/p>\n\n\n\n<p class=\"wp-block-paragraph\"><strong>Etiketler:<\/strong> Kemal K\u0131l\u0131\u00e7daro\u011flu, Haluk Levent, Ahbap, CHP, Kahramanmara\u015f Depremleri, K\u0131z\u0131lay, Politika, T\u00fcrkiye, G\u00fcndem, Son Dakika<\/p>\n\n\n\n<hr class=\"wp-block-separator has-alpha-channel-opacity\"\/>\n\n\n\n<p class=\"wp-block-paragraph\">&#x1f449; <strong>T\u00fcrkiye g\u00fcndeminden en g\u00fcncel haberler i\u00e7in;<\/strong><\/p>\n\n\n\n<p class=\"wp-block-paragraph\"><a href=\"http:\/\/www.gundem59.com.tr\/\">www.gundem59.com.tr<\/a><\/p>\n\n\n\n<p class=\"wp-block-paragraph\"><a href=\"http:\/\/www.turkiyemhaber.com\/\">www.turkiyemhaber.com<\/a><\/p>\n\n\n\n<p class=\"wp-block-paragraph\"><a href=\"http:\/\/www.gundem44.com.tr\/\">www.gundem44.com.tr<\/a><\/p>\n\n\n\n<p class=\"wp-block-paragraph\"><a href=\"http:\/\/www.gundem34haber.com.tr\/\">www.gundem34haber.com.tr<\/a><\/p>\n\n\n\n<p class=\"wp-block-paragraph\"><a href=\"http:\/\/www.saray59.com.tr\/\">www.saray59.com.tr<\/a><\/p>\n\n\n\n<p class=\"wp-block-paragraph\"><a href=\"http:\/\/www.turkiyemhabertv.com\/\">www.turkiyemhabertv.com<\/a><\/p>\n\n\n\n<p class=\"wp-block-paragraph\"><a href=\"http:\/\/www.turkiyemradyo.com\/\">www.turkiyemradyo.com<\/a><\/p>\n\n\n\n<p class=\"wp-block-paragraph\">@gundem59__<\/p>\n\n\n\n<p class=\"wp-block-paragraph\">@turkiyemhaber_tr<\/p>\n\n\n\n<p class=\"wp-block-paragraph\">#KemalK\u0131l\u0131\u00e7daro\u011flu #HalukLevent #Ahbap #CHP #K\u0131z\u0131lay #Deprem #Kahramanmara\u015f #Politika #T\u00fcrkiye #G\u00fcndem #SonDakika #G\u00fcndem59 #T\u00fcrkiyemHaber #G\u00fcndem44 #G\u00fcndem34Haber #Saray59 #T\u00fcrkiyemHaberTV #T\u00fcrkiyemRadyo<\/p>\n","protected":false},"excerpt":{"rendered":"<p>CHP Genel Ba\u015fkan\u0131 Kemal K\u0131l\u0131\u00e7daro\u011flu, Ahbap Derne\u011fi&#8217;ne y\u00f6nelik y\u00fcr\u00fct\u00fclen soru\u015fturma kapsam\u0131nda Haluk Levent&#8217;in g\u00f6zalt\u0131na al\u0131nmas\u0131na&#8230;<\/p>\n","protected":false},"author":1,"featured_media":3117,"comment_status":"closed","ping_status":"closed","sticky":false,"template":"","format":"standard","meta":{"footnotes":""},"categories":[30],"tags":[],"ppma_author":[57],"class_list":["post-3116","post","type-post","status-publish","format-standard","has-post-thumbnail","hentry","category-ulusal-gundem"],"authors":[{"term_id":57,"user_id":1,"is_guest":0,"slug":"admin","display_name":"Alp Aslan","avatar_url":"https:\/\/secure.gravatar.com\/avatar\/07c18c5ad3350b025db8f3328450e071acb435c703e565899c880c63362f137a?s=96&d=mm&r=g","author_category":"1","first_name":"Alp Aslan","last_name":"ER\u0130N","user_url":"http:\/\/www.gundem59.com.tr","job_title":"","description":""}],"_links":{"self":[{"href":"https:\/\/gundem59.com.tr\/index.php?rest_route=\/wp\/v2\/posts\/3116","targetHints":{"allow":["GET"]}}],"collection":[{"href":"https:\/\/gundem59.com.tr\/index.php?rest_route=\/wp\/v2\/posts"}],"about":[{"href":"https:\/\/gundem59.com.tr\/index.php?rest_route=\/wp\/v2\/types\/post"}],"author":[{"embeddable":true,"href":"https:\/\/gundem59.com.tr\/index.php?rest_route=\/wp\/v2\/users\/1"}],"replies":[{"embeddable":true,"href":"https:\/\/gundem59.com.tr\/index.php?rest_route=%2Fwp%2Fv2%2Fcomments&post=3116"}],"version-history":[{"count":1,"href":"https:\/\/gundem59.com.tr\/index.php?rest_route=\/wp\/v2\/posts\/3116\/revisions"}],"predecessor-version":[{"id":3118,"href":"https:\/\/gundem59.com.tr\/index.php?rest_route=\/wp\/v2\/posts\/3116\/revisions\/3118"}],"wp:featuredmedia":[{"embeddable":true,"href":"https:\/\/gundem59.com.tr\/index.php?rest_route=\/wp\/v2\/media\/3117"}],"wp:attachment":[{"href":"https:\/\/gundem59.com.tr\/index.php?rest_route=%2Fwp%2Fv2%2Fmedia&parent=3116"}],"wp:term":[{"taxonomy":"category","embeddable":true,"href":"https:\/\/gundem59.com.tr\/index.php?rest_route=%2Fwp%2Fv2%2Fcategories&post=3116"},{"taxonomy":"post_tag","embeddable":true,"href":"https:\/\/gundem59.com.tr\/index.php?rest_route=%2Fwp%2Fv2%2Ftags&post=3116"},{"taxonomy":"author","embeddable":true,"href":"https:\/\/gundem59.com.tr\/index.php?rest_route=%2Fwp%2Fv2%2Fppma_author&post=3116"}],"curies":[{"name":"wp","href":"https:\/\/api.w.org\/{rel}","templated":true}]}}