{"id":3114,"date":"2026-07-13T21:12:18","date_gmt":"2026-07-13T21:12:18","guid":{"rendered":"https:\/\/gundem59.com.tr\/?p=3114"},"modified":"2026-07-13T21:12:18","modified_gmt":"2026-07-13T21:12:18","slug":"kilicdaroglundan-kurultay-mesaji-aday-gosterilirsem-dusunurum","status":"publish","type":"post","link":"https:\/\/gundem59.com.tr\/?p=3114","title":{"rendered":"K\u0131l\u0131\u00e7daro\u011flu&#8217;ndan Kurultay Mesaj\u0131: &#8220;Aday G\u00f6sterilirsem D\u00fc\u015f\u00fcn\u00fcr\u00fcm&#8221;"},"content":{"rendered":"\n<p class=\"wp-block-paragraph\"><strong>Mahkemenin verdi\u011fi &#8216;mutlak butlan&#8217; karar\u0131yla yeniden CHP Genel Ba\u015fkanl\u0131\u011f\u0131 g\u00f6revine d\u00f6nen Kemal K\u0131l\u0131\u00e7daro\u011flu, yap\u0131lacak kurultayda yeniden aday olup olmayaca\u011f\u0131 sorusuna dikkat \u00e7eken bir yan\u0131t verdi. K\u0131l\u0131\u00e7daro\u011flu, &#8220;Ben hi\u00e7bir zaman kendim aday olmad\u0131m. Aday g\u00f6sterilirsem d\u00fc\u015f\u00fcn\u00fcr\u00fcm&#8221; diyerek kap\u0131y\u0131 a\u00e7\u0131k b\u0131rakt\u0131.<\/strong><\/p>\n\n\n\n<p class=\"wp-block-paragraph\">Cumhuriyet Halk Partisi&#8217;nde ya\u015fanan kurultay s\u00fcreci ve yarg\u0131 kararlar\u0131n\u0131n ard\u0131ndan yeniden genel ba\u015fkanl\u0131k g\u00f6revine d\u00f6nen Kemal K\u0131l\u0131\u00e7daro\u011flu, tv100 canl\u0131 yay\u0131n\u0131nda g\u00fcndeme ili\u015fkin \u00f6nemli a\u00e7\u0131klamalarda bulundu.<\/p>\n\n\n\n<h3 class=\"wp-block-heading\">&#8220;Aday G\u00f6sterilirsem D\u00fc\u015f\u00fcn\u00fcr\u00fcm&#8221;<\/h3>\n\n\n\n<p class=\"wp-block-paragraph\">Yakla\u015fan kurultayda yeniden CHP Genel Ba\u015fkanl\u0131\u011f\u0131na aday olup olmayaca\u011f\u0131 y\u00f6n\u00fcndeki sorular\u0131 yan\u0131tlayan K\u0131l\u0131\u00e7daro\u011flu, karar\u0131n\u0131 \u015fimdiden a\u00e7\u0131klamak istemedi\u011fini belirtti.<\/p>\n\n\n\n<p class=\"wp-block-paragraph\">Daha \u00f6nce dile getirdi\u011fi &#8220;Kaptan olarak partiyi g\u00fcvenli limana g\u00f6t\u00fcrme&#8221; s\u00f6zlerini yineleyen K\u0131l\u0131\u00e7daro\u011flu, konuyla ilgili \u015fu de\u011ferlendirmeyi yapt\u0131:<\/p>\n\n\n\n<blockquote class=\"wp-block-quote is-layout-flow wp-block-quote-is-layout-flow\">\n<p class=\"wp-block-paragraph\">&#8220;Kurultayda aday olan herkes \u00f6zg\u00fcrce aday olacak. Benim kurultay adayl\u0131\u011f\u0131m konusunda \u015fimdiden bir \u015fey s\u00f6ylemeyeyim. O g\u00fcn geldi\u011finde bakar\u0131z. Ben hi\u00e7bir zaman kendim aday olmad\u0131m, hi\u00e7bir zaman adayl\u0131k dilek\u00e7esi vermedim. Aday g\u00f6sterilirsem d\u00fc\u015f\u00fcn\u00fcr\u00fcm.&#8221;<\/p>\n<\/blockquote>\n\n\n\n<p class=\"wp-block-paragraph\">Bu a\u00e7\u0131klama, CHP kulislerinde kurultay s\u00fcrecine ili\u015fkin tart\u0131\u015fmalar\u0131 yeniden alevlendirdi.<\/p>\n\n\n\n<h3 class=\"wp-block-heading\">&#8220;CHP&#8217;nin Se\u00e7imlere Girmesini Engelleyecek Hi\u00e7bir G\u00fc\u00e7 Yoktur&#8221;<\/h3>\n\n\n\n<p class=\"wp-block-paragraph\">K\u0131l\u0131\u00e7daro\u011flu, kamuoyunda tart\u0131\u015f\u0131lan &#8220;25-26 Temmuz&#8217;a kadar kurultay yap\u0131lmazsa CHP se\u00e7imlere giremez&#8221; iddialar\u0131n\u0131 da de\u011ferlendirdi.<\/p>\n\n\n\n<p class=\"wp-block-paragraph\">S\u00f6z konusu yorumlar\u0131n ger\u00e7e\u011fi yans\u0131tmad\u0131\u011f\u0131n\u0131 ifade eden K\u0131l\u0131\u00e7daro\u011flu, hukuki s\u00fcrecin devam etti\u011fini belirterek \u015funlar\u0131 s\u00f6yledi:<\/p>\n\n\n\n<blockquote class=\"wp-block-quote is-layout-flow wp-block-quote-is-layout-flow\">\n<p class=\"wp-block-paragraph\">&#8220;Daha tedbir karar\u0131 var. \u0130stanbul&#8217;da da tedbir karar\u0131 var. \u00d6n haz\u0131rl\u0131klar\u0131m\u0131z\u0131 yap\u0131yoruz. \u00d6zg\u00fcr Bey&#8217;ler de Yarg\u0131tay&#8217;daki ba\u015fvurular\u0131n\u0131 \u00e7ekerlerse zaten karar kesinle\u015fecek. &#8216;Kurultay Temmuz&#8217;a kadar yap\u0131lmazsa parti bir daha se\u00e7imlere giremez&#8217; diyorlar. Ne demek ya? T\u00fcrkiye Cumhuriyeti&#8217;nde CHP&#8217;nin se\u00e7imlere girmesini engelleyecek hi\u00e7bir g\u00fc\u00e7 yoktur.&#8221;<\/p>\n<\/blockquote>\n\n\n\n<h3 class=\"wp-block-heading\">Kurultay Takvimine \u0130li\u015fkin A\u00e7\u0131klama<\/h3>\n\n\n\n<p class=\"wp-block-paragraph\">\u00d6zg\u00fcr \u00d6zel ve ekibinin Yarg\u0131tay&#8217;a yapt\u0131\u011f\u0131 ba\u015fvuruyu geri \u00e7ekmesi durumunda kurultay s\u00fcrecinin nas\u0131l i\u015fleyece\u011fi sorusuna da yan\u0131t veren K\u0131l\u0131\u00e7daro\u011flu, \u00f6rg\u00fct se\u00e7imlerinin mahallelerden ba\u015flayarak k\u0131sa s\u00fcrede tamamlanabilece\u011fini s\u00f6yledi.<\/p>\n\n\n\n<p class=\"wp-block-paragraph\">K\u0131l\u0131\u00e7daro\u011flu, s\u00fcrece ili\u015fkin \u015fu ifadeleri kulland\u0131:<\/p>\n\n\n\n<blockquote class=\"wp-block-quote is-layout-flow wp-block-quote-is-layout-flow\">\n<p class=\"wp-block-paragraph\">&#8220;\u00d6nce mahallelerden ba\u015flan\u0131r ve yap\u0131l\u0131r, en k\u0131sa s\u00fcrede tamamlan\u0131r.&#8221;<\/p>\n<\/blockquote>\n\n\n\n<h3 class=\"wp-block-heading\">Belediye Ba\u015fkanlar\u0131na Mesaj<\/h3>\n\n\n\n<p class=\"wp-block-paragraph\">CHP&#8217;li b\u00fcy\u00fck\u015fehir belediye ba\u015fkanlar\u0131yla ger\u00e7ekle\u015ftirdi\u011fi g\u00f6r\u00fc\u015fmelere de de\u011finen K\u0131l\u0131\u00e7daro\u011flu, parti k\u00fclt\u00fcr\u00fcne vurgu yapt\u0131.<\/p>\n\n\n\n<p class=\"wp-block-paragraph\">Mansur Yava\u015f, Vahap Se\u00e7er ve Zeydan Karalar ile g\u00f6r\u00fc\u015ft\u00fc\u011f\u00fcn\u00fc belirten K\u0131l\u0131\u00e7daro\u011flu, CHP&#8217;li belediye ba\u015fkanlar\u0131n\u0131n partiyle birlikte hareket etmesi gerekti\u011fini ifade ederek \u015f\u00f6yle konu\u015ftu:<\/p>\n\n\n\n<blockquote class=\"wp-block-quote is-layout-flow wp-block-quote-is-layout-flow\">\n<p class=\"wp-block-paragraph\">&#8220;Mansur Ba\u015fkan ile de Vahap Bey ile de Zeydan Bey ile de y\u00fcz y\u00fcze g\u00f6r\u00fc\u015ft\u00fcm. G\u00f6r\u00fc\u015fmekte bir sorun yok, g\u00f6r\u00fc\u015f\u00fcrs\u00fcn\u00fcz. E\u011fer CHP&#8217;li bir belediye ba\u015fkan\u0131ysa hepsi CHP&#8217;nin yan\u0131nda yer alacak. CHP&#8217;nin bir k\u00fclt\u00fcr\u00fc vard\u0131r. Herkes bu k\u00fclt\u00fcr\u00fc bilecek.&#8221;<\/p>\n<\/blockquote>\n\n\n\n<p class=\"wp-block-paragraph\">K\u0131l\u0131\u00e7daro\u011flu&#8217;nun a\u00e7\u0131klamalar\u0131, CHP&#8217;de kurultay s\u00fcreci ve genel ba\u015fkanl\u0131k yar\u0131\u015f\u0131na ili\u015fkin tart\u0131\u015fmalar\u0131n \u00f6n\u00fcm\u00fczdeki g\u00fcnlerde daha da yo\u011funla\u015faca\u011f\u0131n\u0131n i\u015fareti olarak de\u011ferlendiriliyor.<\/p>\n\n\n\n<p class=\"wp-block-paragraph\"><strong>Etiketler:<\/strong> CHP, Kemal K\u0131l\u0131\u00e7daro\u011flu, \u00d6zg\u00fcr \u00d6zel, Mansur Yava\u015f, Vahap Se\u00e7er, Zeydan Karalar, Kurultay, CHP Genel Ba\u015fkanl\u0131\u011f\u0131, Politika, Siyaset, G\u00fcndem, Son Dakika<\/p>\n\n\n\n<hr class=\"wp-block-separator has-alpha-channel-opacity\"\/>\n\n\n\n<p class=\"wp-block-paragraph\">&#x1f449; <strong>T\u00fcrkiye g\u00fcndeminden en g\u00fcncel haberler i\u00e7in;<\/strong><\/p>\n\n\n\n<p class=\"wp-block-paragraph\"><a href=\"http:\/\/www.gundem59.com.tr\/\">www.gundem59.com.tr<\/a><\/p>\n\n\n\n<p class=\"wp-block-paragraph\"><a href=\"http:\/\/www.turkiyemhaber.com\/\">www.turkiyemhaber.com<\/a><\/p>\n\n\n\n<p class=\"wp-block-paragraph\"><a href=\"http:\/\/www.gundem44.com.tr\/\">www.gundem44.com.tr<\/a><\/p>\n\n\n\n<p class=\"wp-block-paragraph\"><a href=\"http:\/\/www.gundem34haber.com.tr\/\">www.gundem34haber.com.tr<\/a><\/p>\n\n\n\n<p class=\"wp-block-paragraph\"><a href=\"http:\/\/www.saray59.com.tr\/\">www.saray59.com.tr<\/a><\/p>\n\n\n\n<p class=\"wp-block-paragraph\"><a href=\"http:\/\/www.turkiyemhabertv.com\/\">www.turkiyemhabertv.com<\/a><\/p>\n\n\n\n<p class=\"wp-block-paragraph\"><a href=\"http:\/\/www.turkiyemradyo.com\/\">www.turkiyemradyo.com<\/a><\/p>\n\n\n\n<p class=\"wp-block-paragraph\">@gundem59__<\/p>\n\n\n\n<p class=\"wp-block-paragraph\">@turkiyemhaber_tr<\/p>\n\n\n\n<p class=\"wp-block-paragraph\">#KemalK\u0131l\u0131\u00e7daro\u011flu #CHP #Kurultay #\u00d6zg\u00fcr\u00d6zel #MansurYava\u015f #VahapSe\u00e7er #ZeydanKaralar #Siyaset #Politika #SonDakika #G\u00fcndem #T\u00fcrkiye #G\u00fcndem59 #T\u00fcrkiyemHaber #G\u00fcndem44 #G\u00fcndem34Haber #Saray59<\/p>\n","protected":false},"excerpt":{"rendered":"<p>Mahkemenin verdi\u011fi &#8216;mutlak butlan&#8217; karar\u0131yla yeniden CHP Genel Ba\u015fkanl\u0131\u011f\u0131 g\u00f6revine d\u00f6nen Kemal K\u0131l\u0131\u00e7daro\u011flu, yap\u0131lacak kurultayda&#8230;<\/p>\n","protected":false},"author":1,"featured_media":2986,"comment_status":"closed","ping_status":"closed","sticky":false,"template":"","format":"standard","meta":{"footnotes":""},"categories":[52],"tags":[],"ppma_author":[57],"class_list":["post-3114","post","type-post","status-publish","format-standard","has-post-thumbnail","hentry","category-politika"],"authors":[{"term_id":57,"user_id":1,"is_guest":0,"slug":"admin","display_name":"Alp Aslan","avatar_url":"https:\/\/secure.gravatar.com\/avatar\/07c18c5ad3350b025db8f3328450e071acb435c703e565899c880c63362f137a?s=96&d=mm&r=g","author_category":"1","first_name":"Alp Aslan","last_name":"ER\u0130N","user_url":"http:\/\/www.gundem59.com.tr","job_title":"","description":""}],"_links":{"self":[{"href":"https:\/\/gundem59.com.tr\/index.php?rest_route=\/wp\/v2\/posts\/3114","targetHints":{"allow":["GET"]}}],"collection":[{"href":"https:\/\/gundem59.com.tr\/index.php?rest_route=\/wp\/v2\/posts"}],"about":[{"href":"https:\/\/gundem59.com.tr\/index.php?rest_route=\/wp\/v2\/types\/post"}],"author":[{"embeddable":true,"href":"https:\/\/gundem59.com.tr\/index.php?rest_route=\/wp\/v2\/users\/1"}],"replies":[{"embeddable":true,"href":"https:\/\/gundem59.com.tr\/index.php?rest_route=%2Fwp%2Fv2%2Fcomments&post=3114"}],"version-history":[{"count":1,"href":"https:\/\/gundem59.com.tr\/index.php?rest_route=\/wp\/v2\/posts\/3114\/revisions"}],"predecessor-version":[{"id":3115,"href":"https:\/\/gundem59.com.tr\/index.php?rest_route=\/wp\/v2\/posts\/3114\/revisions\/3115"}],"wp:featuredmedia":[{"embeddable":true,"href":"https:\/\/gundem59.com.tr\/index.php?rest_route=\/wp\/v2\/media\/2986"}],"wp:attachment":[{"href":"https:\/\/gundem59.com.tr\/index.php?rest_route=%2Fwp%2Fv2%2Fmedia&parent=3114"}],"wp:term":[{"taxonomy":"category","embeddable":true,"href":"https:\/\/gundem59.com.tr\/index.php?rest_route=%2Fwp%2Fv2%2Fcategories&post=3114"},{"taxonomy":"post_tag","embeddable":true,"href":"https:\/\/gundem59.com.tr\/index.php?rest_route=%2Fwp%2Fv2%2Ftags&post=3114"},{"taxonomy":"author","embeddable":true,"href":"https:\/\/gundem59.com.tr\/index.php?rest_route=%2Fwp%2Fv2%2Fppma_author&post=3114"}],"curies":[{"name":"wp","href":"https:\/\/api.w.org\/{rel}","templated":true}]}}