{"id":3111,"date":"2026-07-13T21:09:18","date_gmt":"2026-07-13T21:09:18","guid":{"rendered":"https:\/\/gundem59.com.tr\/?p=3111"},"modified":"2026-07-13T21:09:19","modified_gmt":"2026-07-13T21:09:19","slug":"tekirdagda-denize-giren-kisi-kayboldu-arama-calismalari-baslatildi","status":"publish","type":"post","link":"https:\/\/gundem59.com.tr\/?p=3111","title":{"rendered":"Tekirda\u011f&#8217;da Denize Giren Ki\u015fi Kayboldu: Arama \u00c7al\u0131\u015fmalar\u0131 Ba\u015flat\u0131ld\u0131"},"content":{"rendered":"\n<p class=\"wp-block-paragraph\"><strong>Tekirda\u011f&#8217;da serinlemek amac\u0131yla denize giren bir ki\u015fi, bir s\u00fcre sonra g\u00f6zden kayboldu. \u0130hbar \u00fczerine b\u00f6lgeye sevk edilen ekipler, kay\u0131p \u015fahs\u0131 bulmak i\u00e7in deniz ve k\u0131y\u0131 \u015feridinde geni\u015f \u00e7apl\u0131 arama \u00e7al\u0131\u015fmas\u0131 ba\u015flatt\u0131.<\/strong><\/p>\n\n\n\n<p class=\"wp-block-paragraph\">Tekirda\u011f&#8217;da denize girdikten sonra kaybolan bir ki\u015fiyi bulmak i\u00e7in ekipler seferber oldu. Edinilen bilgilere g\u00f6re olay, S\u00fcleymanpa\u015fa il\u00e7esine ba\u011fl\u0131 Alt\u0131nova Mahallesi sahilinde meydana geldi.<\/p>\n\n\n\n<p class=\"wp-block-paragraph\">\u0130ddiaya g\u00f6re serinlemek amac\u0131yla denize giren ki\u015fi, bir s\u00fcre y\u00fczd\u00fckten sonra g\u00f6zden kayboldu. Durumu fark eden vatanda\u015flar\u0131n ihbar\u0131 \u00fczerine b\u00f6lgeye \u00e7ok say\u0131da ekip y\u00f6nlendirildi.<\/p>\n\n\n\n<p class=\"wp-block-paragraph\">\u0130hbar \u00fczerine olay yerine Deniz Polisi, Sahil G\u00fcvenlik Komutanl\u0131\u011f\u0131 ve sa\u011fl\u0131k ekipleri sevk edildi. Ekipler, kaybolan ki\u015fiyi bulabilmek i\u00e7in denizde ve k\u0131y\u0131 \u015feridinde kapsaml\u0131 arama \u00e7al\u0131\u015fmas\u0131 ba\u015flatt\u0131.<\/p>\n\n\n\n<p class=\"wp-block-paragraph\">Arama \u00e7al\u0131\u015fmalar\u0131n\u0131n s\u00fcrd\u00fc\u011f\u00fc \u00f6\u011frenilirken, kaybolan ki\u015finin kimli\u011finin belirlenmesi ve bulunmas\u0131 i\u00e7in \u00e7al\u0131\u015fmalar\u0131n titizlikle devam etti\u011fi bildirildi.<\/p>\n\n\n\n<p class=\"wp-block-paragraph\">Yetkililerden gelecek resmi a\u00e7\u0131klamalar do\u011frultusunda geli\u015fmeler kamuoyuyla payla\u015f\u0131lacak.<\/p>\n\n\n\n<p class=\"wp-block-paragraph\"><strong>Etiketler:<\/strong> Tekirda\u011f, S\u00fcleymanpa\u015fa, Alt\u0131nova Mahallesi, Deniz, Sahil G\u00fcvenlik, Deniz Polisi, Kay\u0131p \u015eah\u0131s, Arama Kurtarma, Son Dakika, Asayi\u015f, G\u00fcndem59<\/p>\n\n\n\n<hr class=\"wp-block-separator has-alpha-channel-opacity\"\/>\n\n\n\n<p class=\"wp-block-paragraph\">&#x1f449; <strong>T\u00fcrkiye g\u00fcndeminden en g\u00fcncel haberler i\u00e7in;<\/strong><\/p>\n\n\n\n<p class=\"wp-block-paragraph\">&#x1f310; <a href=\"http:\/\/www.gundem59.com.tr\/\">www.gundem59.com.tr<\/a><\/p>\n\n\n\n<p class=\"wp-block-paragraph\">&#x1f310; <a href=\"http:\/\/www.turkiyemhaber.com\/\">www.turkiyemhaber.com<\/a><\/p>\n\n\n\n<p class=\"wp-block-paragraph\">&#x1f310; <a href=\"http:\/\/www.gundem44.com.tr\/\">www.gundem44.com.tr<\/a><\/p>\n\n\n\n<p class=\"wp-block-paragraph\">&#x1f310; <a href=\"http:\/\/www.gundem34haber.com.tr\/\">www.gundem34haber.com.tr<\/a><\/p>\n\n\n\n<p class=\"wp-block-paragraph\">&#x1f310; <a href=\"http:\/\/www.saray59.com.tr\/\">www.saray59.com.tr<\/a><\/p>\n\n\n\n<p class=\"wp-block-paragraph\">&#x1f4fa; <a href=\"http:\/\/www.turkiyemhabertv.com\/\">www.turkiyemhabertv.com<\/a><\/p>\n\n\n\n<p class=\"wp-block-paragraph\">&#x1f4fb; <a href=\"http:\/\/www.turkiyemradyo.com\/\">www.turkiyemradyo.com<\/a><\/p>\n\n\n\n<p class=\"wp-block-paragraph\">&#x1f4f1; @gundem59__<\/p>\n\n\n\n<p class=\"wp-block-paragraph\">&#x1f4f1; @turkiyemhaber_tr<\/p>\n\n\n\n<p class=\"wp-block-paragraph\">#Tekirda\u011f #S\u00fcleymanpa\u015fa #Alt\u0131nova #Deniz #Kay\u0131p\u015eah\u0131s #SahilG\u00fcvenlik #DenizPolisi #AramaKurtarma #SonDakika #Asayi\u015f #G\u00fcndem59 #T\u00fcrkiyemHaber #G\u00fcndem44 #G\u00fcndem34Haber #Saray59 #T\u00fcrkiyemHaberTV #T\u00fcrkiyemRadyo<\/p>\n","protected":false},"excerpt":{"rendered":"<p>Tekirda\u011f&#8217;da serinlemek amac\u0131yla denize giren bir ki\u015fi, bir s\u00fcre sonra g\u00f6zden kayboldu. \u0130hbar \u00fczerine b\u00f6lgeye&#8230;<\/p>\n","protected":false},"author":1,"featured_media":3112,"comment_status":"closed","ping_status":"closed","sticky":false,"template":"","format":"standard","meta":{"footnotes":""},"categories":[56],"tags":[],"ppma_author":[57],"class_list":["post-3111","post","type-post","status-publish","format-standard","has-post-thumbnail","hentry","category-guncel"],"authors":[{"term_id":57,"user_id":1,"is_guest":0,"slug":"admin","display_name":"Alp Aslan","avatar_url":"https:\/\/secure.gravatar.com\/avatar\/07c18c5ad3350b025db8f3328450e071acb435c703e565899c880c63362f137a?s=96&d=mm&r=g","author_category":"1","first_name":"Alp Aslan","last_name":"ER\u0130N","user_url":"http:\/\/www.gundem59.com.tr","job_title":"","description":""}],"_links":{"self":[{"href":"https:\/\/gundem59.com.tr\/index.php?rest_route=\/wp\/v2\/posts\/3111","targetHints":{"allow":["GET"]}}],"collection":[{"href":"https:\/\/gundem59.com.tr\/index.php?rest_route=\/wp\/v2\/posts"}],"about":[{"href":"https:\/\/gundem59.com.tr\/index.php?rest_route=\/wp\/v2\/types\/post"}],"author":[{"embeddable":true,"href":"https:\/\/gundem59.com.tr\/index.php?rest_route=\/wp\/v2\/users\/1"}],"replies":[{"embeddable":true,"href":"https:\/\/gundem59.com.tr\/index.php?rest_route=%2Fwp%2Fv2%2Fcomments&post=3111"}],"version-history":[{"count":1,"href":"https:\/\/gundem59.com.tr\/index.php?rest_route=\/wp\/v2\/posts\/3111\/revisions"}],"predecessor-version":[{"id":3113,"href":"https:\/\/gundem59.com.tr\/index.php?rest_route=\/wp\/v2\/posts\/3111\/revisions\/3113"}],"wp:featuredmedia":[{"embeddable":true,"href":"https:\/\/gundem59.com.tr\/index.php?rest_route=\/wp\/v2\/media\/3112"}],"wp:attachment":[{"href":"https:\/\/gundem59.com.tr\/index.php?rest_route=%2Fwp%2Fv2%2Fmedia&parent=3111"}],"wp:term":[{"taxonomy":"category","embeddable":true,"href":"https:\/\/gundem59.com.tr\/index.php?rest_route=%2Fwp%2Fv2%2Fcategories&post=3111"},{"taxonomy":"post_tag","embeddable":true,"href":"https:\/\/gundem59.com.tr\/index.php?rest_route=%2Fwp%2Fv2%2Ftags&post=3111"},{"taxonomy":"author","embeddable":true,"href":"https:\/\/gundem59.com.tr\/index.php?rest_route=%2Fwp%2Fv2%2Fppma_author&post=3111"}],"curies":[{"name":"wp","href":"https:\/\/api.w.org\/{rel}","templated":true}]}}