{"id":3108,"date":"2026-07-13T21:00:00","date_gmt":"2026-07-13T21:00:00","guid":{"rendered":"https:\/\/gundem59.com.tr\/?p=3108"},"modified":"2026-07-13T21:00:00","modified_gmt":"2026-07-13T21:00:00","slug":"tekirdagda-dolu-felaketi-aycicegi-ve-karpuz-tarlalarinda-buyuk-hasar","status":"publish","type":"post","link":"https:\/\/gundem59.com.tr\/?p=3108","title":{"rendered":"Tekirda\u011f&#8217;da Dolu Felaketi: Ay\u00e7i\u00e7e\u011fi ve Karpuz Tarlalar\u0131nda B\u00fcy\u00fck Hasar"},"content":{"rendered":"\n<p class=\"wp-block-paragraph\"><strong>Tekirda\u011f&#8217;\u0131n S\u00fcleymanpa\u015fa il\u00e7esine ba\u011fl\u0131 Ferhadanl\u0131 Mahallesi&#8217;nde etkili olan ceviz b\u00fcy\u00fckl\u00fc\u011f\u00fcndeki dolu ya\u011f\u0131\u015f\u0131, ay\u00e7i\u00e7e\u011fi ve karpuz tarlalar\u0131nda b\u00fcy\u00fck zarara neden oldu. \u00dcr\u00fcnleri zarar g\u00f6ren \u00e7ift\u00e7iler, yetkililerden destek bekliyor.<\/strong><\/p>\n\n\n\n<p class=\"wp-block-paragraph\">Tekirda\u011f&#8217;da etkili olan dolu ya\u011f\u0131\u015f\u0131, tar\u0131m arazilerini olumsuz etkiledi. S\u00fcleymanpa\u015fa il\u00e7esine ba\u011fl\u0131 Ferhadanl\u0131 Mahallesi&#8217;nde ak\u015fam saatlerinde ba\u015flayan ve k\u0131sa s\u00fcrede \u015fiddetini art\u0131ran dolu ya\u011f\u0131\u015f\u0131 nedeniyle \u00f6zellikle ay\u00e7i\u00e7e\u011fi ve karpuz ekili alanlarda ciddi hasar meydana geldi.<\/p>\n\n\n\n<p class=\"wp-block-paragraph\">Ceviz b\u00fcy\u00fckl\u00fc\u011f\u00fcne ula\u015fan dolu taneleri, b\u00f6lgedeki bir\u00e7ok tar\u0131m arazisinde \u00fcr\u00fcnlere zarar verdi. Dolu ya\u011f\u0131\u015f\u0131n\u0131n ard\u0131ndan tarlalar\u0131n\u0131 kontrol eden \u00fcreticiler, ay\u00e7i\u00e7e\u011fi saplar\u0131n\u0131n k\u0131r\u0131ld\u0131\u011f\u0131n\u0131, karpuzlar\u0131n ise b\u00fcy\u00fck \u00f6l\u00e7\u00fcde zarar g\u00f6rd\u00fc\u011f\u00fcn\u00fc ifade etti. Baz\u0131 tarlalarda \u00fcr\u00fcnlerin tamamen yere yatt\u0131\u011f\u0131 g\u00f6zlenirken, \u00e7ift\u00e7iler sezon boyunca verdikleri eme\u011fin birka\u00e7 dakika i\u00e7erisinde zarar g\u00f6rd\u00fc\u011f\u00fcn\u00fc belirtti.<\/p>\n\n\n\n<p class=\"wp-block-paragraph\">Ferhadanl\u0131 Mahallesi&#8217;ndeki \u00fcreticiler, hasar\u0131n boyutunun g\u00fcn a\u011far\u0131nca daha net ortaya \u00e7\u0131kaca\u011f\u0131n\u0131 ifade ederek \u0130l ve \u0130l\u00e7e Tar\u0131m ve Orman M\u00fcd\u00fcrl\u00fc\u011f\u00fc ekiplerinin b\u00f6lgede inceleme yapmas\u0131n\u0131 ve zarar tespit \u00e7al\u0131\u015fmalar\u0131n\u0131 ba\u015flatmas\u0131n\u0131 istedi. \u00c7ift\u00e7iler, ya\u015fanan do\u011fal afet nedeniyle olu\u015fan ma\u011fduriyetlerinin giderilmesi i\u00e7in gerekli desteklerin sa\u011flanmas\u0131n\u0131 talep etti.<\/p>\n\n\n\n<p class=\"wp-block-paragraph\">B\u00f6lgede dolu ya\u011f\u0131\u015f\u0131n\u0131n ard\u0131ndan \u00e7ok say\u0131da tar\u0131m arazisinde \u00fcr\u00fcnlerin zarar g\u00f6rd\u00fc\u011f\u00fc belirtilirken, yap\u0131lacak resmi incelemelerin ard\u0131ndan hasar\u0131n boyutunun netle\u015fmesi bekleniyor. \u00d6zellikle ay\u00e7i\u00e7e\u011fi \u00fcretiminin yo\u011fun oldu\u011fu b\u00f6lgede ya\u015fanan zarar, \u00fcreticiler kadar b\u00f6lge ekonomisini de yak\u0131ndan ilgilendiriyor.<\/p>\n\n\n\n<p class=\"wp-block-paragraph\">Tar\u0131m sekt\u00f6r\u00fcn\u00fcn \u00f6nemli merkezlerinden biri olan Tekirda\u011f&#8217;da ya\u015fanan dolu felaketi, \u00fcreticilerin do\u011fal afetlere kar\u015f\u0131 korunmas\u0131n\u0131n ve tar\u0131msal destek mekanizmalar\u0131n\u0131n \u00f6nemini bir kez daha g\u00f6zler \u00f6n\u00fcne serdi.<\/p>\n\n\n\n<p class=\"wp-block-paragraph\"><strong>Etiketler:<\/strong> Tekirda\u011f, S\u00fcleymanpa\u015fa, Ferhadanl\u0131 Mahallesi, Dolu Ya\u011f\u0131\u015f\u0131, Ay\u00e7i\u00e7e\u011fi, Karpuz, Tar\u0131m, \u00c7ift\u00e7i, Do\u011fal Afet, Tar\u0131m Haberleri, Ekonomi, \u00c7evre, G\u00fcndem59<\/p>\n\n\n\n<hr class=\"wp-block-separator has-alpha-channel-opacity\"\/>\n\n\n\n<p class=\"wp-block-paragraph\">&#x1f449; <strong>T\u00fcrkiye g\u00fcndeminden en g\u00fcncel haberler i\u00e7in;<\/strong><\/p>\n\n\n\n<p class=\"wp-block-paragraph\">&#x1f310; <a href=\"http:\/\/www.gundem59.com.tr\/\">www.gundem59.com.tr<\/a><\/p>\n\n\n\n<p class=\"wp-block-paragraph\">&#x1f310; <a href=\"http:\/\/www.turkiyemhaber.com\/\">www.turkiyemhaber.com<\/a><\/p>\n\n\n\n<p class=\"wp-block-paragraph\">&#x1f310; <a href=\"http:\/\/www.gundem44.com.tr\/\">www.gundem44.com.tr<\/a><\/p>\n\n\n\n<p class=\"wp-block-paragraph\">&#x1f310; <a href=\"http:\/\/www.gundem34haber.com.tr\/\">www.gundem34haber.com.tr<\/a><\/p>\n\n\n\n<p class=\"wp-block-paragraph\">&#x1f310; <a href=\"http:\/\/www.saray59.com.tr\/\">www.saray59.com.tr<\/a><\/p>\n\n\n\n<p class=\"wp-block-paragraph\">&#x1f4fa; <a href=\"http:\/\/www.turkiyemhabertv.com\/\">www.turkiyemhabertv.com<\/a><\/p>\n\n\n\n<p class=\"wp-block-paragraph\">&#x1f4fb; <a href=\"http:\/\/www.turkiyemradyo.com\/\">www.turkiyemradyo.com<\/a><\/p>\n\n\n\n<p class=\"wp-block-paragraph\">&#x1f4f1; @gundem59__<\/p>\n\n\n\n<p class=\"wp-block-paragraph\">&#x1f4f1; @turkiyemhaber_tr<\/p>\n\n\n\n<p class=\"wp-block-paragraph\">#Tekirda\u011f #S\u00fcleymanpa\u015fa #Ferhadanl\u0131 #Dolu #DoluYa\u011f\u0131\u015f\u0131 #Ay\u00e7i\u00e7e\u011fi #Karpuz #Tar\u0131m #\u00c7ift\u00e7i #Tar\u0131mHaberleri #Do\u011falAfet #\u00c7evre #Ekonomi #SonDakika #G\u00fcndem59 #T\u00fcrkiyemHaber #G\u00fcndem44 #G\u00fcndem34Haber #Saray59 #T\u00fcrkiyemHaberTV #T\u00fcrkiyemRadyo<\/p>\n","protected":false},"excerpt":{"rendered":"<p>Tekirda\u011f&#8217;\u0131n S\u00fcleymanpa\u015fa il\u00e7esine ba\u011fl\u0131 Ferhadanl\u0131 Mahallesi&#8217;nde etkili olan ceviz b\u00fcy\u00fckl\u00fc\u011f\u00fcndeki dolu ya\u011f\u0131\u015f\u0131, ay\u00e7i\u00e7e\u011fi ve karpuz&#8230;<\/p>\n","protected":false},"author":1,"featured_media":3109,"comment_status":"closed","ping_status":"closed","sticky":false,"template":"","format":"standard","meta":{"footnotes":""},"categories":[56],"tags":[],"ppma_author":[57],"class_list":["post-3108","post","type-post","status-publish","format-standard","has-post-thumbnail","hentry","category-guncel"],"authors":[{"term_id":57,"user_id":1,"is_guest":0,"slug":"admin","display_name":"Alp Aslan","avatar_url":"https:\/\/secure.gravatar.com\/avatar\/07c18c5ad3350b025db8f3328450e071acb435c703e565899c880c63362f137a?s=96&d=mm&r=g","author_category":"1","first_name":"Alp Aslan","last_name":"ER\u0130N","user_url":"http:\/\/www.gundem59.com.tr","job_title":"","description":""}],"_links":{"self":[{"href":"https:\/\/gundem59.com.tr\/index.php?rest_route=\/wp\/v2\/posts\/3108","targetHints":{"allow":["GET"]}}],"collection":[{"href":"https:\/\/gundem59.com.tr\/index.php?rest_route=\/wp\/v2\/posts"}],"about":[{"href":"https:\/\/gundem59.com.tr\/index.php?rest_route=\/wp\/v2\/types\/post"}],"author":[{"embeddable":true,"href":"https:\/\/gundem59.com.tr\/index.php?rest_route=\/wp\/v2\/users\/1"}],"replies":[{"embeddable":true,"href":"https:\/\/gundem59.com.tr\/index.php?rest_route=%2Fwp%2Fv2%2Fcomments&post=3108"}],"version-history":[{"count":1,"href":"https:\/\/gundem59.com.tr\/index.php?rest_route=\/wp\/v2\/posts\/3108\/revisions"}],"predecessor-version":[{"id":3110,"href":"https:\/\/gundem59.com.tr\/index.php?rest_route=\/wp\/v2\/posts\/3108\/revisions\/3110"}],"wp:featuredmedia":[{"embeddable":true,"href":"https:\/\/gundem59.com.tr\/index.php?rest_route=\/wp\/v2\/media\/3109"}],"wp:attachment":[{"href":"https:\/\/gundem59.com.tr\/index.php?rest_route=%2Fwp%2Fv2%2Fmedia&parent=3108"}],"wp:term":[{"taxonomy":"category","embeddable":true,"href":"https:\/\/gundem59.com.tr\/index.php?rest_route=%2Fwp%2Fv2%2Fcategories&post=3108"},{"taxonomy":"post_tag","embeddable":true,"href":"https:\/\/gundem59.com.tr\/index.php?rest_route=%2Fwp%2Fv2%2Ftags&post=3108"},{"taxonomy":"author","embeddable":true,"href":"https:\/\/gundem59.com.tr\/index.php?rest_route=%2Fwp%2Fv2%2Fppma_author&post=3108"}],"curies":[{"name":"wp","href":"https:\/\/api.w.org\/{rel}","templated":true}]}}