{"id":3088,"date":"2026-07-11T10:56:28","date_gmt":"2026-07-11T10:56:28","guid":{"rendered":"https:\/\/gundem59.com.tr\/?p=3088"},"modified":"2026-07-11T10:56:29","modified_gmt":"2026-07-11T10:56:29","slug":"corlulu-sporcular-sampiyonadan-65-madalyayla-dondu","status":"publish","type":"post","link":"https:\/\/gundem59.com.tr\/?p=3088","title":{"rendered":"\u00c7orlulu Sporcular \u015eampiyonadan 65 Madalyayla D\u00f6nd\u00fc"},"content":{"rendered":"\n<p class=\"wp-block-paragraph\">Mersin\u2019de d\u00fczenlenen 10-11-12 Ya\u015f Ulusal Geli\u015fim Ligi B\u00f6lge \u015eampiyonas\u0131\u2019na kat\u0131lan \u00c7orlu Belediyesi Spor Kul\u00fcb\u00fc (\u00c7BSK) y\u00fcz\u00fcc\u00fcleri, elde ettikleri ba\u015far\u0131larla turnuvaya damga vurdu. \u00c7orlulu sporcular, \u015fampiyonay\u0131 toplam 65 madalya ile tamamlayarak \u00f6nemli bir ba\u015far\u0131ya imza att\u0131.<\/p>\n\n\n\n<p class=\"wp-block-paragraph\">\u015eampiyonada \u00fcst\u00fcn performans sergileyen \u00c7BSK sporcular\u0131, 31 alt\u0131n, 20 g\u00fcm\u00fc\u015f ve 14 bronz madalya kazanarak k\u00fcrs\u00fcn\u00fcn en \u00e7ok \u00e7\u0131kan tak\u0131mlar\u0131 aras\u0131nda yer ald\u0131.<\/p>\n\n\n\n<h2 class=\"wp-block-heading\">Turnuvan\u0131n En \u00c7ok Konu\u015fulan Tak\u0131mlar\u0131ndan Biri Oldu<\/h2>\n\n\n\n<p class=\"wp-block-paragraph\">\u00c7orlu Belediyesi Spor Kul\u00fcb\u00fc\u2019n\u00fcn son T\u00fcrkiye \u015eampiyonu unvan\u0131na sahip 12 Ya\u015f K\u0131z Bayrak Tak\u0131m\u0131, kat\u0131ld\u0131\u011f\u0131 t\u00fcm bran\u015f ve mesafelerde alt\u0131n madalya kazanarak organizasyonun en dikkat \u00e7eken ekiplerinden biri oldu.<\/p>\n\n\n\n<p class=\"wp-block-paragraph\">Tak\u0131m sporlar\u0131ndaki ba\u015far\u0131n\u0131n yan\u0131 s\u0131ra bireysel yar\u0131\u015flarda da \u00f6nemli dereceler elde eden \u00c7BSK\u2019l\u0131 y\u00fcz\u00fcc\u00fcler, farkl\u0131 kategorilerde kazand\u0131klar\u0131 madalyalarla \u00c7orlu\u2019yu ba\u015far\u0131yla temsil etti.<\/p>\n\n\n\n<h2 class=\"wp-block-heading\">Sar\u0131kurt\u2019tan Tebrik Mesaj\u0131<\/h2>\n\n\n\n<p class=\"wp-block-paragraph\">Sporcular\u0131n elde etti\u011fi ba\u015far\u0131dan b\u00fcy\u00fck gurur duyduklar\u0131n\u0131 belirten \u00c7orlu Belediye Ba\u015fkan\u0131 Ahmet Sar\u0131kurt, sporcular\u0131, antren\u00f6rleri ve ailelerini tebrik etti.<\/p>\n\n\n\n<p class=\"wp-block-paragraph\">Ba\u015far\u0131da eme\u011fi ge\u00e7en herkese te\u015fekk\u00fcr eden Sar\u0131kurt, \u201cBu b\u00fcy\u00fck gururun ya\u015fanmas\u0131nda eme\u011fi bulunan t\u00fcm teknik ekibimizi, antren\u00f6rlerimizi ve \u00e7ocuklar\u0131m\u0131z\u0131 her zaman destekleyen fedak\u00e2r velilerimizi kutluyorum. Sporcular\u0131m\u0131za kat\u0131lacaklar\u0131 yeni turnuva ve \u015fampiyonalarda da ba\u015far\u0131lar diliyorum\u201d dedi.<\/p>\n\n\n\n<p class=\"wp-block-paragraph\">Sar\u0131kurt a\u00e7\u0131klamas\u0131nda ayr\u0131ca, \u201c\u00c7orlu\u2019nun ad\u0131n\u0131 sporda en \u00fcst s\u0131ralara yazd\u0131rmaya devam eden t\u00fcm \u015fampiyonlar\u0131m\u0131z\u0131 kutluyor, ba\u015far\u0131lar\u0131n\u0131n artarak s\u00fcrmesini diliyorum\u201d ifadelerine yer verdi.<\/p>\n\n\n\n<h2 class=\"wp-block-heading\">\u00c7orlu\u2019nun Gururu Oldular<\/h2>\n\n\n\n<p class=\"wp-block-paragraph\">Mersin\u2019de elde edilen 65 madalyal\u0131k ba\u015far\u0131, \u00c7orlu Belediyesi Spor Kul\u00fcb\u00fc\u2019n\u00fcn y\u00fczme bran\u015f\u0131ndaki g\u00fc\u00e7l\u00fc altyap\u0131s\u0131n\u0131 bir kez daha ortaya koyarken, gen\u00e7 sporcular\u0131n gelecekteki ulusal ve uluslararas\u0131 organizasyonlar i\u00e7in de \u00f6nemli bir potansiyel ta\u015f\u0131d\u0131\u011f\u0131n\u0131 g\u00f6sterdi.<\/p>\n\n\n\n<p class=\"wp-block-paragraph\">\u00c7BSK sporcular\u0131n\u0131n elde etti\u011fi dereceler, hem aileleri hem de \u00c7orlu spor camias\u0131 taraf\u0131ndan b\u00fcy\u00fck sevin\u00e7le kar\u015f\u0131land\u0131.<\/p>\n","protected":false},"excerpt":{"rendered":"<p>Mersin\u2019de d\u00fczenlenen 10-11-12 Ya\u015f Ulusal Geli\u015fim Ligi B\u00f6lge \u015eampiyonas\u0131\u2019na kat\u0131lan \u00c7orlu Belediyesi Spor Kul\u00fcb\u00fc (\u00c7BSK)&#8230;<\/p>\n","protected":false},"author":1,"featured_media":3089,"comment_status":"closed","ping_status":"closed","sticky":false,"template":"","format":"standard","meta":{"footnotes":""},"categories":[5,48],"tags":[],"ppma_author":[57],"class_list":["post-3088","post","type-post","status-publish","format-standard","has-post-thumbnail","hentry","category-corlu","category-spor"],"authors":[{"term_id":57,"user_id":1,"is_guest":0,"slug":"admin","display_name":"Alp Aslan","avatar_url":"https:\/\/secure.gravatar.com\/avatar\/07c18c5ad3350b025db8f3328450e071acb435c703e565899c880c63362f137a?s=96&d=mm&r=g","author_category":"1","first_name":"Alp Aslan","last_name":"ER\u0130N","user_url":"http:\/\/www.gundem59.com.tr","job_title":"","description":""}],"_links":{"self":[{"href":"https:\/\/gundem59.com.tr\/index.php?rest_route=\/wp\/v2\/posts\/3088","targetHints":{"allow":["GET"]}}],"collection":[{"href":"https:\/\/gundem59.com.tr\/index.php?rest_route=\/wp\/v2\/posts"}],"about":[{"href":"https:\/\/gundem59.com.tr\/index.php?rest_route=\/wp\/v2\/types\/post"}],"author":[{"embeddable":true,"href":"https:\/\/gundem59.com.tr\/index.php?rest_route=\/wp\/v2\/users\/1"}],"replies":[{"embeddable":true,"href":"https:\/\/gundem59.com.tr\/index.php?rest_route=%2Fwp%2Fv2%2Fcomments&post=3088"}],"version-history":[{"count":1,"href":"https:\/\/gundem59.com.tr\/index.php?rest_route=\/wp\/v2\/posts\/3088\/revisions"}],"predecessor-version":[{"id":3090,"href":"https:\/\/gundem59.com.tr\/index.php?rest_route=\/wp\/v2\/posts\/3088\/revisions\/3090"}],"wp:featuredmedia":[{"embeddable":true,"href":"https:\/\/gundem59.com.tr\/index.php?rest_route=\/wp\/v2\/media\/3089"}],"wp:attachment":[{"href":"https:\/\/gundem59.com.tr\/index.php?rest_route=%2Fwp%2Fv2%2Fmedia&parent=3088"}],"wp:term":[{"taxonomy":"category","embeddable":true,"href":"https:\/\/gundem59.com.tr\/index.php?rest_route=%2Fwp%2Fv2%2Fcategories&post=3088"},{"taxonomy":"post_tag","embeddable":true,"href":"https:\/\/gundem59.com.tr\/index.php?rest_route=%2Fwp%2Fv2%2Ftags&post=3088"},{"taxonomy":"author","embeddable":true,"href":"https:\/\/gundem59.com.tr\/index.php?rest_route=%2Fwp%2Fv2%2Fppma_author&post=3088"}],"curies":[{"name":"wp","href":"https:\/\/api.w.org\/{rel}","templated":true}]}}