{"id":3082,"date":"2026-07-11T10:50:30","date_gmt":"2026-07-11T10:50:30","guid":{"rendered":"https:\/\/gundem59.com.tr\/?p=3082"},"modified":"2026-07-11T10:50:31","modified_gmt":"2026-07-11T10:50:31","slug":"tahliye-tebligi-vatandasi-ayaga-kaldirdi","status":"publish","type":"post","link":"https:\/\/gundem59.com.tr\/?p=3082","title":{"rendered":"Tahliye Tebli\u011fi Vatanda\u015f\u0131 Aya\u011fa Kald\u0131rd\u0131"},"content":{"rendered":"\n<p class=\"wp-block-paragraph\">Tekirda\u011f\u2019\u0131n \u00c7erkezk\u00f6y il\u00e7esinde Ba\u011fl\u0131k Mahallesi K\u00fcmeevler Mevkii\u2019nde bulunan gecekondulara y\u00f6nelik tahliye ve y\u0131k\u0131m s\u00fcrecinin ba\u015flamas\u0131 mahalle sakinlerinin tepkisine neden oldu. \u00c7erkezk\u00f6y Belediyesi Zab\u0131ta M\u00fcd\u00fcrl\u00fc\u011f\u00fc ekipleri taraf\u0131ndan b\u00f6lgedeki yap\u0131lara tebligatlar ula\u015ft\u0131r\u0131l\u0131rken, vatanda\u015flara evlerini bo\u015faltmalar\u0131 i\u00e7in 15 g\u00fcnl\u00fck s\u00fcre verildi.<\/p>\n\n\n\n<p class=\"wp-block-paragraph\">\u0130ddiaya g\u00f6re, Ba\u011fl\u0131k Mahallesi K\u00fcmeevler Mevkii\u2019nde bulunan gecekondular\u0131n bir b\u00f6l\u00fcm\u00fc daha \u00f6nce ka\u00e7ak yap\u0131 olduklar\u0131 gerek\u00e7esiyle 2022 y\u0131l\u0131nda y\u0131k\u0131lm\u0131\u015ft\u0131. B\u00f6lgede kalan di\u011fer yap\u0131lar i\u00e7in de y\u0131k\u0131m karar\u0131n\u0131n uygulanaca\u011f\u0131 belirtilirken, belediye ekipleri evleri tek tek dola\u015farak tahliye tebligatlar\u0131n\u0131 vatanda\u015flara teslim etti.<\/p>\n\n\n\n<h2 class=\"wp-block-heading\">Mahalle Sakinlerinden Tepki<\/h2>\n\n\n\n<p class=\"wp-block-paragraph\">Tahliye karar\u0131n\u0131n ard\u0131ndan mahalle sakinleri, kendilerine alternatif bir ya\u015fam alan\u0131 sunulmadan evlerinden \u00e7\u0131kar\u0131lmak istendiklerini \u00f6ne s\u00fcrerek duruma tepki g\u00f6sterdi.<\/p>\n\n\n\n<p class=\"wp-block-paragraph\">Vatanda\u015flar, \u201cTekirda\u011f\u2019\u0131n bir\u00e7ok il\u00e7esinde \u00f6deme \u015fart\u0131yla ev verildi, yer g\u00f6sterildi. \u00c7erkezk\u00f6y\u2019de neden verilmedi? Bu evlerde de insanlar ya\u015f\u0131yor. Biz de insan\u0131z. Bize neden ev verilmiyor, yer g\u00f6sterilmiyor? Bizler nereye gidece\u011fiz, nas\u0131l ya\u015fayaca\u011f\u0131z?\u201d diyerek yetkililere \u00e7a\u011fr\u0131da bulundu.<\/p>\n\n\n\n<p class=\"wp-block-paragraph\">B\u00f6lgede ya\u015fayan baz\u0131 vatanda\u015flar, uzun y\u0131llard\u0131r ayn\u0131 yerde ikamet ettiklerini ve tahliye sonras\u0131 bar\u0131nma konusunda ciddi ma\u011fduriyet ya\u015fayacaklar\u0131n\u0131 ifade etti.<\/p>\n\n\n\n<h2 class=\"wp-block-heading\">15 G\u00fcnl\u00fck S\u00fcre Verildi<\/h2>\n\n\n\n<p class=\"wp-block-paragraph\">Tebligatlarda vatanda\u015flara evlerini bo\u015faltmalar\u0131 i\u00e7in 15 g\u00fcnl\u00fck s\u00fcre tan\u0131nd\u0131\u011f\u0131 \u00f6\u011frenildi. S\u00fcrenin sonunda y\u0131k\u0131m i\u015flemlerinin ger\u00e7ekle\u015ftirilebilece\u011fi belirtilirken, mahalle sakinleri soruna \u00e7\u00f6z\u00fcm bulunmas\u0131 i\u00e7in yetkililerden destek beklediklerini dile getirdi.<\/p>\n\n\n\n<p class=\"wp-block-paragraph\">\u00d6te yandan konuyla ilgili belediye ve ilgili kurumlar taraf\u0131ndan yap\u0131lacak a\u00e7\u0131klamalar merakla beklenirken, tahliye s\u00fcrecinin nas\u0131l ilerleyece\u011fi \u00f6n\u00fcm\u00fczdeki g\u00fcnlerde netlik kazanacak.<\/p>\n","protected":false},"excerpt":{"rendered":"<p>Tekirda\u011f\u2019\u0131n \u00c7erkezk\u00f6y il\u00e7esinde Ba\u011fl\u0131k Mahallesi K\u00fcmeevler Mevkii\u2019nde bulunan gecekondulara y\u00f6nelik tahliye ve y\u0131k\u0131m s\u00fcrecinin ba\u015flamas\u0131&#8230;<\/p>\n","protected":false},"author":1,"featured_media":3083,"comment_status":"closed","ping_status":"closed","sticky":false,"template":"","format":"standard","meta":{"footnotes":""},"categories":[6],"tags":[],"ppma_author":[57],"class_list":["post-3082","post","type-post","status-publish","format-standard","has-post-thumbnail","hentry","category-cerkezkoy"],"authors":[{"term_id":57,"user_id":1,"is_guest":0,"slug":"admin","display_name":"Alp Aslan","avatar_url":"https:\/\/secure.gravatar.com\/avatar\/07c18c5ad3350b025db8f3328450e071acb435c703e565899c880c63362f137a?s=96&d=mm&r=g","author_category":"1","first_name":"Alp Aslan","last_name":"ER\u0130N","user_url":"http:\/\/www.gundem59.com.tr","job_title":"","description":""}],"_links":{"self":[{"href":"https:\/\/gundem59.com.tr\/index.php?rest_route=\/wp\/v2\/posts\/3082","targetHints":{"allow":["GET"]}}],"collection":[{"href":"https:\/\/gundem59.com.tr\/index.php?rest_route=\/wp\/v2\/posts"}],"about":[{"href":"https:\/\/gundem59.com.tr\/index.php?rest_route=\/wp\/v2\/types\/post"}],"author":[{"embeddable":true,"href":"https:\/\/gundem59.com.tr\/index.php?rest_route=\/wp\/v2\/users\/1"}],"replies":[{"embeddable":true,"href":"https:\/\/gundem59.com.tr\/index.php?rest_route=%2Fwp%2Fv2%2Fcomments&post=3082"}],"version-history":[{"count":1,"href":"https:\/\/gundem59.com.tr\/index.php?rest_route=\/wp\/v2\/posts\/3082\/revisions"}],"predecessor-version":[{"id":3084,"href":"https:\/\/gundem59.com.tr\/index.php?rest_route=\/wp\/v2\/posts\/3082\/revisions\/3084"}],"wp:featuredmedia":[{"embeddable":true,"href":"https:\/\/gundem59.com.tr\/index.php?rest_route=\/wp\/v2\/media\/3083"}],"wp:attachment":[{"href":"https:\/\/gundem59.com.tr\/index.php?rest_route=%2Fwp%2Fv2%2Fmedia&parent=3082"}],"wp:term":[{"taxonomy":"category","embeddable":true,"href":"https:\/\/gundem59.com.tr\/index.php?rest_route=%2Fwp%2Fv2%2Fcategories&post=3082"},{"taxonomy":"post_tag","embeddable":true,"href":"https:\/\/gundem59.com.tr\/index.php?rest_route=%2Fwp%2Fv2%2Ftags&post=3082"},{"taxonomy":"author","embeddable":true,"href":"https:\/\/gundem59.com.tr\/index.php?rest_route=%2Fwp%2Fv2%2Fppma_author&post=3082"}],"curies":[{"name":"wp","href":"https:\/\/api.w.org\/{rel}","templated":true}]}}