{"id":3079,"date":"2026-07-11T10:41:48","date_gmt":"2026-07-11T10:41:48","guid":{"rendered":"https:\/\/gundem59.com.tr\/?p=3079"},"modified":"2026-07-11T10:41:49","modified_gmt":"2026-07-11T10:41:49","slug":"eriklice-sahil-yolu-bastan-sona-yenilendi","status":"publish","type":"post","link":"https:\/\/gundem59.com.tr\/?p=3079","title":{"rendered":"Eriklice Sahil Yolu Ba\u015ftan Sona Yenilendi"},"content":{"rendered":"\n<p class=\"wp-block-paragraph\">Tekirda\u011f B\u00fcy\u00fck\u015fehir Belediyesi taraf\u0131ndan \u015eark\u00f6y il\u00e7esine ba\u011fl\u0131 Eriklice Mahallesi\u2019nde ger\u00e7ekle\u015ftirilen \u00e7al\u0131\u015fmalar kapsam\u0131nda sahil yolu ba\u015ftan sona yenilenerek vatanda\u015flar\u0131n hizmetine sunuldu. Yap\u0131lan d\u00fczenlemelerle b\u00f6lgeye modern bir g\u00f6r\u00fcn\u00fcm kazand\u0131r\u0131l\u0131rken, yayalar ve bisiklet kullan\u0131c\u0131lar\u0131 i\u00e7in daha g\u00fcvenli ve konforlu bir ya\u015fam alan\u0131 olu\u015fturuldu.<\/p>\n\n\n\n<p class=\"wp-block-paragraph\">Kent genelinde ya\u015fam kalitesini art\u0131rmaya y\u00f6nelik yat\u0131r\u0131mlar\u0131n\u0131 s\u00fcrd\u00fcren Tekirda\u011f B\u00fcy\u00fck\u015fehir Belediyesi, \u00f6zellikle yaz aylar\u0131nda yo\u011fun ilgi g\u00f6ren Eriklice Sahili\u2019nde kapsaml\u0131 bir yenileme \u00e7al\u0131\u015fmas\u0131 ger\u00e7ekle\u015ftirdi. \u00c7al\u0131\u015fmalar kapsam\u0131nda ula\u015f\u0131m altyap\u0131s\u0131 g\u00fc\u00e7lendirilirken, sahil band\u0131 daha estetik ve kullan\u0131\u015fl\u0131 hale getirildi.<\/p>\n\n\n\n<h2 class=\"wp-block-heading\">650 Metrelik Bisiklet Yolu Yap\u0131ld\u0131<\/h2>\n\n\n\n<p class=\"wp-block-paragraph\">Tekirda\u011f B\u00fcy\u00fck\u015fehir Belediyesi taraf\u0131ndan yap\u0131lan a\u00e7\u0131klamada, proje kapsam\u0131nda 650 metre uzunlu\u011funda ve 2 metre geni\u015fli\u011finde bisiklet yolu in\u015fa edildi\u011fi belirtildi.<\/p>\n\n\n\n<p class=\"wp-block-paragraph\">Ayr\u0131ca sahil g\u00fczerg\u00e2h\u0131nda 7 bin metrekare parke ta\u015f\u0131 uygulamas\u0131 ger\u00e7ekle\u015ftirildi. Bunun yan\u0131 s\u0131ra 3 bin metrekare kald\u0131r\u0131m \u00e7al\u0131\u015fmas\u0131 yap\u0131larak yayalar\u0131n g\u00fcvenli ve rahat \u015fekilde hareket edebilece\u011fi alanlar olu\u015fturuldu.<\/p>\n\n\n\n<p class=\"wp-block-paragraph\">Yap\u0131lan d\u00fczenlemeler sayesinde hem b\u00f6lge sakinlerinin hem de yaz sezonunda sahili ziyaret eden vatanda\u015flar\u0131n daha konforlu bir ortamda vakit ge\u00e7irebilmesi hedefleniyor.<\/p>\n\n\n\n<h2 class=\"wp-block-heading\">Y\u00fcceer: \u201cTekirda\u011f\u2019\u0131n Her K\u00f6\u015fesine De\u011fer Kat\u0131yoruz\u201d<\/h2>\n\n\n\n<p class=\"wp-block-paragraph\">\u00c7al\u0131\u015fmalarla ilgili de\u011ferlendirmelerde bulunan Tekirda\u011f B\u00fcy\u00fck\u015fehir Belediye Ba\u015fkan\u0131 Candan Y\u00fcceer, kent genelinde ya\u015fam kalitesini y\u00fckselten yat\u0131r\u0131mlara devam ettiklerini s\u00f6yledi.<\/p>\n\n\n\n<p class=\"wp-block-paragraph\">Y\u00fcceer, \u201cKentimizin her noktas\u0131nda vatanda\u015flar\u0131m\u0131z\u0131n ya\u015fam kalitesini art\u0131ran hizmetleri hayata ge\u00e7irmeye devam ediyoruz. Eriklice Sahili\u2019nde tamamlad\u0131\u011f\u0131m\u0131z d\u00fczenleme \u00e7al\u0131\u015fmalar\u0131yla vatanda\u015flar\u0131m\u0131z\u0131n daha g\u00fcvenli, daha konforlu ve daha estetik bir ya\u015fam alan\u0131na kavu\u015fmas\u0131n\u0131 sa\u011flad\u0131k. Tekirda\u011f\u2019\u0131m\u0131z\u0131n her k\u00f6\u015fesine de\u011fer katacak projeleri kararl\u0131l\u0131kla s\u00fcrd\u00fcrmeye devam edece\u011fiz\u201d ifadelerini kulland\u0131.<\/p>\n\n\n\n<p class=\"wp-block-paragraph\">Tamamlanan \u00e7al\u0131\u015fmalarla birlikte Eriklice Sahil Yolu, hem ula\u015f\u0131m hem de sosyal ya\u015fam a\u00e7\u0131s\u0131ndan daha modern bir g\u00f6r\u00fcn\u00fcme kavu\u015furken, b\u00f6lgenin turizm potansiyeline de katk\u0131 sa\u011flamas\u0131 bekleniyor.<\/p>\n","protected":false},"excerpt":{"rendered":"<p>Tekirda\u011f B\u00fcy\u00fck\u015fehir Belediyesi taraf\u0131ndan \u015eark\u00f6y il\u00e7esine ba\u011fl\u0131 Eriklice Mahallesi\u2019nde ger\u00e7ekle\u015ftirilen \u00e7al\u0131\u015fmalar kapsam\u0131nda sahil yolu ba\u015ftan&#8230;<\/p>\n","protected":false},"author":1,"featured_media":3080,"comment_status":"closed","ping_status":"closed","sticky":false,"template":"","format":"standard","meta":{"footnotes":""},"categories":[11],"tags":[],"ppma_author":[57],"class_list":["post-3079","post","type-post","status-publish","format-standard","has-post-thumbnail","hentry","category-sarkoy"],"authors":[{"term_id":57,"user_id":1,"is_guest":0,"slug":"admin","display_name":"Alp Aslan","avatar_url":"https:\/\/secure.gravatar.com\/avatar\/07c18c5ad3350b025db8f3328450e071acb435c703e565899c880c63362f137a?s=96&d=mm&r=g","author_category":"1","first_name":"Alp Aslan","last_name":"ER\u0130N","user_url":"http:\/\/www.gundem59.com.tr","job_title":"","description":""}],"_links":{"self":[{"href":"https:\/\/gundem59.com.tr\/index.php?rest_route=\/wp\/v2\/posts\/3079","targetHints":{"allow":["GET"]}}],"collection":[{"href":"https:\/\/gundem59.com.tr\/index.php?rest_route=\/wp\/v2\/posts"}],"about":[{"href":"https:\/\/gundem59.com.tr\/index.php?rest_route=\/wp\/v2\/types\/post"}],"author":[{"embeddable":true,"href":"https:\/\/gundem59.com.tr\/index.php?rest_route=\/wp\/v2\/users\/1"}],"replies":[{"embeddable":true,"href":"https:\/\/gundem59.com.tr\/index.php?rest_route=%2Fwp%2Fv2%2Fcomments&post=3079"}],"version-history":[{"count":1,"href":"https:\/\/gundem59.com.tr\/index.php?rest_route=\/wp\/v2\/posts\/3079\/revisions"}],"predecessor-version":[{"id":3081,"href":"https:\/\/gundem59.com.tr\/index.php?rest_route=\/wp\/v2\/posts\/3079\/revisions\/3081"}],"wp:featuredmedia":[{"embeddable":true,"href":"https:\/\/gundem59.com.tr\/index.php?rest_route=\/wp\/v2\/media\/3080"}],"wp:attachment":[{"href":"https:\/\/gundem59.com.tr\/index.php?rest_route=%2Fwp%2Fv2%2Fmedia&parent=3079"}],"wp:term":[{"taxonomy":"category","embeddable":true,"href":"https:\/\/gundem59.com.tr\/index.php?rest_route=%2Fwp%2Fv2%2Fcategories&post=3079"},{"taxonomy":"post_tag","embeddable":true,"href":"https:\/\/gundem59.com.tr\/index.php?rest_route=%2Fwp%2Fv2%2Ftags&post=3079"},{"taxonomy":"author","embeddable":true,"href":"https:\/\/gundem59.com.tr\/index.php?rest_route=%2Fwp%2Fv2%2Fppma_author&post=3079"}],"curies":[{"name":"wp","href":"https:\/\/api.w.org\/{rel}","templated":true}]}}