{"id":3075,"date":"2026-07-11T10:38:15","date_gmt":"2026-07-11T10:38:15","guid":{"rendered":"https:\/\/gundem59.com.tr\/?p=3075"},"modified":"2026-07-11T10:38:16","modified_gmt":"2026-07-11T10:38:16","slug":"tek-cocuk-yuvamiz-muratli-gunduz-bakimevi-hizmete-acildi","status":"publish","type":"post","link":"https:\/\/gundem59.com.tr\/?p=3075","title":{"rendered":"TEK \u00c7ocuk Yuvam\u0131z Muratl\u0131 G\u00fcnd\u00fcz Bak\u0131mevi Hizmete A\u00e7\u0131ld\u0131"},"content":{"rendered":"\n<p class=\"wp-block-paragraph\">Tekirda\u011f B\u00fcy\u00fck\u015fehir Belediyesi taraf\u0131ndan hayata ge\u00e7irilen TEK \u00c7ocuk Yuvam\u0131z G\u00fcnd\u00fcz Bak\u0131mevi projesinin ikinci halkas\u0131 Muratl\u0131\u2019da hizmete a\u00e7\u0131ld\u0131. \u015eark\u00f6y\u2019\u00fcn ard\u0131ndan faaliyete ba\u015flayan Muratl\u0131 G\u00fcnd\u00fcz Bak\u0131mevi, okul \u00f6ncesi e\u011fitim alan\u0131nda \u00f6nemli bir ihtiyac\u0131 kar\u015f\u0131layacak.<\/p>\n\n\n\n<p class=\"wp-block-paragraph\">A\u00e7\u0131l\u0131\u015f t\u00f6reni sayg\u0131 duru\u015fu ve \u0130stiklal Mar\u015f\u0131&#8217;n\u0131n okunmas\u0131yla ba\u015flad\u0131. Programda ilk olarak Tekirda\u011f B\u00fcy\u00fck\u015fehir Belediyesi Sa\u011fl\u0131k ve Sosyal \u0130\u015fler Dairesi Ba\u015fkan\u0131 Sultan Ate\u015fo\u011flu taraf\u0131ndan g\u00fcnd\u00fcz bak\u0131mevinin kapasitesi, e\u011fitim modeli ve hizmet i\u015fleyi\u015fi hakk\u0131nda bilgi verildi.<\/p>\n\n\n\n<h2 class=\"wp-block-heading\">T\u00fcrel: \u201cProjeye Katk\u0131 Sunmaktan Memnuniyet Duyduk\u201d<\/h2>\n\n\n\n<p class=\"wp-block-paragraph\">Muratl\u0131 Belediye Ba\u015fkan\u0131 Varol T\u00fcrel, il\u00e7eye kazand\u0131r\u0131lan yat\u0131r\u0131m nedeniyle Tekirda\u011f B\u00fcy\u00fck\u015fehir Belediyesi\u2019ne te\u015fekk\u00fcr ederek, \u201cMuratl\u0131 Belediyesi olarak yer tahsisini ger\u00e7ekle\u015ftirerek projeye katk\u0131 sunmaktan memnuniyet duyduk\u201d dedi.<\/p>\n\n\n\n<h2 class=\"wp-block-heading\">Y\u00fcceer: \u201c\u00c7ocuklara Yap\u0131lan Her Yat\u0131r\u0131m Gelece\u011fe Yap\u0131lan Yat\u0131r\u0131md\u0131r\u201d<\/h2>\n\n\n\n<p class=\"wp-block-paragraph\">A\u00e7\u0131l\u0131\u015fta konu\u015fan Tekirda\u011f B\u00fcy\u00fck\u015fehir Belediye Ba\u015fkan\u0131 Candan Y\u00fcceer, \u00e7ocuklara y\u00f6nelik yat\u0131r\u0131mlar\u0131n kendileri i\u00e7in ayr\u0131 bir \u00f6nem ta\u015f\u0131d\u0131\u011f\u0131n\u0131 belirtti.<\/p>\n\n\n\n<p class=\"wp-block-paragraph\">Y\u00fcceer, \u201cBug\u00fcn bizim i\u00e7in \u00e7ok k\u0131ymetli bir a\u00e7\u0131l\u0131\u015f. \u00c7ocuklar\u0131n oldu\u011fu her yer bizim i\u00e7in \u00e7ok g\u00fczel ve \u00e7ok de\u011ferli. Onlara yapt\u0131\u011f\u0131m\u0131z her yat\u0131r\u0131m, gelece\u011fe yap\u0131lan yat\u0131r\u0131md\u0131r. G\u00f6reve gelirken insan odakl\u0131 belediyecilik anlay\u0131\u015f\u0131yla yola \u00e7\u0131kt\u0131k. Altyap\u0131 ve \u00fcstyap\u0131 yat\u0131r\u0131mlar\u0131 elbette \u00f6nemli ancak \u00e7ocuklara, gen\u00e7lere ve kad\u0131nlara y\u00f6nelik projeler bizim i\u00e7in daha da k\u0131ymetlidir\u201d ifadelerini kulland\u0131.<\/p>\n\n\n\n<figure class=\"wp-block-image size-full\"><img  title=\"\" loading=\"lazy\" decoding=\"async\" width=\"1024\" height=\"682\" src=\"https:\/\/gundem59.com.tr\/wp-content\/uploads\/2026\/07\/muratli-gunduz-bakim-evi-2.jpg\"  alt=\"muratli-gunduz-bakim-evi-2 TEK \u00c7ocuk Yuvam\u0131z Muratl\u0131 G\u00fcnd\u00fcz Bak\u0131mevi Hizmete A\u00e7\u0131ld\u0131\"  class=\"wp-image-3077\" srcset=\"https:\/\/gundem59.com.tr\/wp-content\/uploads\/2026\/07\/muratli-gunduz-bakim-evi-2.jpg 1024w, https:\/\/gundem59.com.tr\/wp-content\/uploads\/2026\/07\/muratli-gunduz-bakim-evi-2-300x200.jpg 300w, https:\/\/gundem59.com.tr\/wp-content\/uploads\/2026\/07\/muratli-gunduz-bakim-evi-2-768x512.jpg 768w\" sizes=\"auto, (max-width: 1024px) 100vw, 1024px\" \/><\/figure>\n\n\n\n<h2 class=\"wp-block-heading\">\u201c11 \u0130l\u00e7eye 11 G\u00fcnd\u00fcz Bak\u0131mevi\u201d<\/h2>\n\n\n\n<p class=\"wp-block-paragraph\">Tekirda\u011f B\u00fcy\u00fck\u015fehir Belediyesi\u2019nin sosyal belediyecilik anlay\u0131\u015f\u0131n\u0131n \u00f6nemli projelerinden birinin g\u00fcnd\u00fcz bak\u0131mevleri oldu\u011funu belirten Y\u00fcceer, hedeflerinin 11 il\u00e7enin tamam\u0131na bu hizmeti ula\u015ft\u0131rmak oldu\u011funu s\u00f6yledi.<\/p>\n\n\n\n<p class=\"wp-block-paragraph\">\u015eark\u00f6y ve Muratl\u0131\u2019n\u0131n ard\u0131ndan S\u00fcleymanpa\u015fa ve Saray\u2019da yap\u0131m \u00e7al\u0131\u015fmalar\u0131n\u0131n s\u00fcrd\u00fc\u011f\u00fcn\u00fc kaydeden Y\u00fcceer, Malkara ve di\u011fer il\u00e7elerde de haz\u0131rl\u0131klar\u0131n devam etti\u011fini belirtti.<\/p>\n\n\n\n<p class=\"wp-block-paragraph\">\u201c\u00c7ocuklar\u0131m\u0131z\u0131 yar\u0131nlara haz\u0131rlamak, ailelerimizin ya\u015fam\u0131n\u0131 kolayla\u015ft\u0131rmak ve kad\u0131nlar\u0131m\u0131z\u0131n \u00e7al\u0131\u015fma hayat\u0131na kat\u0131l\u0131m\u0131n\u0131 desteklemek bizim i\u00e7in b\u00fcy\u00fck \u00f6nem ta\u015f\u0131yor. Ayn\u0131 zamanda e\u011fitimde f\u0131rsat e\u015fitli\u011fini g\u00fc\u00e7lendirmeyi hedefliyoruz\u201d dedi.<\/p>\n\n\n\n<h2 class=\"wp-block-heading\">80 \u00d6\u011frenci Kapasiteli<\/h2>\n\n\n\n<p class=\"wp-block-paragraph\">Konu\u015fmalar\u0131n ard\u0131ndan protokol \u00fcyeleri taraf\u0131ndan kurdele kesilerek TEK \u00c7ocuk Yuvam\u0131z Muratl\u0131 G\u00fcnd\u00fcz Bak\u0131mevi resmen hizmete a\u00e7\u0131ld\u0131.<\/p>\n\n\n\n<p class=\"wp-block-paragraph\">Toplam 630 metrekare in\u015faat alan\u0131na sahip olan g\u00fcnd\u00fcz bak\u0131mevi, 80 \u00f6\u011frenci kapasitesiyle hizmet verecek. Tesiste 25 ile 66 ay aras\u0131ndaki \u00e7ocuklara y\u00f6nelik okul \u00f6ncesi e\u011fitim programlar\u0131 uygulanacak.<\/p>\n\n\n\n<p class=\"wp-block-paragraph\">A\u00e7\u0131l\u0131\u015f program\u0131na Tekirda\u011f B\u00fcy\u00fck\u015fehir Belediye Ba\u015fkan\u0131 Candan Y\u00fcceer, Muratl\u0131 Belediye Ba\u015fkan\u0131 Varol T\u00fcrel, Tekirda\u011f B\u00fcy\u00fck\u015fehir Belediyesi Genel Sekreteri Do\u00e7. Dr. Erg\u00fcl Halis\u00e7elik, belediye meclis \u00fcyeleri, siyasi parti temsilcileri, sivil toplum kurulu\u015flar\u0131n\u0131n temsilcileri, mahalle muhtarlar\u0131 ve \u00e7ok say\u0131da vatanda\u015f kat\u0131ld\u0131.<\/p>\n","protected":false},"excerpt":{"rendered":"<p>Tekirda\u011f B\u00fcy\u00fck\u015fehir Belediyesi taraf\u0131ndan hayata ge\u00e7irilen TEK \u00c7ocuk Yuvam\u0131z G\u00fcnd\u00fcz Bak\u0131mevi projesinin ikinci halkas\u0131 Muratl\u0131\u2019da&#8230;<\/p>\n","protected":false},"author":1,"featured_media":3076,"comment_status":"closed","ping_status":"closed","sticky":false,"template":"","format":"standard","meta":{"footnotes":""},"categories":[12],"tags":[],"ppma_author":[57],"class_list":["post-3075","post","type-post","status-publish","format-standard","has-post-thumbnail","hentry","category-muratli"],"authors":[{"term_id":57,"user_id":1,"is_guest":0,"slug":"admin","display_name":"Alp Aslan","avatar_url":"https:\/\/secure.gravatar.com\/avatar\/07c18c5ad3350b025db8f3328450e071acb435c703e565899c880c63362f137a?s=96&d=mm&r=g","author_category":"1","first_name":"Alp Aslan","last_name":"ER\u0130N","user_url":"http:\/\/www.gundem59.com.tr","job_title":"","description":""}],"_links":{"self":[{"href":"https:\/\/gundem59.com.tr\/index.php?rest_route=\/wp\/v2\/posts\/3075","targetHints":{"allow":["GET"]}}],"collection":[{"href":"https:\/\/gundem59.com.tr\/index.php?rest_route=\/wp\/v2\/posts"}],"about":[{"href":"https:\/\/gundem59.com.tr\/index.php?rest_route=\/wp\/v2\/types\/post"}],"author":[{"embeddable":true,"href":"https:\/\/gundem59.com.tr\/index.php?rest_route=\/wp\/v2\/users\/1"}],"replies":[{"embeddable":true,"href":"https:\/\/gundem59.com.tr\/index.php?rest_route=%2Fwp%2Fv2%2Fcomments&post=3075"}],"version-history":[{"count":1,"href":"https:\/\/gundem59.com.tr\/index.php?rest_route=\/wp\/v2\/posts\/3075\/revisions"}],"predecessor-version":[{"id":3078,"href":"https:\/\/gundem59.com.tr\/index.php?rest_route=\/wp\/v2\/posts\/3075\/revisions\/3078"}],"wp:featuredmedia":[{"embeddable":true,"href":"https:\/\/gundem59.com.tr\/index.php?rest_route=\/wp\/v2\/media\/3076"}],"wp:attachment":[{"href":"https:\/\/gundem59.com.tr\/index.php?rest_route=%2Fwp%2Fv2%2Fmedia&parent=3075"}],"wp:term":[{"taxonomy":"category","embeddable":true,"href":"https:\/\/gundem59.com.tr\/index.php?rest_route=%2Fwp%2Fv2%2Fcategories&post=3075"},{"taxonomy":"post_tag","embeddable":true,"href":"https:\/\/gundem59.com.tr\/index.php?rest_route=%2Fwp%2Fv2%2Ftags&post=3075"},{"taxonomy":"author","embeddable":true,"href":"https:\/\/gundem59.com.tr\/index.php?rest_route=%2Fwp%2Fv2%2Fppma_author&post=3075"}],"curies":[{"name":"wp","href":"https:\/\/api.w.org\/{rel}","templated":true}]}}