{"id":3072,"date":"2026-07-11T10:34:49","date_gmt":"2026-07-11T10:34:49","guid":{"rendered":"https:\/\/gundem59.com.tr\/?p=3072"},"modified":"2026-07-11T10:34:50","modified_gmt":"2026-07-11T10:34:50","slug":"malkarada-uc-cadde-yeni-yuzune-kavustu","status":"publish","type":"post","link":"https:\/\/gundem59.com.tr\/?p=3072","title":{"rendered":"Malkara\u2019da \u00dc\u00e7 Cadde Yeni Y\u00fcz\u00fcne Kavu\u015ftu"},"content":{"rendered":"\n<p class=\"wp-block-paragraph\">Tekirda\u011f B\u00fcy\u00fck\u015fehir Belediyesi, kent genelinde s\u00fcrd\u00fcrd\u00fc\u011f\u00fc ula\u015f\u0131m yat\u0131r\u0131mlar\u0131 kapsam\u0131nda Malkara il\u00e7esinde \u00f6nemli bir \u00e7al\u0131\u015fmay\u0131 daha tamamlad\u0131. Kurtulu\u015f, P\u0131nar ve Demirciler caddelerinde ger\u00e7ekle\u015ftirilen yol yap\u0131m ve yenileme \u00e7al\u0131\u015fmalar\u0131yla toplam 4 bin 500 metrelik g\u00fczerg\u00e2h modern ve g\u00fcvenli bir ula\u015f\u0131m altyap\u0131s\u0131na kavu\u015fturuldu.<\/p>\n\n\n\n<h2 class=\"wp-block-heading\">Malkara\u2019da Ula\u015f\u0131m Altyap\u0131s\u0131 G\u00fc\u00e7leniyor<\/h2>\n\n\n\n<p class=\"wp-block-paragraph\">Tekirda\u011f B\u00fcy\u00fck\u015fehir Belediyesi, 11 il\u00e7ede s\u00fcrd\u00fcrd\u00fc\u011f\u00fc yol yap\u0131m, bak\u0131m ve onar\u0131m \u00e7al\u0131\u015fmalar\u0131yla ula\u015f\u0131m a\u011f\u0131n\u0131 g\u00fc\u00e7lendirmeye devam ediyor. Bu kapsamda Malkara\u2019da y\u00fcr\u00fct\u00fclen \u00e7al\u0131\u015fmalar sonucunda Kurtulu\u015f Caddesi, P\u0131nar Caddesi ve Demirciler Caddesi ba\u015ftan sona yenilenerek vatanda\u015flar\u0131n hizmetine sunuldu.<\/p>\n\n\n\n<h2 class=\"wp-block-heading\">4 Bin 500 Metrelik Yol A\u011f\u0131 Yenilendi<\/h2>\n\n\n\n<p class=\"wp-block-paragraph\">Tekirda\u011f B\u00fcy\u00fck\u015fehir Belediyesi Fen \u0130\u015fleri Dairesi Ba\u015fkanl\u0131\u011f\u0131 ekipleri taraf\u0131ndan ger\u00e7ekle\u015ftirilen \u00e7al\u0131\u015fmalar kapsam\u0131nda ortalama 9 metre geni\u015fli\u011fe sahip toplam 4 bin 500 metre uzunlu\u011fundaki yol a\u011f\u0131 modern standartlara uygun \u015fekilde yenilendi.<\/p>\n\n\n\n<p class=\"wp-block-paragraph\">Demirciler Caddesi \u00d6mer Kahraman Sokak\u2019ta 2 bin 160 ton asfalt serimi yap\u0131l\u0131rken, altyap\u0131n\u0131n g\u00fc\u00e7lendirilmesi amac\u0131yla 3 bin ton ta\u015f dolgu kullan\u0131ld\u0131.<\/p>\n\n\n\n<p class=\"wp-block-paragraph\">P\u0131nar Caddesi\u2019nde bin 730 ton asfalt serimi ger\u00e7ekle\u015ftirilirken, yolun dayan\u0131kl\u0131l\u0131\u011f\u0131n\u0131 art\u0131rmak amac\u0131yla 4 bin ton ta\u015f dolgu ve temel malzemesi uyguland\u0131.<\/p>\n\n\n\n<p class=\"wp-block-paragraph\">Kurtulu\u015f Caddesi\u2019nde ise 4 bin 700 ton asfalt serimi yap\u0131larak g\u00fczerg\u00e2h daha g\u00fcvenli ve konforlu hale getirildi.<\/p>\n\n\n\n<h2 class=\"wp-block-heading\">S\u00fcr\u00fc\u015f Konforu ve Yol G\u00fcvenli\u011fi Artt\u0131<\/h2>\n\n\n\n<p class=\"wp-block-paragraph\">Tamamlanan \u00e7al\u0131\u015fmalar sayesinde hem s\u00fcr\u00fc\u015f konforu y\u00fckseltildi hem de trafik g\u00fcvenli\u011fi \u00f6nemli \u00f6l\u00e7\u00fcde art\u0131r\u0131ld\u0131. Yenilenen yollarla birlikte vatanda\u015flar daha g\u00fcvenli, kesintisiz ve rahat bir ula\u015f\u0131m imkan\u0131na kavu\u015furken, il\u00e7enin ula\u015f\u0131m altyap\u0131s\u0131 da g\u00fc\u00e7lendirilmi\u015f oldu.<\/p>\n\n\n\n<h2 class=\"wp-block-heading\">\u00c7al\u0131\u015fmalar S\u00fcrecek<\/h2>\n\n\n\n<p class=\"wp-block-paragraph\">Tekirda\u011f B\u00fcy\u00fck\u015fehir Belediyesi, kent genelinde ihtiya\u00e7 duyulan b\u00f6lgelerde yol yap\u0131m, bak\u0131m ve yenileme \u00e7al\u0131\u015fmalar\u0131n\u0131 planl\u0131 \u015fekilde s\u00fcrd\u00fcrmeye devam ediyor. Belediye yetkilileri, vatanda\u015flar\u0131n daha g\u00fcvenli ve kaliteli ula\u015f\u0131m hizmeti alabilmesi i\u00e7in yat\u0131r\u0131mlar\u0131n aral\u0131ks\u0131z s\u00fcrd\u00fcr\u00fclece\u011fini belirtti.<\/p>\n","protected":false},"excerpt":{"rendered":"<p>Tekirda\u011f B\u00fcy\u00fck\u015fehir Belediyesi, kent genelinde s\u00fcrd\u00fcrd\u00fc\u011f\u00fc ula\u015f\u0131m yat\u0131r\u0131mlar\u0131 kapsam\u0131nda Malkara il\u00e7esinde \u00f6nemli bir \u00e7al\u0131\u015fmay\u0131 daha&#8230;<\/p>\n","protected":false},"author":1,"featured_media":3073,"comment_status":"closed","ping_status":"closed","sticky":false,"template":"","format":"standard","meta":{"footnotes":""},"categories":[9],"tags":[],"ppma_author":[57],"class_list":["post-3072","post","type-post","status-publish","format-standard","has-post-thumbnail","hentry","category-malkara"],"authors":[{"term_id":57,"user_id":1,"is_guest":0,"slug":"admin","display_name":"Alp Aslan","avatar_url":"https:\/\/secure.gravatar.com\/avatar\/07c18c5ad3350b025db8f3328450e071acb435c703e565899c880c63362f137a?s=96&d=mm&r=g","author_category":"1","first_name":"Alp Aslan","last_name":"ER\u0130N","user_url":"http:\/\/www.gundem59.com.tr","job_title":"","description":""}],"_links":{"self":[{"href":"https:\/\/gundem59.com.tr\/index.php?rest_route=\/wp\/v2\/posts\/3072","targetHints":{"allow":["GET"]}}],"collection":[{"href":"https:\/\/gundem59.com.tr\/index.php?rest_route=\/wp\/v2\/posts"}],"about":[{"href":"https:\/\/gundem59.com.tr\/index.php?rest_route=\/wp\/v2\/types\/post"}],"author":[{"embeddable":true,"href":"https:\/\/gundem59.com.tr\/index.php?rest_route=\/wp\/v2\/users\/1"}],"replies":[{"embeddable":true,"href":"https:\/\/gundem59.com.tr\/index.php?rest_route=%2Fwp%2Fv2%2Fcomments&post=3072"}],"version-history":[{"count":1,"href":"https:\/\/gundem59.com.tr\/index.php?rest_route=\/wp\/v2\/posts\/3072\/revisions"}],"predecessor-version":[{"id":3074,"href":"https:\/\/gundem59.com.tr\/index.php?rest_route=\/wp\/v2\/posts\/3072\/revisions\/3074"}],"wp:featuredmedia":[{"embeddable":true,"href":"https:\/\/gundem59.com.tr\/index.php?rest_route=\/wp\/v2\/media\/3073"}],"wp:attachment":[{"href":"https:\/\/gundem59.com.tr\/index.php?rest_route=%2Fwp%2Fv2%2Fmedia&parent=3072"}],"wp:term":[{"taxonomy":"category","embeddable":true,"href":"https:\/\/gundem59.com.tr\/index.php?rest_route=%2Fwp%2Fv2%2Fcategories&post=3072"},{"taxonomy":"post_tag","embeddable":true,"href":"https:\/\/gundem59.com.tr\/index.php?rest_route=%2Fwp%2Fv2%2Ftags&post=3072"},{"taxonomy":"author","embeddable":true,"href":"https:\/\/gundem59.com.tr\/index.php?rest_route=%2Fwp%2Fv2%2Fppma_author&post=3072"}],"curies":[{"name":"wp","href":"https:\/\/api.w.org\/{rel}","templated":true}]}}