{"id":3069,"date":"2026-07-11T10:30:49","date_gmt":"2026-07-11T10:30:49","guid":{"rendered":"https:\/\/gundem59.com.tr\/?p=3069"},"modified":"2026-07-11T10:30:49","modified_gmt":"2026-07-11T10:30:49","slug":"ergenede-muhabbet-sizden-caylar-ve-kahveler-muge-baskandan-uygulamasi-yeniden-basladi","status":"publish","type":"post","link":"https:\/\/gundem59.com.tr\/?p=3069","title":{"rendered":"Ergene\u2019de \u201cMuhabbet Sizden, \u00c7aylar ve Kahveler M\u00fcge Ba\u015fkan\u2019dan\u201d Uygulamas\u0131 Yeniden Ba\u015flad\u0131"},"content":{"rendered":"\n<p class=\"wp-block-paragraph\">Ergene Belediyesi taraf\u0131ndan vatanda\u015flar\u0131 bir araya getirmek amac\u0131yla hayata ge\u00e7irilen ve \u00f6nceki y\u0131llarda yo\u011fun ilgi g\u00f6ren \u201cMuhabbet Sizden, \u00c7aylar ve Kahveler M\u00fcge Ba\u015fkan\u2019dan\u201d uygulamas\u0131 bu yaz da yeniden ba\u015flad\u0131. \u0130l\u00e7e genelindeki parklarda ger\u00e7ekle\u015ftirilen \u00fccretsiz \u00e7ay ve kahve ikramlar\u0131, vatanda\u015flar\u0131n sosyal ya\u015fam\u0131na renk kat\u0131yor.<\/p>\n\n\n\n<p class=\"wp-block-paragraph\">Ergene Belediye Ba\u015fkan\u0131 M\u00fcge Y\u0131ld\u0131z Topak, uygulaman\u0131n yaln\u0131zca bir ikram etkinli\u011fi olmad\u0131\u011f\u0131n\u0131, kom\u015fuluk ili\u015fkilerini g\u00fc\u00e7lendiren \u00f6nemli bir sosyal proje oldu\u011funu belirtti.<\/p>\n\n\n\n<p class=\"wp-block-paragraph\">Ba\u015fkan Topak yapt\u0131\u011f\u0131 a\u00e7\u0131klamada, \u201cHer y\u0131l b\u00fcy\u00fck bir ilgiyle kar\u015f\u0131lanan \u2018Muhabbet Sizden, \u00c7aylar ve Kahveler M\u00fcge Ba\u015fkan\u2019dan\u2019 uygulamam\u0131z\u0131 bu yaz da k\u0131ymetli hem\u015ferilerimizle bulu\u015fturman\u0131n mutlulu\u011funu ya\u015f\u0131yoruz. Biz biliyoruz ki bazen en g\u00fczel dostluklar ve en samimi sohbetler bir bardak \u00e7ay\u0131n s\u0131cakl\u0131\u011f\u0131nda ba\u015flar.\u201d ifadelerini kulland\u0131.<\/p>\n\n\n\n<h3 class=\"wp-block-heading\">Parklar Sosyal Ya\u015fam\u0131n Merkezi Oluyor<\/h3>\n\n\n\n<p class=\"wp-block-paragraph\">\u0130l\u00e7edeki parklar\u0131n her ak\u015fam vatanda\u015flar\u0131n bulu\u015fma noktas\u0131 haline geldi\u011fini vurgulayan Topak, etkinli\u011fin aileleri, gen\u00e7leri ve \u00e7ocuklar\u0131 ayn\u0131 ortamda bir araya getirdi\u011fini s\u00f6yledi.<\/p>\n\n\n\n<p class=\"wp-block-paragraph\">\u201cAmac\u0131m\u0131z sadece \u00e7ay ve kahve ikram etmek de\u011fil; kom\u015fuluk ba\u011flar\u0131m\u0131z\u0131 g\u00fc\u00e7lendirmek, ailelerimizi ayn\u0131 parkta bulu\u015fturmak ve \u00e7ocuklar\u0131m\u0131z\u0131n g\u00fcvenle, ne\u015feyle vakit ge\u00e7irebildi\u011fi s\u0131cak bir ortam olu\u015fturmakt\u0131r\u201d diyen Topak, Ergene\u2019de dayan\u0131\u015fma k\u00fclt\u00fcr\u00fcn\u00fc g\u00fc\u00e7lendirmeye devam edeceklerini ifade etti.<\/p>\n\n\n\n<h3 class=\"wp-block-heading\">\u201cErgene B\u00fcy\u00fck Bir Aile\u201d<\/h3>\n\n\n\n<p class=\"wp-block-paragraph\">Parklar\u0131n art\u0131k sadece \u00e7ocuklar\u0131n oyun oynad\u0131\u011f\u0131 alanlar olmad\u0131\u011f\u0131n\u0131 belirten Ba\u015fkan Topak, \u201cKom\u015fular\u0131m\u0131z\u0131n bir araya geldi\u011fi, b\u00fcy\u00fcklerimizin sohbet etti\u011fi, gen\u00e7lerimizin vakit ge\u00e7irdi\u011fi dostluk ve muhabbet mek\u00e2nlar\u0131 oluyor. Birlikte olman\u0131n, payla\u015fman\u0131n ve ayn\u0131 sofran\u0131n etraf\u0131nda bulu\u015fman\u0131n mutlulu\u011funu ya\u015f\u0131yoruz. \u00c7\u00fcnk\u00fc biz Ergene\u2019de b\u00fcy\u00fck ve g\u00fc\u00e7l\u00fc bir aileyiz\u201d dedi.<\/p>\n\n\n\n<h3 class=\"wp-block-heading\">Vatanda\u015flardan Te\u015fekk\u00fcr<\/h3>\n\n\n\n<p class=\"wp-block-paragraph\">\u00dccretsiz \u00e7ay ve kahve ikramlar\u0131ndan memnuniyet duyduklar\u0131n\u0131 belirten vatanda\u015flar ise uygulaman\u0131n parklar\u0131 daha canl\u0131 hale getirdi\u011fini ifade etti. Aileleriyle birlikte keyifli vakit ge\u00e7irdiklerini s\u00f6yleyen vatanda\u015flar, sosyal etkinliklerin art\u0131r\u0131lmas\u0131ndan dolay\u0131 Ergene Belediyesi\u2019ne te\u015fekk\u00fcr etti.<\/p>\n\n\n\n<p class=\"wp-block-paragraph\">Ergene Belediyesi taraf\u0131ndan yaz boyunca belirlenen parklarda s\u00fcrd\u00fcr\u00fclecek uygulaman\u0131n, vatanda\u015flar\u0131n yo\u011fun kat\u0131l\u0131m\u0131yla devam etmesi bekleniyor.<\/p>\n","protected":false},"excerpt":{"rendered":"<p>Ergene Belediyesi taraf\u0131ndan vatanda\u015flar\u0131 bir araya getirmek amac\u0131yla hayata ge\u00e7irilen ve \u00f6nceki y\u0131llarda yo\u011fun ilgi&#8230;<\/p>\n","protected":false},"author":1,"featured_media":3070,"comment_status":"closed","ping_status":"closed","sticky":false,"template":"","format":"standard","meta":{"footnotes":""},"categories":[10],"tags":[],"ppma_author":[57],"class_list":["post-3069","post","type-post","status-publish","format-standard","has-post-thumbnail","hentry","category-ergene"],"authors":[{"term_id":57,"user_id":1,"is_guest":0,"slug":"admin","display_name":"Alp Aslan","avatar_url":"https:\/\/secure.gravatar.com\/avatar\/07c18c5ad3350b025db8f3328450e071acb435c703e565899c880c63362f137a?s=96&d=mm&r=g","author_category":"1","first_name":"Alp Aslan","last_name":"ER\u0130N","user_url":"http:\/\/www.gundem59.com.tr","job_title":"","description":""}],"_links":{"self":[{"href":"https:\/\/gundem59.com.tr\/index.php?rest_route=\/wp\/v2\/posts\/3069","targetHints":{"allow":["GET"]}}],"collection":[{"href":"https:\/\/gundem59.com.tr\/index.php?rest_route=\/wp\/v2\/posts"}],"about":[{"href":"https:\/\/gundem59.com.tr\/index.php?rest_route=\/wp\/v2\/types\/post"}],"author":[{"embeddable":true,"href":"https:\/\/gundem59.com.tr\/index.php?rest_route=\/wp\/v2\/users\/1"}],"replies":[{"embeddable":true,"href":"https:\/\/gundem59.com.tr\/index.php?rest_route=%2Fwp%2Fv2%2Fcomments&post=3069"}],"version-history":[{"count":1,"href":"https:\/\/gundem59.com.tr\/index.php?rest_route=\/wp\/v2\/posts\/3069\/revisions"}],"predecessor-version":[{"id":3071,"href":"https:\/\/gundem59.com.tr\/index.php?rest_route=\/wp\/v2\/posts\/3069\/revisions\/3071"}],"wp:featuredmedia":[{"embeddable":true,"href":"https:\/\/gundem59.com.tr\/index.php?rest_route=\/wp\/v2\/media\/3070"}],"wp:attachment":[{"href":"https:\/\/gundem59.com.tr\/index.php?rest_route=%2Fwp%2Fv2%2Fmedia&parent=3069"}],"wp:term":[{"taxonomy":"category","embeddable":true,"href":"https:\/\/gundem59.com.tr\/index.php?rest_route=%2Fwp%2Fv2%2Fcategories&post=3069"},{"taxonomy":"post_tag","embeddable":true,"href":"https:\/\/gundem59.com.tr\/index.php?rest_route=%2Fwp%2Fv2%2Ftags&post=3069"},{"taxonomy":"author","embeddable":true,"href":"https:\/\/gundem59.com.tr\/index.php?rest_route=%2Fwp%2Fv2%2Fppma_author&post=3069"}],"curies":[{"name":"wp","href":"https:\/\/api.w.org\/{rel}","templated":true}]}}