{"id":3063,"date":"2026-07-11T10:22:20","date_gmt":"2026-07-11T10:22:20","guid":{"rendered":"https:\/\/gundem59.com.tr\/?p=3063"},"modified":"2026-07-11T10:22:21","modified_gmt":"2026-07-11T10:22:21","slug":"trakyada-uzun-yasamin-sirri-ne-iste-saglikli-yasamin-sifresi","status":"publish","type":"post","link":"https:\/\/gundem59.com.tr\/?p=3063","title":{"rendered":"Trakya\u2019da Uzun Ya\u015fam\u0131n S\u0131rr\u0131 Ne? \u0130\u015fte Sa\u011fl\u0131kl\u0131 Ya\u015fam\u0131n \u015eifresi"},"content":{"rendered":"\n<p class=\"wp-block-paragraph\">T\u00fcrkiye\u2019nin Avrupa\u2019ya a\u00e7\u0131lan kap\u0131s\u0131 olan Trakya, yaln\u0131zca verimli tar\u0131m arazileri ve sanayi yat\u0131r\u0131mlar\u0131yla de\u011fil, uzun ve sa\u011fl\u0131kl\u0131 ya\u015fam k\u00fclt\u00fcr\u00fcyle de dikkat \u00e7ekiyor. \u00d6zellikle Edirne, Tekirda\u011f ve K\u0131rklareli\u2019nde ya\u015fayan bir\u00e7ok vatanda\u015f\u0131n ileri ya\u015flara ra\u011fmen aktif ya\u015fam\u0131n\u0131 s\u00fcrd\u00fcrmesi, b\u00f6lgeyi uzmanlar\u0131n da mercek alt\u0131na ald\u0131\u011f\u0131 bir ya\u015fam merkezi haline getiriyor.<\/p>\n\n\n\n<p class=\"wp-block-paragraph\">B\u00f6lgedeki k\u00f6ylerde ve k\u0131rsal mahallelerde 80, 90 hatta 100 ya\u015f\u0131na yakla\u015fan vatanda\u015flar\u0131n g\u00fcnl\u00fck i\u015flerini kendi ba\u015flar\u0131na yapabilmeleri, uzun ya\u015fam\u0131n ard\u0131ndaki nedenlere ili\u015fkin ara\u015ft\u0131rmalar\u0131 art\u0131r\u0131yor.<\/p>\n\n\n\n<h2 class=\"wp-block-heading\">Temiz Hava \u00d6nemli Bir Avantaj Sa\u011fl\u0131yor<\/h2>\n\n\n\n<p class=\"wp-block-paragraph\">Uzmanlara g\u00f6re Trakya\u2019da uzun ya\u015fam\u0131n en \u00f6nemli nedenlerinden biri temiz hava. \u00d6zellikle K\u0131rklareli\u2019nin Istranca Da\u011flar\u0131 \u00e7evresi, Edirne\u2019nin k\u0131rsal b\u00f6lgeleri ve Tekirda\u011f\u2019\u0131n \u015eark\u00f6y ile Malkara il\u00e7eleri, d\u00fc\u015f\u00fck hava kirlili\u011fi oranlar\u0131yla \u00f6ne \u00e7\u0131k\u0131yor.<\/p>\n\n\n\n<p class=\"wp-block-paragraph\">Do\u011fayla i\u00e7 i\u00e7e ya\u015fam s\u00fcren vatanda\u015flar, b\u00fcy\u00fck \u015fehirlerde g\u00f6r\u00fclen yo\u011fun trafik ve hava kirlili\u011finden uzak bir ortamda hayatlar\u0131n\u0131 s\u00fcrd\u00fcr\u00fcyor. Bu durum kalp ve solunum sistemi sa\u011fl\u0131\u011f\u0131 \u00fczerinde olumlu etkiler olu\u015fturuyor.<\/p>\n\n\n\n<h2 class=\"wp-block-heading\">Hareketli Ya\u015fam Tarz\u0131 Uzun \u00d6mr\u00fc Destekliyor<\/h2>\n\n\n\n<p class=\"wp-block-paragraph\">Trakya\u2019da ya\u015fayan bir\u00e7ok ki\u015fi g\u00fcnl\u00fck hayat\u0131nda fiziksel aktiviteyi do\u011fal bir \u015fekilde s\u00fcrd\u00fcr\u00fcyor. Tar\u0131m, hayvanc\u0131l\u0131k, ba\u011fc\u0131l\u0131k ve bah\u00e7e i\u015fleriyle u\u011fra\u015fan vatanda\u015flar g\u00fcn\u00fcn \u00f6nemli b\u00f6l\u00fcm\u00fcn\u00fc hareket halinde ge\u00e7iriyor.<\/p>\n\n\n\n<p class=\"wp-block-paragraph\">Uzmanlar, d\u00fczenli fiziksel hareketin kalp-damar hastal\u0131klar\u0131, diyabet ve obezite riskini azaltt\u0131\u011f\u0131n\u0131 belirterek, Trakya\u2019daki aktif ya\u015fam k\u00fclt\u00fcr\u00fcn\u00fcn uzun \u00f6m\u00fcr \u00fczerinde etkili oldu\u011funa dikkat \u00e7ekiyor.<\/p>\n\n\n\n<h2 class=\"wp-block-heading\">Do\u011fal ve Dengeli Beslenme \u00d6ne \u00c7\u0131k\u0131yor<\/h2>\n\n\n\n<p class=\"wp-block-paragraph\">B\u00f6lgenin zengin tar\u0131m \u00fcr\u00fcnleri de sa\u011fl\u0131kl\u0131 ya\u015fam\u0131n \u00f6nemli unsurlar\u0131ndan biri olarak g\u00f6steriliyor. Zeytinya\u011f\u0131, taze sebze ve meyveler, s\u00fct \u00fcr\u00fcnleri, bakliyatlar ve do\u011fal \u00fcretim g\u0131dalar Trakya mutfa\u011f\u0131n\u0131n temelini olu\u015fturuyor.<\/p>\n\n\n\n<p class=\"wp-block-paragraph\">\u00d6zellikle ev yap\u0131m\u0131 yo\u011furt, peynir, mevsiminde t\u00fcketilen sebzeler ve do\u011fal \u00fcr\u00fcnlerin a\u011f\u0131rl\u0131kl\u0131 oldu\u011fu beslenme al\u0131\u015fkanl\u0131\u011f\u0131, sa\u011fl\u0131kl\u0131 ya\u015fam\u0131 destekleyen fakt\u00f6rler aras\u0131nda yer al\u0131yor.<\/p>\n\n\n\n<h2 class=\"wp-block-heading\">G\u00fc\u00e7l\u00fc Sosyal Ba\u011flar Dikkat \u00c7ekiyor<\/h2>\n\n\n\n<p class=\"wp-block-paragraph\">Uzmanlar\u0131n dikkat \u00e7ekti\u011fi bir di\u011fer unsur ise Trakya insan\u0131n\u0131n g\u00fc\u00e7l\u00fc sosyal ili\u015fkileri. Kom\u015fuluk k\u00fclt\u00fcr\u00fcn\u00fcn h\u00e2l\u00e2 canl\u0131 olmas\u0131, aile ba\u011flar\u0131n\u0131n kuvvetli yap\u0131s\u0131 ve sosyal dayan\u0131\u015fma, bireylerin psikolojik olarak daha g\u00fc\u00e7l\u00fc kalmas\u0131na katk\u0131 sa\u011fl\u0131yor.<\/p>\n\n\n\n<p class=\"wp-block-paragraph\">Ara\u015ft\u0131rmalar, yaln\u0131zl\u0131\u011f\u0131n bir\u00e7ok hastal\u0131k i\u00e7in risk fakt\u00f6r\u00fc oldu\u011funu ortaya koyarken, Trakya\u2019daki sosyal ya\u015fam\u0131n insanlar\u0131n hem ruhsal hem de fiziksel sa\u011fl\u0131\u011f\u0131na olumlu etki etti\u011fi de\u011ferlendiriliyor.<\/p>\n\n\n\n<h2 class=\"wp-block-heading\">Sa\u011fl\u0131kl\u0131 Ya\u015fam\u0131n Adresi Trakya<\/h2>\n\n\n\n<p class=\"wp-block-paragraph\">Temiz hava, do\u011fal beslenme, hareketli ya\u015fam ve g\u00fc\u00e7l\u00fc sosyal ili\u015fkilerin birle\u015fimi, Edirne, Tekirda\u011f ve K\u0131rklareli\u2019ni T\u00fcrkiye\u2019nin sa\u011fl\u0131kl\u0131 ya\u015fam a\u00e7\u0131s\u0131ndan \u00f6ne \u00e7\u0131kan b\u00f6lgelerinden biri haline getiriyor.<\/p>\n\n\n\n<p class=\"wp-block-paragraph\">Uzmanlar, uzun ve kaliteli bir ya\u015fam i\u00e7in Trakya\u2019da g\u00f6r\u00fclen ya\u015fam al\u0131\u015fkanl\u0131klar\u0131n\u0131n \u00f6rnek al\u0131nabilecek \u00f6nemli unsurlar i\u00e7erdi\u011fini belirtiyor. B\u00f6lge, do\u011fal ya\u015fam\u0131n ve sa\u011fl\u0131kl\u0131 ya\u015flanman\u0131n T\u00fcrkiye\u2019deki en dikkat \u00e7ekici \u00f6rneklerinden biri olarak g\u00f6steriliyor.<\/p>\n","protected":false},"excerpt":{"rendered":"<p>T\u00fcrkiye\u2019nin Avrupa\u2019ya a\u00e7\u0131lan kap\u0131s\u0131 olan Trakya, yaln\u0131zca verimli tar\u0131m arazileri ve sanayi yat\u0131r\u0131mlar\u0131yla de\u011fil, uzun&#8230;<\/p>\n","protected":false},"author":1,"featured_media":3064,"comment_status":"closed","ping_status":"closed","sticky":false,"template":"","format":"standard","meta":{"footnotes":""},"categories":[56],"tags":[],"ppma_author":[57],"class_list":["post-3063","post","type-post","status-publish","format-standard","has-post-thumbnail","hentry","category-guncel"],"authors":[{"term_id":57,"user_id":1,"is_guest":0,"slug":"admin","display_name":"Alp Aslan","avatar_url":"https:\/\/secure.gravatar.com\/avatar\/07c18c5ad3350b025db8f3328450e071acb435c703e565899c880c63362f137a?s=96&d=mm&r=g","author_category":"1","first_name":"Alp Aslan","last_name":"ER\u0130N","user_url":"http:\/\/www.gundem59.com.tr","job_title":"","description":""}],"_links":{"self":[{"href":"https:\/\/gundem59.com.tr\/index.php?rest_route=\/wp\/v2\/posts\/3063","targetHints":{"allow":["GET"]}}],"collection":[{"href":"https:\/\/gundem59.com.tr\/index.php?rest_route=\/wp\/v2\/posts"}],"about":[{"href":"https:\/\/gundem59.com.tr\/index.php?rest_route=\/wp\/v2\/types\/post"}],"author":[{"embeddable":true,"href":"https:\/\/gundem59.com.tr\/index.php?rest_route=\/wp\/v2\/users\/1"}],"replies":[{"embeddable":true,"href":"https:\/\/gundem59.com.tr\/index.php?rest_route=%2Fwp%2Fv2%2Fcomments&post=3063"}],"version-history":[{"count":1,"href":"https:\/\/gundem59.com.tr\/index.php?rest_route=\/wp\/v2\/posts\/3063\/revisions"}],"predecessor-version":[{"id":3065,"href":"https:\/\/gundem59.com.tr\/index.php?rest_route=\/wp\/v2\/posts\/3063\/revisions\/3065"}],"wp:featuredmedia":[{"embeddable":true,"href":"https:\/\/gundem59.com.tr\/index.php?rest_route=\/wp\/v2\/media\/3064"}],"wp:attachment":[{"href":"https:\/\/gundem59.com.tr\/index.php?rest_route=%2Fwp%2Fv2%2Fmedia&parent=3063"}],"wp:term":[{"taxonomy":"category","embeddable":true,"href":"https:\/\/gundem59.com.tr\/index.php?rest_route=%2Fwp%2Fv2%2Fcategories&post=3063"},{"taxonomy":"post_tag","embeddable":true,"href":"https:\/\/gundem59.com.tr\/index.php?rest_route=%2Fwp%2Fv2%2Ftags&post=3063"},{"taxonomy":"author","embeddable":true,"href":"https:\/\/gundem59.com.tr\/index.php?rest_route=%2Fwp%2Fv2%2Fppma_author&post=3063"}],"curies":[{"name":"wp","href":"https:\/\/api.w.org\/{rel}","templated":true}]}}