{"id":3060,"date":"2026-07-11T10:19:26","date_gmt":"2026-07-11T10:19:26","guid":{"rendered":"https:\/\/gundem59.com.tr\/?p=3060"},"modified":"2026-07-11T10:19:27","modified_gmt":"2026-07-11T10:19:27","slug":"chp-tekirdag-il-baskanligina-erdogan-kaplan-atandi","status":"publish","type":"post","link":"https:\/\/gundem59.com.tr\/?p=3060","title":{"rendered":"CHP Tekirda\u011f \u0130l Ba\u015fkanl\u0131\u011f\u0131\u2019na Erdo\u011fan Kaplan Atand\u0131"},"content":{"rendered":"\n<p class=\"wp-block-paragraph\">Cumhuriyet Halk Partisi\u2019nde (CHP) ya\u015fanan g\u00f6rev de\u011fi\u015fiklikleri kapsam\u0131nda Tekirda\u011f \u0130l Ba\u015fkanl\u0131\u011f\u0131\u2019nda da yeni bir atama ger\u00e7ekle\u015ftirildi. G\u00f6revden al\u0131nan \u0130l Ba\u015fkan\u0131 Cenk Bodu\u00e7\u2019un yerine 22. D\u00f6nem CHP Tekirda\u011f Milletvekili Erdo\u011fan Kaplan atand\u0131.<\/p>\n\n\n\n<p class=\"wp-block-paragraph\">CHP\u2019de son d\u00f6nemde ya\u015fanan geli\u015fmelerin ard\u0131ndan te\u015fkilatlarda de\u011fi\u015fim s\u00fcreci devam ediyor. Parti y\u00f6netimi taraf\u0131ndan al\u0131nan karar do\u011frultusunda, aralar\u0131nda Tekirda\u011f \u0130l Ba\u015fkan\u0131 Cenk Bodu\u00e7\u2019un da bulundu\u011fu baz\u0131 il ba\u015fkanlar\u0131n\u0131n g\u00f6revlerine son verildi\u011fi \u00f6\u011frenildi.<\/p>\n\n\n\n<p class=\"wp-block-paragraph\">Bu kapsamda CHP Tekirda\u011f \u0130l Ba\u015fkanl\u0131\u011f\u0131 g\u00f6revine daha \u00f6nce milletvekilli\u011fi yapan Erdo\u011fan Kaplan getirildi. Kaplan\u2019\u0131n \u00f6n\u00fcm\u00fczdeki g\u00fcnlerde g\u00f6revini resmen devralarak il te\u015fkilat\u0131ndaki \u00e7al\u0131\u015fmalar\u0131na ba\u015flamas\u0131 bekleniyor.<\/p>\n\n\n\n<p class=\"wp-block-paragraph\">Parti kulislerinde, ger\u00e7ekle\u015ftirilen ataman\u0131n ard\u0131ndan Tekirda\u011f te\u015fkilat\u0131nda yeni bir yap\u0131lanma s\u00fcrecinin ba\u015flayaca\u011f\u0131 de\u011ferlendirilirken, il y\u00f6netiminde yap\u0131labilecek yeni g\u00f6revlendirmeler de merak konusu oldu.<\/p>\n\n\n\n<p class=\"wp-block-paragraph\">\u00d6te yandan CHP\u2019de ya\u015fanan g\u00f6rev de\u011fi\u015fikliklerinin \u00fclke genelindeki te\u015fkilat yap\u0131lanmas\u0131na ili\u015fkin s\u00fcrecin bir par\u00e7as\u0131 oldu\u011fu belirtilirken, Tekirda\u011f\u2019daki geli\u015fmelerin parti taban\u0131nda yak\u0131ndan takip edildi\u011fi ifade ediliyor.<\/p>\n","protected":false},"excerpt":{"rendered":"<p>Cumhuriyet Halk Partisi\u2019nde (CHP) ya\u015fanan g\u00f6rev de\u011fi\u015fiklikleri kapsam\u0131nda Tekirda\u011f \u0130l Ba\u015fkanl\u0131\u011f\u0131\u2019nda da yeni bir atama&#8230;<\/p>\n","protected":false},"author":1,"featured_media":3061,"comment_status":"closed","ping_status":"closed","sticky":false,"template":"","format":"standard","meta":{"footnotes":""},"categories":[52],"tags":[],"ppma_author":[57],"class_list":["post-3060","post","type-post","status-publish","format-standard","has-post-thumbnail","hentry","category-politika"],"authors":[{"term_id":57,"user_id":1,"is_guest":0,"slug":"admin","display_name":"Alp Aslan","avatar_url":"https:\/\/secure.gravatar.com\/avatar\/07c18c5ad3350b025db8f3328450e071acb435c703e565899c880c63362f137a?s=96&d=mm&r=g","author_category":"1","first_name":"Alp Aslan","last_name":"ER\u0130N","user_url":"http:\/\/www.gundem59.com.tr","job_title":"","description":""}],"_links":{"self":[{"href":"https:\/\/gundem59.com.tr\/index.php?rest_route=\/wp\/v2\/posts\/3060","targetHints":{"allow":["GET"]}}],"collection":[{"href":"https:\/\/gundem59.com.tr\/index.php?rest_route=\/wp\/v2\/posts"}],"about":[{"href":"https:\/\/gundem59.com.tr\/index.php?rest_route=\/wp\/v2\/types\/post"}],"author":[{"embeddable":true,"href":"https:\/\/gundem59.com.tr\/index.php?rest_route=\/wp\/v2\/users\/1"}],"replies":[{"embeddable":true,"href":"https:\/\/gundem59.com.tr\/index.php?rest_route=%2Fwp%2Fv2%2Fcomments&post=3060"}],"version-history":[{"count":1,"href":"https:\/\/gundem59.com.tr\/index.php?rest_route=\/wp\/v2\/posts\/3060\/revisions"}],"predecessor-version":[{"id":3062,"href":"https:\/\/gundem59.com.tr\/index.php?rest_route=\/wp\/v2\/posts\/3060\/revisions\/3062"}],"wp:featuredmedia":[{"embeddable":true,"href":"https:\/\/gundem59.com.tr\/index.php?rest_route=\/wp\/v2\/media\/3061"}],"wp:attachment":[{"href":"https:\/\/gundem59.com.tr\/index.php?rest_route=%2Fwp%2Fv2%2Fmedia&parent=3060"}],"wp:term":[{"taxonomy":"category","embeddable":true,"href":"https:\/\/gundem59.com.tr\/index.php?rest_route=%2Fwp%2Fv2%2Fcategories&post=3060"},{"taxonomy":"post_tag","embeddable":true,"href":"https:\/\/gundem59.com.tr\/index.php?rest_route=%2Fwp%2Fv2%2Ftags&post=3060"},{"taxonomy":"author","embeddable":true,"href":"https:\/\/gundem59.com.tr\/index.php?rest_route=%2Fwp%2Fv2%2Fppma_author&post=3060"}],"curies":[{"name":"wp","href":"https:\/\/api.w.org\/{rel}","templated":true}]}}