{"id":3057,"date":"2026-07-11T10:16:05","date_gmt":"2026-07-11T10:16:05","guid":{"rendered":"https:\/\/gundem59.com.tr\/?p=3057"},"modified":"2026-07-11T10:16:06","modified_gmt":"2026-07-11T10:16:06","slug":"chp-tekirdagda-gorevden-alma-sonrasi-rest-tek-yumruk-olacagiz","status":"publish","type":"post","link":"https:\/\/gundem59.com.tr\/?p=3057","title":{"rendered":"CHP Tekirda\u011f\u2019da G\u00f6revden Alma Sonras\u0131 Rest: \u201cTek Yumruk Olaca\u011f\u0131z\u201d"},"content":{"rendered":"\n<p class=\"wp-block-paragraph\">CHP Tekirda\u011f \u0130l Ba\u015fkan\u0131 Cenk Bodu\u00e7&#8217;un g\u00f6revden al\u0131nmas\u0131n\u0131n ard\u0131ndan partide tart\u0131\u015fmalar b\u00fcy\u00fcyor. Tekirda\u011f B\u00fcy\u00fck\u015fehir Belediye Ba\u015fkan\u0131 Candan Y\u00fcceer ile g\u00f6revden al\u0131nan \u0130l Ba\u015fkan\u0131 Cenk Bodu\u00e7 pe\u015f pe\u015fe yapt\u0131klar\u0131 a\u00e7\u0131klamalarla karara sert tepki g\u00f6sterdi.<\/p>\n\n\n\n<p class=\"wp-block-paragraph\">Tekirda\u011f B\u00fcy\u00fck\u015fehir Belediye Ba\u015fkan\u0131 Candan Y\u00fcceer, g\u00f6revden alma karar\u0131n\u0131n yaln\u0131zca bir ki\u015fiyi hedef almad\u0131\u011f\u0131n\u0131 belirterek, bunun \u00f6rg\u00fct\u00fcn demokratik iradesine y\u00f6nelik bir m\u00fcdahale oldu\u011funu savundu.<\/p>\n\n\n\n<p class=\"wp-block-paragraph\">Y\u00fcceer a\u00e7\u0131klamas\u0131nda, \u201cSe\u00e7ilmi\u015f iradeyi g\u00f6revden almakla \u00f6rg\u00fct iradesi teslim al\u0131namaz\u201d ifadelerini kullanarak, CHP\u2019nin g\u00fcc\u00fcn\u00fc \u00fcyelerinden, \u00f6rg\u00fct\u00fcnden ve sand\u0131ktan ald\u0131\u011f\u0131n\u0131 vurgulad\u0131. Parti i\u00e7indeki sorunlar\u0131n demokratik s\u00fcre\u00e7ler i\u015fletilerek \u00e7\u00f6z\u00fclmesi gerekti\u011fini belirten Y\u00fcceer, Tekirda\u011f \u00f6rg\u00fct\u00fcn\u00fcn demokrasiye ve partinin k\u00f6kl\u00fc de\u011ferlerine sahip \u00e7\u0131kmaya devam edece\u011fini s\u00f6yledi.<\/p>\n\n\n\n<p class=\"wp-block-paragraph\">G\u00f6revden al\u0131nan CHP Tekirda\u011f \u0130l Ba\u015fkan\u0131 Cenk Bodu\u00e7 ise karar\u0131 \u201cantidemokratik bir operasyon\u201d olarak nitelendirdi. Bodu\u00e7, yay\u0131mlad\u0131\u011f\u0131 a\u00e7\u0131klamada g\u00f6reve atamayla de\u011fil, \u00f6rg\u00fct \u00fcyelerinin oylar\u0131yla geldiklerini belirterek, al\u0131nan karar\u0131 kabul etmediklerini ifade etti.<\/p>\n\n\n\n<p class=\"wp-block-paragraph\">Karar\u0131n halk\u0131n iradesine y\u00f6nelik bir m\u00fcdahale oldu\u011funu \u00f6ne s\u00fcren Bodu\u00e7, m\u00fccadeleye devam edeceklerini belirterek \u00f6rg\u00fct \u00fcyelerine \u00e7a\u011fr\u0131da bulundu. Bodu\u00e7, \u201cEme\u011fimize, sand\u0131\u011f\u0131m\u0131za ve gelece\u011fimize sahip \u00e7\u0131kmak ad\u0131na t\u00fcm \u00f6rg\u00fct\u00fcm\u00fcz\u00fc ve de\u011ferli Tekirda\u011f halk\u0131n\u0131 Tekirda\u011f \u0130l Ba\u015fkanl\u0131\u011f\u0131 binas\u0131 \u00f6n\u00fcnde tek yumruk olmaya davet ediyorum. M\u00fccadelemiz daha yeni ba\u015fl\u0131yor\u201d dedi.<\/p>\n\n\n\n<p class=\"wp-block-paragraph\">CHP Tekirda\u011f te\u015fkilat\u0131nda ya\u015fanan geli\u015fmelerin \u00f6n\u00fcm\u00fczdeki g\u00fcnlerde nas\u0131l bir tablo ortaya \u00e7\u0131karaca\u011f\u0131 merak edilirken, g\u00f6revden alma karar\u0131n\u0131n parti taban\u0131nda da geni\u015f yank\u0131 uyand\u0131rd\u0131\u011f\u0131 g\u00f6r\u00fcl\u00fcyor.<\/p>\n","protected":false},"excerpt":{"rendered":"<p>CHP Tekirda\u011f \u0130l Ba\u015fkan\u0131 Cenk Bodu\u00e7&#8217;un g\u00f6revden al\u0131nmas\u0131n\u0131n ard\u0131ndan partide tart\u0131\u015fmalar b\u00fcy\u00fcyor. Tekirda\u011f B\u00fcy\u00fck\u015fehir Belediye&#8230;<\/p>\n","protected":false},"author":1,"featured_media":3058,"comment_status":"closed","ping_status":"closed","sticky":false,"template":"","format":"standard","meta":{"footnotes":""},"categories":[52],"tags":[],"ppma_author":[57],"class_list":["post-3057","post","type-post","status-publish","format-standard","has-post-thumbnail","hentry","category-politika"],"authors":[{"term_id":57,"user_id":1,"is_guest":0,"slug":"admin","display_name":"Alp Aslan","avatar_url":"https:\/\/secure.gravatar.com\/avatar\/07c18c5ad3350b025db8f3328450e071acb435c703e565899c880c63362f137a?s=96&d=mm&r=g","author_category":"1","first_name":"Alp Aslan","last_name":"ER\u0130N","user_url":"http:\/\/www.gundem59.com.tr","job_title":"","description":""}],"_links":{"self":[{"href":"https:\/\/gundem59.com.tr\/index.php?rest_route=\/wp\/v2\/posts\/3057","targetHints":{"allow":["GET"]}}],"collection":[{"href":"https:\/\/gundem59.com.tr\/index.php?rest_route=\/wp\/v2\/posts"}],"about":[{"href":"https:\/\/gundem59.com.tr\/index.php?rest_route=\/wp\/v2\/types\/post"}],"author":[{"embeddable":true,"href":"https:\/\/gundem59.com.tr\/index.php?rest_route=\/wp\/v2\/users\/1"}],"replies":[{"embeddable":true,"href":"https:\/\/gundem59.com.tr\/index.php?rest_route=%2Fwp%2Fv2%2Fcomments&post=3057"}],"version-history":[{"count":1,"href":"https:\/\/gundem59.com.tr\/index.php?rest_route=\/wp\/v2\/posts\/3057\/revisions"}],"predecessor-version":[{"id":3059,"href":"https:\/\/gundem59.com.tr\/index.php?rest_route=\/wp\/v2\/posts\/3057\/revisions\/3059"}],"wp:featuredmedia":[{"embeddable":true,"href":"https:\/\/gundem59.com.tr\/index.php?rest_route=\/wp\/v2\/media\/3058"}],"wp:attachment":[{"href":"https:\/\/gundem59.com.tr\/index.php?rest_route=%2Fwp%2Fv2%2Fmedia&parent=3057"}],"wp:term":[{"taxonomy":"category","embeddable":true,"href":"https:\/\/gundem59.com.tr\/index.php?rest_route=%2Fwp%2Fv2%2Fcategories&post=3057"},{"taxonomy":"post_tag","embeddable":true,"href":"https:\/\/gundem59.com.tr\/index.php?rest_route=%2Fwp%2Fv2%2Ftags&post=3057"},{"taxonomy":"author","embeddable":true,"href":"https:\/\/gundem59.com.tr\/index.php?rest_route=%2Fwp%2Fv2%2Fppma_author&post=3057"}],"curies":[{"name":"wp","href":"https:\/\/api.w.org\/{rel}","templated":true}]}}