{"id":3054,"date":"2026-07-11T10:14:52","date_gmt":"2026-07-11T10:14:52","guid":{"rendered":"https:\/\/gundem59.com.tr\/?p=3054"},"modified":"2026-07-11T10:14:53","modified_gmt":"2026-07-11T10:14:53","slug":"chp-tekirdagda-il-ve-3-ilce-baskani-degisti","status":"publish","type":"post","link":"https:\/\/gundem59.com.tr\/?p=3054","title":{"rendered":"CHP Tekirda\u011f\u2019da \u0130l ve 3 \u0130l\u00e7e Ba\u015fkan\u0131 De\u011fi\u015fti"},"content":{"rendered":"\n<p class=\"wp-block-paragraph\">Cumhuriyet Halk Partisi&#8217;nde (CHP) ya\u015fanan genel ba\u015fkanl\u0131k s\u00fcrecinin ard\u0131ndan te\u015fkilatlarda g\u00f6rev de\u011fi\u015fiklikleri devam ediyor. Parti y\u00f6netiminde al\u0131nan kararlar do\u011frultusunda Tekirda\u011f&#8217;da il ve il\u00e7e ba\u015fkanl\u0131klar\u0131nda \u00f6nemli de\u011fi\u015fikliklere gidildi.<\/p>\n\n\n\n<p class=\"wp-block-paragraph\">Edinilen bilgilere g\u00f6re, CHP Tekirda\u011f \u0130l Ba\u015fkan\u0131 Cenk Bodu\u00e7 g\u00f6revden al\u0131n\u0131rken, yerine 22. D\u00f6nem CHP Tekirda\u011f Milletvekili Erdo\u011fan Kaplan atand\u0131. Tekirda\u011f&#8217;daki de\u011fi\u015fikliklerin, \u00fclke genelinde ger\u00e7ekle\u015ftirilen te\u015fkilat d\u00fczenlemeleri kapsam\u0131nda yap\u0131ld\u0131\u011f\u0131 \u00f6\u011frenildi.<\/p>\n\n\n\n<p class=\"wp-block-paragraph\">\u0130l ba\u015fkanl\u0131\u011f\u0131ndaki de\u011fi\u015fimin yan\u0131 s\u0131ra \u00fc\u00e7 il\u00e7ede de yeni g\u00f6revlendirmeler ger\u00e7ekle\u015ftirildi. CHP Genel Merkezi taraf\u0131ndan yap\u0131lan atamalar do\u011frultusunda Ozan Varan CHP S\u00fcleymanpa\u015fa \u0130l\u00e7e Ba\u015fkanl\u0131\u011f\u0131 g\u00f6revine, Mehmet \u015eahin Y\u0131lmaz CHP \u00c7erkezk\u00f6y \u0130l\u00e7e Ba\u015fkanl\u0131\u011f\u0131 g\u00f6revine ve Hakk\u0131 Can Al\u00e7an ise CHP Marmaraere\u011flisi \u0130l\u00e7e Ba\u015fkanl\u0131\u011f\u0131 g\u00f6revine getirildi.<\/p>\n\n\n\n<p class=\"wp-block-paragraph\">Parti te\u015fkilatlar\u0131nda yap\u0131lan yeni g\u00f6revlendirmelerin ard\u0131ndan il ve il\u00e7e ba\u015fkanlar\u0131n\u0131n \u00f6n\u00fcm\u00fczdeki g\u00fcnlerde g\u00f6revlerini devralarak \u00e7al\u0131\u015fmalar\u0131na ba\u015flamas\u0131 bekleniyor.<\/p>\n\n\n\n<p class=\"wp-block-paragraph\">CHP&#8217;de ya\u015fanan g\u00f6rev de\u011fi\u015fikliklerinin, parti i\u00e7indeki yeni d\u00f6nem yap\u0131lanmas\u0131 kapsam\u0131nda de\u011ferlendirildi\u011fi belirtilirken, Tekirda\u011f te\u015fkilat\u0131nda da yeni y\u00f6netimlerin sahadaki \u00e7al\u0131\u015fmalar\u0131n\u0131 k\u0131sa s\u00fcre i\u00e7erisinde h\u0131zland\u0131rmas\u0131 bekleniyor.<\/p>\n","protected":false},"excerpt":{"rendered":"<p>Cumhuriyet Halk Partisi&#8217;nde (CHP) ya\u015fanan genel ba\u015fkanl\u0131k s\u00fcrecinin ard\u0131ndan te\u015fkilatlarda g\u00f6rev de\u011fi\u015fiklikleri devam ediyor. Parti&#8230;<\/p>\n","protected":false},"author":1,"featured_media":3055,"comment_status":"closed","ping_status":"closed","sticky":false,"template":"","format":"standard","meta":{"footnotes":""},"categories":[52],"tags":[],"ppma_author":[57],"class_list":["post-3054","post","type-post","status-publish","format-standard","has-post-thumbnail","hentry","category-politika"],"authors":[{"term_id":57,"user_id":1,"is_guest":0,"slug":"admin","display_name":"Alp Aslan","avatar_url":"https:\/\/secure.gravatar.com\/avatar\/07c18c5ad3350b025db8f3328450e071acb435c703e565899c880c63362f137a?s=96&d=mm&r=g","author_category":"1","first_name":"Alp Aslan","last_name":"ER\u0130N","user_url":"http:\/\/www.gundem59.com.tr","job_title":"","description":""}],"_links":{"self":[{"href":"https:\/\/gundem59.com.tr\/index.php?rest_route=\/wp\/v2\/posts\/3054","targetHints":{"allow":["GET"]}}],"collection":[{"href":"https:\/\/gundem59.com.tr\/index.php?rest_route=\/wp\/v2\/posts"}],"about":[{"href":"https:\/\/gundem59.com.tr\/index.php?rest_route=\/wp\/v2\/types\/post"}],"author":[{"embeddable":true,"href":"https:\/\/gundem59.com.tr\/index.php?rest_route=\/wp\/v2\/users\/1"}],"replies":[{"embeddable":true,"href":"https:\/\/gundem59.com.tr\/index.php?rest_route=%2Fwp%2Fv2%2Fcomments&post=3054"}],"version-history":[{"count":1,"href":"https:\/\/gundem59.com.tr\/index.php?rest_route=\/wp\/v2\/posts\/3054\/revisions"}],"predecessor-version":[{"id":3056,"href":"https:\/\/gundem59.com.tr\/index.php?rest_route=\/wp\/v2\/posts\/3054\/revisions\/3056"}],"wp:featuredmedia":[{"embeddable":true,"href":"https:\/\/gundem59.com.tr\/index.php?rest_route=\/wp\/v2\/media\/3055"}],"wp:attachment":[{"href":"https:\/\/gundem59.com.tr\/index.php?rest_route=%2Fwp%2Fv2%2Fmedia&parent=3054"}],"wp:term":[{"taxonomy":"category","embeddable":true,"href":"https:\/\/gundem59.com.tr\/index.php?rest_route=%2Fwp%2Fv2%2Fcategories&post=3054"},{"taxonomy":"post_tag","embeddable":true,"href":"https:\/\/gundem59.com.tr\/index.php?rest_route=%2Fwp%2Fv2%2Ftags&post=3054"},{"taxonomy":"author","embeddable":true,"href":"https:\/\/gundem59.com.tr\/index.php?rest_route=%2Fwp%2Fv2%2Fppma_author&post=3054"}],"curies":[{"name":"wp","href":"https:\/\/api.w.org\/{rel}","templated":true}]}}