{"id":3051,"date":"2026-07-11T10:12:50","date_gmt":"2026-07-11T10:12:50","guid":{"rendered":"https:\/\/gundem59.com.tr\/?p=3051"},"modified":"2026-07-11T10:12:51","modified_gmt":"2026-07-11T10:12:51","slug":"asagida-haber-diliyle-duzenlenmis-metin-yer-aliyor","status":"publish","type":"post","link":"https:\/\/gundem59.com.tr\/?p=3051","title":{"rendered":"A\u015fa\u011f\u0131da haber diliyle d\u00fczenlenmi\u015f metin yer al\u0131yor:"},"content":{"rendered":"\n<h1 class=\"wp-block-heading\">\u00dcniversite \u00d6\u011frencilerini Fuh\u015fa Te\u015fvik \u0130ddias\u0131: 6 \u015e\u00fcpheli Adliyeye Sevk Edildi<\/h1>\n\n\n\n<p class=\"wp-block-paragraph\">Edirne merkezli olarak \u00fc\u00e7 ilde d\u00fczenlenen e\u015f zamanl\u0131 operasyonda, \u00fcniversite \u00f6\u011frencisi kad\u0131nlar\u0131 fuh\u015fa te\u015fvik ettikleri iddias\u0131yla g\u00f6zalt\u0131na al\u0131nan 6 \u015f\u00fcpheli adliyeye sevk edildi. Soru\u015fturma kapsam\u0131nda ortaya \u00e7\u0131kan detaylar ise dikkat \u00e7ekti.<\/p>\n\n\n\n<p class=\"wp-block-paragraph\">Edirne Cumhuriyet Ba\u015fsavc\u0131l\u0131\u011f\u0131 koordinesinde y\u00fcr\u00fct\u00fclen soru\u015fturma kapsam\u0131nda, Edirne \u0130l Emniyet M\u00fcd\u00fcrl\u00fc\u011f\u00fc Asayi\u015f \u015eube M\u00fcd\u00fcrl\u00fc\u011f\u00fc Ahlak B\u00fcro Amirli\u011fi ekipleri taraf\u0131ndan uzun s\u00fcredir teknik ve fiziki takip ger\u00e7ekle\u015ftirildi.<\/p>\n\n\n\n<p class=\"wp-block-paragraph\">Yap\u0131lan \u00e7al\u0131\u015fmalar sonucunda, \u015f\u00fcphelilerin de\u015fifre olmamak amac\u0131yla ileti\u015fimlerini yurt d\u0131\u015f\u0131 kay\u0131tl\u0131 telefon hatlar\u0131 \u00fczerinden kulland\u0131klar\u0131 WhatsApp uygulamas\u0131 arac\u0131l\u0131\u011f\u0131yla y\u00fcr\u00fctt\u00fckleri belirlendi. Ayr\u0131ca \u015f\u00fcphelilerin, fuh\u015fa te\u015fvik ettikleri \u00f6ne s\u00fcr\u00fclen \u00fcniversite \u00f6\u011frencisi kad\u0131nlar i\u00e7in \u00e7e\u015fitli meyve isimlerini kod ad\u0131 olarak kulland\u0131klar\u0131 tespit edildi.<\/p>\n\n\n\n<p class=\"wp-block-paragraph\">Soru\u015fturma dosyas\u0131nda yer alan bilgilere g\u00f6re, \u015f\u00fcphelilerin kad\u0131nlara \u201c\u015feftali\u201d ba\u015fta olmak \u00fczere farkl\u0131 meyve isimleriyle hitap ettikleri, m\u00fc\u015fteri temini amac\u0131yla haz\u0131rlad\u0131klar\u0131 payla\u015f\u0131mlarda ise kad\u0131nlar\u0131n y\u00fczlerini meyve emojileriyle kapatarak WhatsApp durum b\u00f6l\u00fcm\u00fcnde yay\u0131nlad\u0131klar\u0131 ileri s\u00fcr\u00fcld\u00fc.<\/p>\n\n\n\n<p class=\"wp-block-paragraph\">Elde edilen deliller do\u011frultusunda Edirne merkezli \u00fc\u00e7 ilde e\u015f zamanl\u0131 operasyon d\u00fczenleyen ekipler, 6 \u015f\u00fcpheliyi g\u00f6zalt\u0131na ald\u0131. Emniyetteki i\u015flemleri tamamlanan \u015f\u00fcpheliler, geni\u015f g\u00fcvenlik \u00f6nlemleri alt\u0131nda adliyeye sevk edildi.<\/p>\n\n\n\n<p class=\"wp-block-paragraph\">Olayla ilgili soru\u015fturman\u0131n s\u00fcrd\u00fc\u011f\u00fc \u00f6\u011frenildi.<\/p>\n\n\n\n<p class=\"wp-block-paragraph\">\u0130stersen bunu daha sert man\u015fetli magazin\/polis-adliye haberi format\u0131nda da d\u00fczenleyebilirim.<\/p>\n","protected":false},"excerpt":{"rendered":"<p>\u00dcniversite \u00d6\u011frencilerini Fuh\u015fa Te\u015fvik \u0130ddias\u0131: 6 \u015e\u00fcpheli Adliyeye Sevk Edildi Edirne merkezli olarak \u00fc\u00e7 ilde&#8230;<\/p>\n","protected":false},"author":1,"featured_media":3052,"comment_status":"closed","ping_status":"closed","sticky":false,"template":"","format":"standard","meta":{"footnotes":""},"categories":[56],"tags":[],"ppma_author":[57],"class_list":["post-3051","post","type-post","status-publish","format-standard","has-post-thumbnail","hentry","category-guncel"],"authors":[{"term_id":57,"user_id":1,"is_guest":0,"slug":"admin","display_name":"Alp Aslan","avatar_url":"https:\/\/secure.gravatar.com\/avatar\/07c18c5ad3350b025db8f3328450e071acb435c703e565899c880c63362f137a?s=96&d=mm&r=g","author_category":"1","first_name":"Alp Aslan","last_name":"ER\u0130N","user_url":"http:\/\/www.gundem59.com.tr","job_title":"","description":""}],"_links":{"self":[{"href":"https:\/\/gundem59.com.tr\/index.php?rest_route=\/wp\/v2\/posts\/3051","targetHints":{"allow":["GET"]}}],"collection":[{"href":"https:\/\/gundem59.com.tr\/index.php?rest_route=\/wp\/v2\/posts"}],"about":[{"href":"https:\/\/gundem59.com.tr\/index.php?rest_route=\/wp\/v2\/types\/post"}],"author":[{"embeddable":true,"href":"https:\/\/gundem59.com.tr\/index.php?rest_route=\/wp\/v2\/users\/1"}],"replies":[{"embeddable":true,"href":"https:\/\/gundem59.com.tr\/index.php?rest_route=%2Fwp%2Fv2%2Fcomments&post=3051"}],"version-history":[{"count":1,"href":"https:\/\/gundem59.com.tr\/index.php?rest_route=\/wp\/v2\/posts\/3051\/revisions"}],"predecessor-version":[{"id":3053,"href":"https:\/\/gundem59.com.tr\/index.php?rest_route=\/wp\/v2\/posts\/3051\/revisions\/3053"}],"wp:featuredmedia":[{"embeddable":true,"href":"https:\/\/gundem59.com.tr\/index.php?rest_route=\/wp\/v2\/media\/3052"}],"wp:attachment":[{"href":"https:\/\/gundem59.com.tr\/index.php?rest_route=%2Fwp%2Fv2%2Fmedia&parent=3051"}],"wp:term":[{"taxonomy":"category","embeddable":true,"href":"https:\/\/gundem59.com.tr\/index.php?rest_route=%2Fwp%2Fv2%2Fcategories&post=3051"},{"taxonomy":"post_tag","embeddable":true,"href":"https:\/\/gundem59.com.tr\/index.php?rest_route=%2Fwp%2Fv2%2Ftags&post=3051"},{"taxonomy":"author","embeddable":true,"href":"https:\/\/gundem59.com.tr\/index.php?rest_route=%2Fwp%2Fv2%2Fppma_author&post=3051"}],"curies":[{"name":"wp","href":"https:\/\/api.w.org\/{rel}","templated":true}]}}