{"id":3046,"date":"2026-07-11T10:09:17","date_gmt":"2026-07-11T10:09:17","guid":{"rendered":"https:\/\/gundem59.com.tr\/?p=3046"},"modified":"2026-07-11T10:09:58","modified_gmt":"2026-07-11T10:09:58","slug":"buyuksehirden-turkiyenin-en-pahali-3-ili-iddiasina-yanit","status":"publish","type":"post","link":"https:\/\/gundem59.com.tr\/?p=3046","title":{"rendered":"B\u00fcy\u00fck\u015fehirden \u201cT\u00fcrkiye\u2019nin En Pahal\u0131 3. \u0130li\u201d \u0130ddias\u0131na Yan\u0131t"},"content":{"rendered":"\n<p class=\"wp-block-paragraph\">Tekirda\u011f\u2019da toplu ula\u015f\u0131m \u00fccretlerine yap\u0131lan zam sonras\u0131 g\u00fcndeme gelen \u201cT\u00fcrkiye\u2019nin en pahal\u0131 \u00fc\u00e7\u00fcnc\u00fc ili\u201d iddias\u0131na Tekirda\u011f B\u00fcy\u00fck\u015fehir Belediyesi\u2019nden a\u00e7\u0131klama geldi. Belediye, b\u00fcy\u00fck\u015fehirlerdeki g\u00fcncel toplu ta\u015f\u0131ma tarifelerini kar\u015f\u0131la\u015ft\u0131ran bir tablo payla\u015farak s\u00f6z konusu haberlerin ger\u00e7e\u011fi yans\u0131tmad\u0131\u011f\u0131n\u0131 savundu.<\/p>\n\n\n\n<p class=\"wp-block-paragraph\">A\u011fustos ay\u0131ndan itibaren ge\u00e7erli olacak yeni tarifeyle Tekirda\u011f\u2019da tam bini\u015f \u00fccretinin 39 TL\u2019ye y\u00fckselmesi kamuoyunda tart\u0131\u015fmalara neden olmu\u015ftu. Baz\u0131 haberlerde Tekirda\u011f\u2019\u0131n toplu ula\u015f\u0131mda T\u00fcrkiye\u2019nin en pahal\u0131 \u00fc\u00e7\u00fcnc\u00fc ili oldu\u011fu \u00f6ne s\u00fcr\u00fcl\u00fcrken, B\u00fcy\u00fck\u015fehir Belediyesi bu de\u011ferlendirmeye itiraz etti.<\/p>\n\n\n\n<h3 class=\"wp-block-heading\">Tekirda\u011f Bir\u00e7ok B\u00fcy\u00fck\u015fehrin Gerisinde Kald\u0131<\/h3>\n\n\n\n<p class=\"wp-block-paragraph\">Belediye taraf\u0131ndan payla\u015f\u0131lan verilere g\u00f6re tam bini\u015f \u00fccretlerinde en y\u00fcksek tarifeyi uygulayan iller 42 TL ile Mu\u011fla, \u0130stanbul ve Antalya oldu. Bu illeri 40 TL ile Eski\u015fehir ve Bursa takip ederken, Gaziantep 39,50 TL ile listenin \u00fcst s\u0131ralar\u0131nda yer ald\u0131.<\/p>\n\n\n\n<p class=\"wp-block-paragraph\">Tekirda\u011f ise 39 TL\u2019lik tam bini\u015f \u00fccretiyle Kayseri ve Adana ile ayn\u0131 seviyede bulunuyor.<\/p>\n\n\n\n<h4 class=\"wp-block-heading\">G\u00fcncel Tam Bini\u015f \u00dccretleri<\/h4>\n\n\n\n<figure class=\"wp-block-table\"><table class=\"has-fixed-layout\"><thead><tr><th>\u0130l<\/th><th>Tam Bini\u015f \u00dccreti<\/th><\/tr><\/thead><tbody><tr><td>Mu\u011fla<\/td><td>42 TL<\/td><\/tr><tr><td>\u0130stanbul<\/td><td>42 TL<\/td><\/tr><tr><td>Antalya<\/td><td>42 TL<\/td><\/tr><tr><td>Eski\u015fehir<\/td><td>40 TL<\/td><\/tr><tr><td>Bursa<\/td><td>40 TL<\/td><\/tr><tr><td>Gaziantep<\/td><td>39,50 TL<\/td><\/tr><tr><td>Tekirda\u011f<\/td><td>39 TL<\/td><\/tr><tr><td>Kayseri<\/td><td>39 TL<\/td><\/tr><tr><td>Adana<\/td><td>39 TL<\/td><\/tr><\/tbody><\/table><\/figure>\n\n\n\n<h3 class=\"wp-block-heading\">\u00d6\u011frenci Tarifelerinde de \u0130lk S\u0131rada De\u011fil<\/h3>\n\n\n\n<p class=\"wp-block-paragraph\">\u00d6\u011frenci tarifelerinde de Tekirda\u011f\u2019\u0131n bir\u00e7ok ilin gerisinde kald\u0131\u011f\u0131 g\u00f6r\u00fcld\u00fc. Tekirda\u011f\u2019da \u00f6\u011frenci bileti 20 TL olarak uygulan\u0131rken, \u0130stanbul\u2019da 20,50 TL, Mu\u011fla\u2019da 21 TL ve Kayseri\u2019de 21,50 TL seviyesinde bulunuyor.<\/p>\n\n\n\n<h3 class=\"wp-block-heading\">\u201c\u0130ddialar G\u00fcncel Verileri Yans\u0131tm\u0131yor\u201d<\/h3>\n\n\n\n<p class=\"wp-block-paragraph\">Tekirda\u011f B\u00fcy\u00fck\u015fehir Belediyesi taraf\u0131ndan yap\u0131lan a\u00e7\u0131klamada, kamuoyunda yer alan \u201cTekirda\u011f, T\u00fcrkiye\u2019de toplu ula\u015f\u0131m\u0131n en pahal\u0131 \u00fc\u00e7\u00fcnc\u00fc ili oldu\u201d y\u00f6n\u00fcndeki de\u011ferlendirmelerin g\u00fcncel tarifeler dikkate al\u0131nmadan yap\u0131ld\u0131\u011f\u0131 ifade edildi.<\/p>\n\n\n\n<p class=\"wp-block-paragraph\">Belediye, kar\u015f\u0131la\u015ft\u0131rman\u0131n b\u00fcy\u00fck\u015fehir belediyelerinin y\u00fcr\u00fcrl\u00fckteki ula\u015f\u0131m tarifeleri esas al\u0131narak haz\u0131rland\u0131\u011f\u0131n\u0131 belirterek, Tekirda\u011f\u2019\u0131n y\u00fcksek \u00fccret uygulayan iller aras\u0131nda yer almakla birlikte, \u0130stanbul, Mu\u011fla, Antalya, Eski\u015fehir ve Bursa\u2019n\u0131n gerisinde bulundu\u011funu vurgulad\u0131.<\/p>\n\n\n\n<p class=\"wp-block-paragraph\">Payla\u015f\u0131lan veriler, Tekirda\u011f\u2019\u0131n toplu ula\u015f\u0131m \u00fccretlerinde \u00fcst s\u0131ralarda yer ald\u0131\u011f\u0131n\u0131 ancak \u201cT\u00fcrkiye\u2019nin en pahal\u0131 \u00fc\u00e7\u00fcnc\u00fc ili\u201d oldu\u011fu y\u00f6n\u00fcndeki iddian\u0131n mevcut tarifelerle \u00f6rt\u00fc\u015fmedi\u011fini ortaya koydu.<\/p>\n\n\n\n<figure class=\"wp-block-image size-large\"><img  title=\"\" loading=\"lazy\" decoding=\"async\" width=\"1024\" height=\"576\" src=\"https:\/\/gundem59.com.tr\/wp-content\/uploads\/2026\/07\/pahali-il-2-1024x576.webp\"  alt=\"pahali-il-2-1024x576 B\u00fcy\u00fck\u015fehirden \u201cT\u00fcrkiye\u2019nin En Pahal\u0131 3. \u0130li\u201d \u0130ddias\u0131na Yan\u0131t\"  class=\"wp-image-3049\" srcset=\"https:\/\/gundem59.com.tr\/wp-content\/uploads\/2026\/07\/pahali-il-2-1024x576.webp 1024w, https:\/\/gundem59.com.tr\/wp-content\/uploads\/2026\/07\/pahali-il-2-300x169.webp 300w, https:\/\/gundem59.com.tr\/wp-content\/uploads\/2026\/07\/pahali-il-2-768x432.webp 768w, https:\/\/gundem59.com.tr\/wp-content\/uploads\/2026\/07\/pahali-il-2.webp 1280w\" sizes=\"auto, (max-width: 1024px) 100vw, 1024px\" \/><\/figure>\n","protected":false},"excerpt":{"rendered":"<p>Tekirda\u011f\u2019da toplu ula\u015f\u0131m \u00fccretlerine yap\u0131lan zam sonras\u0131 g\u00fcndeme gelen \u201cT\u00fcrkiye\u2019nin en pahal\u0131 \u00fc\u00e7\u00fcnc\u00fc ili\u201d iddias\u0131na&#8230;<\/p>\n","protected":false},"author":1,"featured_media":3047,"comment_status":"closed","ping_status":"closed","sticky":false,"template":"","format":"standard","meta":{"footnotes":""},"categories":[56],"tags":[],"ppma_author":[57],"class_list":["post-3046","post","type-post","status-publish","format-standard","has-post-thumbnail","hentry","category-guncel"],"authors":[{"term_id":57,"user_id":1,"is_guest":0,"slug":"admin","display_name":"Alp Aslan","avatar_url":"https:\/\/secure.gravatar.com\/avatar\/07c18c5ad3350b025db8f3328450e071acb435c703e565899c880c63362f137a?s=96&d=mm&r=g","author_category":"1","first_name":"Alp Aslan","last_name":"ER\u0130N","user_url":"http:\/\/www.gundem59.com.tr","job_title":"","description":""}],"_links":{"self":[{"href":"https:\/\/gundem59.com.tr\/index.php?rest_route=\/wp\/v2\/posts\/3046","targetHints":{"allow":["GET"]}}],"collection":[{"href":"https:\/\/gundem59.com.tr\/index.php?rest_route=\/wp\/v2\/posts"}],"about":[{"href":"https:\/\/gundem59.com.tr\/index.php?rest_route=\/wp\/v2\/types\/post"}],"author":[{"embeddable":true,"href":"https:\/\/gundem59.com.tr\/index.php?rest_route=\/wp\/v2\/users\/1"}],"replies":[{"embeddable":true,"href":"https:\/\/gundem59.com.tr\/index.php?rest_route=%2Fwp%2Fv2%2Fcomments&post=3046"}],"version-history":[{"count":2,"href":"https:\/\/gundem59.com.tr\/index.php?rest_route=\/wp\/v2\/posts\/3046\/revisions"}],"predecessor-version":[{"id":3050,"href":"https:\/\/gundem59.com.tr\/index.php?rest_route=\/wp\/v2\/posts\/3046\/revisions\/3050"}],"wp:featuredmedia":[{"embeddable":true,"href":"https:\/\/gundem59.com.tr\/index.php?rest_route=\/wp\/v2\/media\/3047"}],"wp:attachment":[{"href":"https:\/\/gundem59.com.tr\/index.php?rest_route=%2Fwp%2Fv2%2Fmedia&parent=3046"}],"wp:term":[{"taxonomy":"category","embeddable":true,"href":"https:\/\/gundem59.com.tr\/index.php?rest_route=%2Fwp%2Fv2%2Fcategories&post=3046"},{"taxonomy":"post_tag","embeddable":true,"href":"https:\/\/gundem59.com.tr\/index.php?rest_route=%2Fwp%2Fv2%2Ftags&post=3046"},{"taxonomy":"author","embeddable":true,"href":"https:\/\/gundem59.com.tr\/index.php?rest_route=%2Fwp%2Fv2%2Fppma_author&post=3046"}],"curies":[{"name":"wp","href":"https:\/\/api.w.org\/{rel}","templated":true}]}}